{"id":51820,"date":"2024-12-13T15:00:21","date_gmt":"2024-12-13T15:00:21","guid":{"rendered":"https:\/\/puntoapunto.com.ar\/?p=368311"},"modified":"2024-12-13T15:00:21","modified_gmt":"2024-12-13T15:00:21","slug":"szumik-llega-al-corredor-colon-y-prepara-nuevas-aperturas","status":"publish","type":"post","link":"http:\/\/nuevacordoba.net\/index.php\/2024\/12\/13\/szumik-llega-al-corredor-colon-y-prepara-nuevas-aperturas\/","title":{"rendered":"Szumik llega al corredor Col\u00f3n y prepara nuevas aperturas"},"content":{"rendered":"<div><img src=\"http:\/\/nuevacordoba.net\/wp-content\/uploads\/2024\/12\/szumik-llega-al-corredor-colon-y-prepara-nuevas-aperturas.jpg\" class=\"ff-og-image-inserted\"><\/div>\n<p>La cadena de pinturer\u00edas con m\u00e1s de 60 a\u00f1os de trayectoria en el mercado local, acaba de inaugurar la sucursal n\u00famero 20 en la esquina de Av. Col\u00f3n y Cayetano Silva y analiza nuevas zonas en la ciudad y el Gran C\u00f3rdoba para seguir creciendo.<\/p>\n<p>\u201cEl corredor de la Av. Col\u00f3n era un punto estrat\u00e9gico que est\u00e1bamos buscando para tener presencia. Es un sector con un potencial enorme donde ten\u00edamos que estar para ofrecer a todos los clientes nuestros productos y servicios\u201d, se\u00f1ala Gustavo Szumik, director general de la empresa.<\/p>\n<p>El flamante local de 200m2 que demand\u00f3 una inversi\u00f3n cercana a los US$ 150.000 tiene un dise\u00f1o moderno y una est\u00e9tica que \u201cinvita\u201d al p\u00fablico a una novedosa experiencia de compra.<\/p>\n<p>En la actualidad Szumik tiene un portfolio de m\u00e1s de 10.000 art\u00edculos diferentes, entre las distintas l\u00edneas de productos que ofrecen: pinturas para hogar y obra, revestimientos pl\u00e1sticos, pinturas industriales y automotrices.<\/p>\n<p>\u201cA lo largo de estas 6 d\u00e9cadas nunca dejamos de crecer a pesar de los vaivenes de la econom\u00eda. Fuimos muy vers\u00e1tiles a los cambios, siempre supimos adaptarnos a los tiempos que corren. Hoy tenemos 18 locales propios y dos franquicias, para llegar a las 20 bocas actuales. Contamos con presencia en C\u00f3rdoba, Alta Gracia, Carlos Paz y Villa Mar\u00eda y seguimos trabajando de manera muy fuerte para potenciar el e-commerce, ya que observamos que cada vez m\u00e1s p\u00fablico elige este medio de compra\u201d, agrega Szumik.<\/p>\n<p>Alba, Color\u00edn y Plavicon, son las 3 marcas lideres con la cuales trabaja Szumik que comercializa anualmente m\u00e1s de 1.000.000 litros de pinturas.<\/p>\n<p>En Szumik se pueden encontrar, adem\u00e1s de pinturas, revestimientos, epoxis y poliuretanos, diluyentes, accesorios, herramientas y m\u00e1quinas para pintar.<\/p>\n<p>\u201cTenemos una visi\u00f3n estrat\u00e9gica de seguir creciendo. Es clave en un mercado tan competitivo como el de las pinturas. Para el 2025, estamos analizando nuevas aperturas en zonas como Valle Escondido, especialmente Av. Gandhi, en Docta y en Manantiales, es all\u00ed donde vamos a poner el foco, ya sea con locales propios o franquicias. Tenemos oportunidades de nuevos negocios no solo con el sector de la construcci\u00f3n, sino tambi\u00e9n con todo lo relacionado a la decoraci\u00f3n\u201d, subraya el director de Szumik.<\/p>\n<p>Al momento de destacar las fortalezas de la cadena, Gustavo Szumik es contundente: \u201ctenemos calidad y variedad de productos, brindamos asesor\u00eda t\u00e9cnica especializada a cargo de expertos en pintura, ofrecemos log\u00edstica y distribuci\u00f3n en toda la ciudad y alrededores, disponemos de acopio para las empresas, ofrecemos los mejores descuentos y amplia financiaci\u00f3n y nuestro soporte posventa cuenta con t\u00e9cnicos para la correcta aplicaci\u00f3n de los productos. Somos unos agradecidos de esta ciudad y de todos los cordobeses que desde hace 60 a\u00f1os nos eligen\u201d.<\/p>\n","protected":false},"excerpt":{"rendered":"<p>La cadena de pinturer\u00edas con m\u00e1s de 60 a\u00f1os de trayectoria en el mercado local, acaba de inaugurar la sucursal n\u00famero 20 en la esquina de Av. Col\u00f3n y Cayetano Silva y analiza nuevas zonas en la ciudad y el Gran C\u00f3rdoba para seguir creciendo. \u201cEl corredor de la Av. Col\u00f3n era un punto estrat\u00e9gico [&hellip;]<\/p>\n","protected":false},"author":1,"featured_media":51821,"comment_status":"open","ping_status":"closed","sticky":false,"template":"","format":"standard","meta":[],"categories":[14],"tags":[],"_links":{"self":[{"href":"http:\/\/nuevacordoba.net\/index.php\/wp-json\/wp\/v2\/posts\/51820"}],"collection":[{"href":"http:\/\/nuevacordoba.net\/index.php\/wp-json\/wp\/v2\/posts"}],"about":[{"href":"http:\/\/nuevacordoba.net\/index.php\/wp-json\/wp\/v2\/types\/post"}],"author":[{"embeddable":true,"href":"http:\/\/nuevacordoba.net\/index.php\/wp-json\/wp\/v2\/users\/1"}],"replies":[{"embeddable":true,"href":"http:\/\/nuevacordoba.net\/index.php\/wp-json\/wp\/v2\/comments?post=51820"}],"version-history":[{"count":0,"href":"http:\/\/nuevacordoba.net\/index.php\/wp-json\/wp\/v2\/posts\/51820\/revisions"}],"wp:featuredmedia":[{"embeddable":true,"href":"http:\/\/nuevacordoba.net\/index.php\/wp-json\/wp\/v2\/media\/51821"}],"wp:attachment":[{"href":"http:\/\/nuevacordoba.net\/index.php\/wp-json\/wp\/v2\/media?parent=51820"}],"wp:term":[{"taxonomy":"category","embeddable":true,"href":"http:\/\/nuevacordoba.net\/index.php\/wp-json\/wp\/v2\/categories?post=51820"},{"taxonomy":"post_tag","embeddable":true,"href":"http:\/\/nuevacordoba.net\/index.php\/wp-json\/wp\/v2\/tags?post=51820"}],"curies":[{"name":"wp","href":"https:\/\/api.w.org\/{rel}","templated":true}]}}