{"id":51824,"date":"2024-12-13T23:23:34","date_gmt":"2024-12-13T23:23:34","guid":{"rendered":"https:\/\/www.ole.com.ar\/autos\/emotiva-despedida-lewis-hamilton-mercedes-formula1_0_7z3R4OYK1t.html"},"modified":"2024-12-13T23:23:34","modified_gmt":"2024-12-13T23:23:34","slug":"fin-de-la-era-mas-gloriosa-asi-fue-la-emotiva-despedida-de-lewis-hamilton-de-mercedes","status":"publish","type":"post","link":"http:\/\/nuevacordoba.net\/index.php\/2024\/12\/13\/fin-de-la-era-mas-gloriosa-asi-fue-la-emotiva-despedida-de-lewis-hamilton-de-mercedes\/","title":{"rendered":"Fin de la era m\u00e1s gloriosa: as\u00ed fue la emotiva despedida de Lewis Hamilton de Mercedes"},"content":{"rendered":"<p><time class=\"createDate\" datetime=\"2024-12-13T20:23:34-03:00\">13\/12\/2024 20:23hs.<\/time><\/p>\n<div id=\"storyBody\">\n<div class=\"custom-text \" readability=\"40\">\n<p>El momento m\u00e1s emotivo finalmente lleg\u00f3. <strong>Lewis Hamilton se despidi\u00f3 de Mercedes<\/strong>, rodeado de su gente, abraz\u00e1ndose con Toto Wolff y George Russell. En una escena ic\u00f3nica, el brit\u00e1nico nacido en Stevenage se subi\u00f3 a un auto de la marca alemana por \u00faltima vez, aunque como pasajero, mientras el conductor llevaba al heptacampe\u00f3n a recorrer la salida de las instalaciones bajo un <strong>espect\u00e1culo de fuegos artificiales que marcaba el final de una era<\/strong>.<\/p>\n<\/div>\n<div class=\"custom-text \" readability=\"40\">\n<p>Durante una conferencia junto al equipo, la leyenda de la <strong>F\u00f3rmula 1<\/strong> agradeci\u00f3 profundamente el apoyo que recibi\u00f3 a lo largo de estos a\u00f1os. \u00ab<strong>Mercedes cambi\u00f3 mi vida<\/strong>. Crec\u00ed so\u00f1ando con alg\u00fan d\u00eda estar en la F1 y ser campe\u00f3n del mundo. Y definitivamente, en ese entonces, solo \u00e9ramos mis dos padres y yo. No sab\u00eda que habr\u00eda un mont\u00f3n de personas incre\u00edbles con las que trabajar\u00eda, que ser\u00edan las que me levantar\u00edan y me llevar\u00edan en este viaje para ganar algo as\u00ed\u00bb, expres\u00f3 -emocionado- ante los empleados y directivos del equipo.<\/p>\n<\/div>\n<div class=\"custom-text \" readability=\"39\">\n<p>\u00abSiempre estar\u00e9 mirando las pantallas para ver c\u00f3mo les va y les desear\u00e9 lo mejor. Seguir\u00e9 creyendo en ustedes. Y cuando tengan ese \u00e9xito, estar\u00e9 muy orgulloso. Much\u00edsimas gracias y todo mi cari\u00f1o. <strong>Espero, como dije muchas veces, que en los pr\u00f3ximos a\u00f1os pueda volver y verlos a todos<\/strong>\u00ab, cerr\u00f3 el flamante refuerzo de Ferrari a partir de 2025.<\/p>\n<\/div>\n<div class=\"sc-e7b891c4-0 ifHnQL image-embed\"><img alt=\"Hamilton dejar\u00e1 Mercedes tras 12 a\u00f1os para arribar a Ferrari. (AP)\" loading=\"lazy\" width=\"720\" height=\"100\" decoding=\"async\" data-nimg=\"1\" src=\"http:\/\/nuevacordoba.net\/wp-content\/uploads\/2024\/12\/fin-de-la-era-mas-gloriosa-asi-fue-la-emotiva-despedida-de-lewis-hamilton-de-mercedes.jpg\"><span class=\"epigraphe\">Hamilton dejar\u00e1 Mercedes tras 12 a\u00f1os para arribar a Ferrari. (AP)<\/span><\/div>\n<div class=\"custom-text \" readability=\"41\">\n<p>Hamilton, quien lleg\u00f3 a Mercedes en 2013 para reemplazar a Michael Schumacher (ni m\u00e1s ni menos), deja un legado dif\u00edcil de igualar: <strong>seis campeonatos del mundo, 105 carreras ganadas y m\u00faltiples r\u00e9cords que lo consolidan como uno de los mejores pilotos de toda la historia<\/strong>. Ahora, afrontar\u00e1 un nuevo desaf\u00edo en la ic\u00f3nica escuder\u00eda italiana, marcando el inicio de una nueva etapa en su carrera, donde tendr\u00e1 al monegasco Charles Leclerc como compa\u00f1ero.<\/p>\n<\/div>\n<div class=\"custom-text \" readability=\"42\">\n<p><strong>\u00abSiempre ser\u00e1s parte de nuestra historia\u00bb<\/strong>, escribi\u00f3 Mercedes en sus redes sociales. Y es que, aunque Lewis se vista de rojo el pr\u00f3ximo a\u00f1o, siempre ser\u00e1 recordado como el coraz\u00f3n de la \u00e9poca dorada del equipo alem\u00e1n, que apostar\u00e1 por Kimi Antonelli, el chico de 18 a\u00f1os proveniente de la F2, como su reemplazante. En tanto, Russell seguir\u00e1 siendo parte de la dupla titular y deber\u00e1 guiar al joven en su trayecto en la M\u00e1xima.<\/p>\n<\/div>\n<div class=\"sc-e7b891c4-0 ifHnQL image-embed\"><img alt=\"La emoci\u00f3n de Hamilton tras su \u00faltima carrera para Mercedes.\" loading=\"lazy\" width=\"720\" height=\"100\" decoding=\"async\" data-nimg=\"1\" src=\"http:\/\/nuevacordoba.net\/wp-content\/uploads\/2024\/12\/fin-de-la-era-mas-gloriosa-asi-fue-la-emotiva-despedida-de-lewis-hamilton-de-mercedes-1.jpg\"><span class=\"epigraphe\">La emoci\u00f3n de Hamilton tras su \u00faltima carrera para Mercedes.<\/span><\/div>\n<p><h2><strong>La prelista de la F\u00f3rmula 1 para 2025<\/strong><\/h2>\n<\/p>\n<div class=\"custom-text \">\n<ul>\n<li>McLaren: Oscar Piastri (#81) y Lando Norris (#4)<\/li>\n<li>Red Bull: Max Verstappen (#1) y Sergio P\u00e9rez (#11)<\/li>\n<li>Ferrari: Charles Leclerc (#16) y Lewis Hamilton (#44)<\/li>\n<li>Mercedes: George Russell (#63) y Andrea Kimi Antonelli (#12)<\/li>\n<li>Aston Martin: Lance Stroll (#18) y Fernando Alonso (#14)<\/li>\n<li>Alpine: Pierre Gasly (#10) y Jack Doohan (#7)<\/li>\n<li>Racing Bulls: Yuki Tsunoda (#22) y un piloto a confirmar<\/li>\n<li>Haas: Esteban Ocon (#31) y Oliver Bearman (#87)<\/li>\n<li>Williams: Alexander Albon (#23) y Carlos Sainz (#55)<\/li>\n<li>Sauber: Nico Hulkenberg (#27) y Gabriel Bortoleto (#5)<\/li>\n<\/ul>\n<\/div>\n<div class=\"sc-e7b891c4-0 ifHnQL image-embed\"><img alt=\"Hamilton y Leclerc, la dupla de Ferrari para 2025.\" loading=\"lazy\" width=\"720\" height=\"100\" decoding=\"async\" data-nimg=\"1\" src=\"http:\/\/nuevacordoba.net\/wp-content\/uploads\/2024\/12\/fin-de-la-era-mas-gloriosa-asi-fue-la-emotiva-despedida-de-lewis-hamilton-de-mercedes-2.jpg\"><span class=\"epigraphe\">Hamilton y Leclerc, la dupla de Ferrari para 2025.<\/span><\/div>\n<div class=\"sc-a7166897-0 eoLsBE\" readability=\"6\">\n<section readability=\"2\"><picture><img alt=\"Lo echaron de la F1 y podr\u00eda volver como figura de un equipo\" loading=\"lazy\" width=\"290\" height=\"290\" decoding=\"async\" data-nimg=\"1\" src=\"http:\/\/nuevacordoba.net\/wp-content\/uploads\/2024\/12\/fin-de-la-era-mas-gloriosa-asi-fue-la-emotiva-despedida-de-lewis-hamilton-de-mercedes-3.jpg\"><\/picture>\n<p><span>Mir\u00e1 tambi\u00e9n<\/span><\/p>\n<hr>\n<h3>Lo echaron de la F1 y podr\u00eda volver como figura de un equipo<\/h3>\n<\/p>\n<\/section>\n<\/div>\n<div class=\"sc-a7166897-0 eoLsBE\" readability=\"6.5\">\n<section readability=\"3\"><picture><img alt=\"Varrone, tras su prueba en la F\u00f3rmula 2: &quot;Las puertas est\u00e1n abiertas&quot;\" loading=\"lazy\" width=\"290\" height=\"290\" decoding=\"async\" data-nimg=\"1\" src=\"http:\/\/nuevacordoba.net\/wp-content\/uploads\/2024\/12\/fin-de-la-era-mas-gloriosa-asi-fue-la-emotiva-despedida-de-lewis-hamilton-de-mercedes-4.jpg\"><\/picture>\n<p><span>Mir\u00e1 tambi\u00e9n<\/span><\/p>\n<hr>\n<h3>Varrone, tras su prueba en la F\u00f3rmula 2: \u00abLas puertas est\u00e1n abiertas\u00bb<\/h3>\n<\/p>\n<\/section>\n<\/div>\n<div class=\"sc-a7166897-0 eoLsBE\" readability=\"6\">\n<section readability=\"2\"><picture><img alt=\"\u00bfVuelve la F\u00f3rmula 1 a \u00c1frica? El pa\u00eds que se postul\u00f3 para recibir a la M\u00e1xima\" loading=\"lazy\" width=\"290\" height=\"290\" decoding=\"async\" data-nimg=\"1\" src=\"http:\/\/nuevacordoba.net\/wp-content\/uploads\/2024\/12\/fin-de-la-era-mas-gloriosa-asi-fue-la-emotiva-despedida-de-lewis-hamilton-de-mercedes-5.jpg\"><\/picture>\n<p><span>Mir\u00e1 tambi\u00e9n<\/span><\/p>\n<hr>\n<h3>\u00bfVuelve la F\u00f3rmula 1 a \u00c1frica? El pa\u00eds que se postul\u00f3 para recibir a la M\u00e1xima<\/h3>\n<\/p>\n<\/section>\n<\/div>\n<div class=\"sc-a7166897-0 eoLsBE\" readability=\"6.5\">\n<section readability=\"3\"><picture><img alt=\"Con un asiento libre, la prelista de la F\u00f3rmula 1 para 2025\" loading=\"lazy\" width=\"290\" height=\"290\" decoding=\"async\" data-nimg=\"1\" src=\"http:\/\/nuevacordoba.net\/wp-content\/uploads\/2024\/12\/fin-de-la-era-mas-gloriosa-asi-fue-la-emotiva-despedida-de-lewis-hamilton-de-mercedes-6.jpg\"><\/picture>\n<p><span>Mir\u00e1 tambi\u00e9n<\/span><\/p>\n<hr>\n<h3>Con un asiento libre, la prelista de la F\u00f3rmula 1 para 2025<\/h3>\n<\/p>\n<\/section>\n<\/div>\n<\/div>\n","protected":false},"excerpt":{"rendered":"<p>13\/12\/2024 20:23hs. El momento m\u00e1s emotivo finalmente lleg\u00f3. Lewis Hamilton se despidi\u00f3 de Mercedes, rodeado de su gente, abraz\u00e1ndose con Toto Wolff y George Russell. En una escena ic\u00f3nica, el brit\u00e1nico nacido en Stevenage se subi\u00f3 a un auto de la marca alemana por \u00faltima vez, aunque como pasajero, mientras el conductor llevaba al heptacampe\u00f3n [&hellip;]<\/p>\n","protected":false},"author":1,"featured_media":51825,"comment_status":"closed","ping_status":"closed","sticky":false,"template":"","format":"standard","meta":[],"categories":[10],"tags":[],"_links":{"self":[{"href":"http:\/\/nuevacordoba.net\/index.php\/wp-json\/wp\/v2\/posts\/51824"}],"collection":[{"href":"http:\/\/nuevacordoba.net\/index.php\/wp-json\/wp\/v2\/posts"}],"about":[{"href":"http:\/\/nuevacordoba.net\/index.php\/wp-json\/wp\/v2\/types\/post"}],"author":[{"embeddable":true,"href":"http:\/\/nuevacordoba.net\/index.php\/wp-json\/wp\/v2\/users\/1"}],"replies":[{"embeddable":true,"href":"http:\/\/nuevacordoba.net\/index.php\/wp-json\/wp\/v2\/comments?post=51824"}],"version-history":[{"count":0,"href":"http:\/\/nuevacordoba.net\/index.php\/wp-json\/wp\/v2\/posts\/51824\/revisions"}],"wp:featuredmedia":[{"embeddable":true,"href":"http:\/\/nuevacordoba.net\/index.php\/wp-json\/wp\/v2\/media\/51825"}],"wp:attachment":[{"href":"http:\/\/nuevacordoba.net\/index.php\/wp-json\/wp\/v2\/media?parent=51824"}],"wp:term":[{"taxonomy":"category","embeddable":true,"href":"http:\/\/nuevacordoba.net\/index.php\/wp-json\/wp\/v2\/categories?post=51824"},{"taxonomy":"post_tag","embeddable":true,"href":"http:\/\/nuevacordoba.net\/index.php\/wp-json\/wp\/v2\/tags?post=51824"}],"curies":[{"name":"wp","href":"https:\/\/api.w.org\/{rel}","templated":true}]}}