{"id":51826,"date":"2024-12-13T20:30:54","date_gmt":"2024-12-13T20:30:54","guid":{"rendered":"https:\/\/www.ole.com.ar\/ascenso\/ascenso-primera-nacional-gimnasia-tiro-salta-river-keko-villalva_0_4v2svz3Pa2.html"},"modified":"2024-12-13T20:30:54","modified_gmt":"2024-12-13T20:30:54","slug":"fue-promesa-de-river-salio-campeon-y-ahora-firmo-en-un-equipo-del-nacional","status":"publish","type":"post","link":"http:\/\/nuevacordoba.net\/index.php\/2024\/12\/13\/fue-promesa-de-river-salio-campeon-y-ahora-firmo-en-un-equipo-del-nacional\/","title":{"rendered":"Fue promesa de River, sali\u00f3 campe\u00f3n y ahora firm\u00f3 en un equipo del Nacional"},"content":{"rendered":"<p><time class=\"createDate\" datetime=\"2024-12-13T17:30:54-03:00\">13\/12\/2024 17:30hs.<\/time><\/p>\n<div id=\"storyBody\">\n<div class=\"custom-text \" readability=\"32.554140127389\">\n<p>El mercado de pases en la <a href=\"https:\/\/www.ole.com.ar\/tema\/primera-nacional.html\" title=\"Primera Nacional\" alt=\"Primera Nacional\" class=\"slug\">Primera Nacional<\/a> est\u00e1 en llamas. Los equipos ya comenzaron a moverse y tanto la llegadas como salidas de jugadores son constantes. En este contexto<strong>, <a href=\"https:\/\/www.ole.com.ar\/tema\/gimnasia-y-tiro-de-salta.html\" title=\"Gimnasia y Tiro de Salta\" alt=\"Gimnasia y Tiro de Salta\" class=\"slug\">Gimnasia y Tiro de Salta<\/a>, que recientemente cambi\u00f3 de det\u00e9 y ya piensa en el 2025, sacudi\u00f3 fuerte con la incorporaci\u00f3n de un ex <a href=\"https:\/\/www.ole.com.ar\/tema\/river-plate.html\" title=\"River Plate\" alt=\"River Plate\" class=\"slug\">River<\/a>. <\/strong><\/p>\n<\/div>\n<div class=\"custom-text \" readability=\"37.485714285714\">\n<p>Claro, porque <strong><a href=\"https:\/\/www.ole.com.ar\/tema\/daniel-villalva.html\" title=\"Daniel Villalva\" alt=\"Daniel Villalva\" class=\"slug\">Daniel Villalva<\/a>, delantero de 32 a\u00f1os surgido de la cantera millonaria, puso la firma y defender\u00e1 los colores del Albo en la pr\u00f3xima temporada.<\/strong> As\u00ed, los de <a href=\"https:\/\/www.ole.com.ar\/tema\/fernando-quiroz.html\" title=\"Fernando Quiroz\" alt=\"Fernando Quiroz\" class=\"slug\">Tet\u00e9 Quiroz<\/a>, nuevo entrenador tras la salida de Rub\u00e9n Dar\u00edo Forestello, suman un nombre top para la categor\u00eda como alternativa de ataque. <\/p>\n<\/div>\n<div class=\"custom-text \" readability=\"36\">\n<p>Luego de su paso por La Paz, de M\u00e9xico,<strong> el Keko lleg\u00f3 a un acuerdo con el conjunto salte\u00f1o y arregl\u00f3 su contrato hasta diciembre del 2025.<\/strong> Es el primer refuerzo para el a\u00f1o que viene. El club ya lo hizo oficial mediante sus redes sociales. <\/p>\n<\/div>\n<p><h2><strong>El paso del Keko Villalva por River<\/strong><\/h2>\n<\/p>\n<div class=\"custom-text \" readability=\"38\">\n<p><strong>Y es el mismo Villalva que deslumbr\u00f3 a todos en sus inicios con la camiseta de River.<\/strong> Aquel que, <strong>tras ser considerado una de las mayores promesas de la instituci\u00f3n inici\u00f3 su carrera profesional en el Clausura 2009<\/strong>, bajo la tutela de Pipo Gorosito, y r\u00e1pidamente se gan\u00f3 el cari\u00f1o de los hinchas. <\/p>\n<\/div>\n<div class=\"custom-text \" readability=\"41\">\n<p><strong>Entre 2009 y 2012, el Keko disput\u00f3 52 partidos con la casaca de La Banda, incluyendo titularidades e ingresos.<\/strong> Y pese a que no eran \u00e9pocas nada f\u00e1ciles en N\u00fa\u00f1ez, el oriundo de Corrientes, por momentos, supo ser importante:<strong> siete goles y seis asistencias.<\/strong> De todas formas, en la temporada 2013 se fue cedido a Argentinos Juniors. <\/p>\n<\/div>\n<div class=\"sc-e7b891c4-0 ifHnQL image-embed\"><img alt=\"El Keko Villalva tuvo dos pasos en River\" loading=\"lazy\" width=\"720\" height=\"100\" decoding=\"async\" data-nimg=\"1\" src=\"http:\/\/nuevacordoba.net\/wp-content\/uploads\/2024\/12\/fue-promesa-de-river-salio-campeon-y-ahora-firmo-en-un-equipo-del-nacional.jpg\"><span class=\"epigraphe\">El Keko Villalva tuvo dos pasos en River<\/span><\/div>\n<div class=\"custom-text \" readability=\"39\">\n<p>Un a\u00f1o m\u00e1s tarde, en 2014, regres\u00f3 al CARP y se consolid\u00f3.<strong> Fue una pieza de recambio importante en el equipo de Ram\u00f3n D\u00edaz, que se consagr\u00f3 campe\u00f3n del Torneo Final 2014<\/strong>: disput\u00f3 una docena de encuentros y marc\u00f3 un golazo frente a Lan\u00fas en El Monumental. As\u00ed, Daniel sum\u00f3 su primer t\u00edtulo con el Millo (tiempo despu\u00e9s llegar\u00eda la Copa Campeonato). <\/p>\n<\/div>\n<p><h2><strong>El resto de la carrera del delantero y su experiencia en el Ascenso<\/strong><\/h2>\n<\/p>\n<div class=\"custom-text \" readability=\"37\">\n<p>Adem\u00e1s de contar con pasos por River y lo mencionado en Argentinos Juniors, el atacante nacido en Ca\u00e1 Cat\u00ed tambi\u00e9n jug\u00f3 en el exterior: <strong>Tiburones Rojos de Veracruz (M\u00e9xico), Quer\u00e9taro (M\u00e9xico), Go\u00edas de Brasil y Guaran\u00ed de Paraguay. <\/strong><\/p>\n<\/div>\n<div class=\"custom-text \" readability=\"35\">\n<p>Y esta experiencia no ser\u00e1 la primera en la Segunda Divisi\u00f3n del f\u00fatbol argentino. Claro, porque <strong>con River disput\u00f3 la B Nacional 2011\/12 y en 2022\/23 visti\u00f3 la pilcha de Ferro <\/strong>(dijo presente 24 veces y anot\u00f3 un tanto).<\/p>\n<\/div>\n<div class=\"sc-e7b891c4-0 ifHnQL image-embed\"><img alt=\"Daniel Villalva pas\u00f3 por Ferro en 2022\/23 (Prensa Ferro)\" loading=\"lazy\" width=\"720\" height=\"100\" decoding=\"async\" data-nimg=\"1\" src=\"http:\/\/nuevacordoba.net\/wp-content\/uploads\/2024\/12\/fue-promesa-de-river-salio-campeon-y-ahora-firmo-en-un-equipo-del-nacional-1.jpg\"><span class=\"epigraphe\">Daniel Villalva pas\u00f3 por Ferro en 2022\/23 (Prensa Ferro)<\/span><\/div>\n<div class=\"custom-text \" readability=\"36\">\n<p>En el total de su carrera, incluyendo todos los clubes<strong>, Daniel Villalva disput\u00f3 345 encuentros y anot\u00f3 37 goles.<\/strong> Ahora, va por m\u00e1s con la camiseta de Gimnasia y Tiro de Salta. <\/p>\n<\/div>\n<div class=\"sc-a7166897-0 eoLsBE\" readability=\"6\">\n<section readability=\"2\"><picture><img alt=\"Roberto Trotta y el mensaje a los jugadores de V\u00e9lez: &quot;Tienen que salir a boquear&quot;\" loading=\"lazy\" width=\"290\" height=\"290\" decoding=\"async\" data-nimg=\"1\" src=\"http:\/\/nuevacordoba.net\/wp-content\/uploads\/2024\/12\/fue-promesa-de-river-salio-campeon-y-ahora-firmo-en-un-equipo-del-nacional-2.jpg\"><\/picture>\n<p><span>Mir\u00e1 tambi\u00e9n<\/span><\/p>\n<hr>\n<h3>Roberto Trotta y el mensaje a los jugadores de V\u00e9lez: \u00abTienen que salir a boquear\u00bb<\/h3>\n<\/p>\n<\/section>\n<\/div>\n<div class=\"sc-a7166897-0 eoLsBE\" readability=\"6\">\n<section readability=\"2\"><picture><img alt=\"Gerardo Alegre Rojas con Ol\u00e9: &quot;La regularidad fue clave y merecemos el Reducido&quot;\" loading=\"lazy\" width=\"290\" height=\"290\" decoding=\"async\" data-nimg=\"1\" src=\"http:\/\/nuevacordoba.net\/wp-content\/uploads\/2024\/12\/fue-promesa-de-river-salio-campeon-y-ahora-firmo-en-un-equipo-del-nacional-3.jpg\"><\/picture>\n<p><span>Mir\u00e1 tambi\u00e9n<\/span><\/p>\n<hr>\n<h3>Gerardo Alegre Rojas con Ol\u00e9: \u00abLa regularidad fue clave y merecemos el Reducido\u00bb<\/h3>\n<\/p>\n<\/section>\n<\/div>\n<div class=\"sc-a7166897-0 eoLsBE\" readability=\"6.5\">\n<section readability=\"3\"><picture><img alt=\"Los protagonistas de Los Andes en la previa de la final: de &quot;no es una revancha&quot; a &quot;hay que ganar por la familia&quot;\" loading=\"lazy\" width=\"290\" height=\"290\" decoding=\"async\" data-nimg=\"1\" src=\"http:\/\/nuevacordoba.net\/wp-content\/uploads\/2024\/12\/fue-promesa-de-river-salio-campeon-y-ahora-firmo-en-un-equipo-del-nacional-4.jpg\"><\/picture>\n<p><span>Mir\u00e1 tambi\u00e9n<\/span><\/p>\n<hr>\n<h3>Los protagonistas de Los Andes en la previa de la final: de \u00abno es una revancha\u00bb a \u00abhay que ganar por la familia\u00bb<\/h3>\n<\/p>\n<\/section>\n<\/div>\n<div class=\"sc-a7166897-0 eoLsBE\" readability=\"7\">\n<section readability=\"4\"><picture><img alt=\"Tras la pol\u00e9mica salida de Nueva Chicago, Andr\u00e9s Montenegro firm\u00f3 en un nuevo club del Nacional\" loading=\"lazy\" width=\"290\" height=\"290\" decoding=\"async\" data-nimg=\"1\" src=\"http:\/\/nuevacordoba.net\/wp-content\/uploads\/2024\/12\/fue-promesa-de-river-salio-campeon-y-ahora-firmo-en-un-equipo-del-nacional-5.jpg\"><\/picture>\n<p><span>Mir\u00e1 tambi\u00e9n<\/span><\/p>\n<hr>\n<h3>Tras la pol\u00e9mica salida de Nueva Chicago, Andr\u00e9s Montenegro firm\u00f3 en un nuevo club del Nacional<\/h3>\n<\/p>\n<\/section>\n<\/div>\n<\/div>\n","protected":false},"excerpt":{"rendered":"<p>13\/12\/2024 17:30hs. El mercado de pases en la Primera Nacional est\u00e1 en llamas. Los equipos ya comenzaron a moverse y tanto la llegadas como salidas de jugadores son constantes. En este contexto, Gimnasia y Tiro de Salta, que recientemente cambi\u00f3 de det\u00e9 y ya piensa en el 2025, sacudi\u00f3 fuerte con la incorporaci\u00f3n de un [&hellip;]<\/p>\n","protected":false},"author":1,"featured_media":51827,"comment_status":"closed","ping_status":"closed","sticky":false,"template":"","format":"standard","meta":[],"categories":[10],"tags":[],"_links":{"self":[{"href":"http:\/\/nuevacordoba.net\/index.php\/wp-json\/wp\/v2\/posts\/51826"}],"collection":[{"href":"http:\/\/nuevacordoba.net\/index.php\/wp-json\/wp\/v2\/posts"}],"about":[{"href":"http:\/\/nuevacordoba.net\/index.php\/wp-json\/wp\/v2\/types\/post"}],"author":[{"embeddable":true,"href":"http:\/\/nuevacordoba.net\/index.php\/wp-json\/wp\/v2\/users\/1"}],"replies":[{"embeddable":true,"href":"http:\/\/nuevacordoba.net\/index.php\/wp-json\/wp\/v2\/comments?post=51826"}],"version-history":[{"count":0,"href":"http:\/\/nuevacordoba.net\/index.php\/wp-json\/wp\/v2\/posts\/51826\/revisions"}],"wp:featuredmedia":[{"embeddable":true,"href":"http:\/\/nuevacordoba.net\/index.php\/wp-json\/wp\/v2\/media\/51827"}],"wp:attachment":[{"href":"http:\/\/nuevacordoba.net\/index.php\/wp-json\/wp\/v2\/media?parent=51826"}],"wp:term":[{"taxonomy":"category","embeddable":true,"href":"http:\/\/nuevacordoba.net\/index.php\/wp-json\/wp\/v2\/categories?post=51826"},{"taxonomy":"post_tag","embeddable":true,"href":"http:\/\/nuevacordoba.net\/index.php\/wp-json\/wp\/v2\/tags?post=51826"}],"curies":[{"name":"wp","href":"https:\/\/api.w.org\/{rel}","templated":true}]}}