{"id":51847,"date":"2024-12-14T15:24:14","date_gmt":"2024-12-14T15:24:14","guid":{"rendered":"http:\/\/cordobanewsnet.wordpress.com\/?p=12282"},"modified":"2024-12-14T15:24:14","modified_gmt":"2024-12-14T15:24:14","slug":"epec-informo-sobre-cortes-programados-para-este-sabado-en-cordoba","status":"publish","type":"post","link":"http:\/\/nuevacordoba.net\/index.php\/2024\/12\/14\/epec-informo-sobre-cortes-programados-para-este-sabado-en-cordoba\/","title":{"rendered":"Epec inform\u00f3 sobre cortes programados para este s\u00e1bado en C\u00f3rdoba"},"content":{"rendered":"<p>La empresa provincial comunic\u00f3 las zonas que se ven afectadas tanto en el interior como en la capital<\/p>\n<p><strong>C\u00f3rdoba&nbsp;<\/strong><\/p>\n<p>De 08:00 a 11:30. Motivo: Poda Sobre Red A\u00e9rea De Media Tensi\u00f3n. Zona afectada: Barrios Escobar y Las Rosas.<br \/>&nbsp;<\/p>\n<p>De 09:30 a 14:30. Motivo: Mantenimiento En C\u00e1mara Transformadora Subterr\u00e1nea. Zona afectada: Barrio General Paz: Sector comprendido por calles 25 de mayo, Rosario de Santa Fe, Roma y General Deheza.<\/p>\n<p>De 13:30 a 17:30. Motivo: Poda Sobre Red A\u00e9rea De Media Tensi\u00f3n. Zona afectada: Barrios Cerro de Las Rosas, Urca, Puente Tur\u00edn, Urquiza y Parque Tablada.<\/p>\n<p><strong>Villa Mar\u00eda<\/strong><\/p>\n<p>De 08:00 a 08:10. Motivo: Mantenimiento En Estaci\u00f3n Transformadora. Zona afectada: Localidades de Villa Mar\u00eda, Ausonia, La Laguna, Pasco, Idiazabal, Etruria, Chaz\u00f3n, Ucacha, Bengolea y Pascanas.<\/p>\n<p>De 10:00 a 10:10. Motivo: Mantenimiento En Estaci\u00f3n Transformadora. Zona afectada: Localidades de Villa Mar\u00eda, Ausonia, La Laguna, Pasco, Idiazabal, Etruria, Chaz\u00f3n, Ucacha, Bengolea y Pascanas.<\/p>\n<p><strong>Noetinger<\/strong><\/p>\n<p>De 13:30 a 17:30. Motivo: Mantenimiento En L\u00edneas De Alta Tensi\u00f3n. Zona afectada: Zona de influencia de Noetinger, Chiribroste y Cintra.<\/p>\n<figure class=\"wp-block-image size-large\"><img loading=\"lazy\" data-attachment-id=\"12283\" data-permalink=\"https:\/\/cordobanewsnet.wordpress.com\/2024\/12\/14\/epec-informo-sobre-cortes-programados-para-este-sabado-en-cordoba\/image-586\/\" data-orig-file=\"http:\/\/nuevacordoba.net\/wp-content\/uploads\/2024\/12\/epec-informo-sobre-cortes-programados-para-este-sabado-en-cordoba-4.png\" data-orig-size=\"1280,718\" data-comments-opened=\"1\" data-image-meta=\"{&quot;aperture&quot;:&quot;0&quot;,&quot;credit&quot;:&quot;&quot;,&quot;camera&quot;:&quot;&quot;,&quot;caption&quot;:&quot;&quot;,&quot;created_timestamp&quot;:&quot;0&quot;,&quot;copyright&quot;:&quot;&quot;,&quot;focal_length&quot;:&quot;0&quot;,&quot;iso&quot;:&quot;0&quot;,&quot;shutter_speed&quot;:&quot;0&quot;,&quot;title&quot;:&quot;&quot;,&quot;orientation&quot;:&quot;0&quot;}\" data-image-title=\"image\" data-image-description data-image-caption data-medium-file=\"http:\/\/nuevacordoba.net\/wp-content\/uploads\/2024\/12\/epec-informo-sobre-cortes-programados-para-este-sabado-en-cordoba-2.png\" data-large-file=\"http:\/\/nuevacordoba.net\/wp-content\/uploads\/2024\/12\/epec-informo-sobre-cortes-programados-para-este-sabado-en-cordoba-4.png?w=736\" width=\"1024\" height=\"574\" src=\"http:\/\/nuevacordoba.net\/wp-content\/uploads\/2024\/12\/epec-informo-sobre-cortes-programados-para-este-sabado-en-cordoba.png\" alt class=\"wp-image-12283\" srcset=\"http:\/\/nuevacordoba.net\/wp-content\/uploads\/2024\/12\/epec-informo-sobre-cortes-programados-para-este-sabado-en-cordoba.png 1024w, http:\/\/nuevacordoba.net\/wp-content\/uploads\/2024\/12\/epec-informo-sobre-cortes-programados-para-este-sabado-en-cordoba-1.png 150w, http:\/\/nuevacordoba.net\/wp-content\/uploads\/2024\/12\/epec-informo-sobre-cortes-programados-para-este-sabado-en-cordoba-2.png 300w, http:\/\/nuevacordoba.net\/wp-content\/uploads\/2024\/12\/epec-informo-sobre-cortes-programados-para-este-sabado-en-cordoba-3.png 768w, http:\/\/nuevacordoba.net\/wp-content\/uploads\/2024\/12\/epec-informo-sobre-cortes-programados-para-este-sabado-en-cordoba-4.png 1280w\" sizes=\"(max-width: 1024px) 100vw, 1024px\"><\/figure>\n<p>Fuente : Cba24n C\u00f3rdoba Argentina<\/p>\n<p><span id=\"wordads-inline-marker\"><\/span> <\/p>\n<div id=\"jp-post-flair\" class=\"sharedaddy sd-like-enabled sd-sharing-enabled\">\n<div class=\"sharedaddy sd-sharing-enabled\">\n<div class=\"robots-nocontent sd-block sd-social sd-social-icon-text sd-sharing\">\n<h3 class=\"sd-title\">Comparte esto:<\/h3>\n<\/div>\n<\/div>\n<div class=\"sharedaddy sd-block sd-like jetpack-likes-widget-wrapper jetpack-likes-widget-unloaded\" id=\"like-post-wrapper-143108178-12282-675e0f5feaadc\" data-src=\"\/\/widgets.wp.com\/likes\/index.html?ver=20241214#blog_id=143108178&amp;post_id=12282&amp;origin=cordobanewsnet.wordpress.com&amp;obj_id=143108178-12282-675e0f5feaadc\" data-name=\"like-post-frame-143108178-12282-675e0f5feaadc\" data-title=\"Me gusta o Compartir\">\n<p><span class=\"button\"><span>Me gusta<\/span><\/span> <span class=\"loading\">Cargando&#8230;<\/span><\/p>\n<p><span class=\"sd-text-color\"><\/span><\/div>\n<p><h3 class=\"jp-relatedposts-headline\"><em>Relacionado<\/em><\/h3>\n<\/p>\n<\/div>\n","protected":false},"excerpt":{"rendered":"<p>La empresa provincial comunic\u00f3 las zonas que se ven afectadas tanto en el interior como en la capital C\u00f3rdoba&nbsp; De 08:00 a 11:30. Motivo: Poda Sobre Red A\u00e9rea De Media Tensi\u00f3n. Zona afectada: Barrios Escobar y Las Rosas.&nbsp; De 09:30 a 14:30. Motivo: Mantenimiento En C\u00e1mara Transformadora Subterr\u00e1nea. Zona afectada: Barrio General Paz: Sector comprendido [&hellip;]<\/p>\n","protected":false},"author":1,"featured_media":51848,"comment_status":"closed","ping_status":"closed","sticky":false,"template":"","format":"standard","meta":[],"categories":[14],"tags":[],"_links":{"self":[{"href":"http:\/\/nuevacordoba.net\/index.php\/wp-json\/wp\/v2\/posts\/51847"}],"collection":[{"href":"http:\/\/nuevacordoba.net\/index.php\/wp-json\/wp\/v2\/posts"}],"about":[{"href":"http:\/\/nuevacordoba.net\/index.php\/wp-json\/wp\/v2\/types\/post"}],"author":[{"embeddable":true,"href":"http:\/\/nuevacordoba.net\/index.php\/wp-json\/wp\/v2\/users\/1"}],"replies":[{"embeddable":true,"href":"http:\/\/nuevacordoba.net\/index.php\/wp-json\/wp\/v2\/comments?post=51847"}],"version-history":[{"count":0,"href":"http:\/\/nuevacordoba.net\/index.php\/wp-json\/wp\/v2\/posts\/51847\/revisions"}],"wp:featuredmedia":[{"embeddable":true,"href":"http:\/\/nuevacordoba.net\/index.php\/wp-json\/wp\/v2\/media\/51848"}],"wp:attachment":[{"href":"http:\/\/nuevacordoba.net\/index.php\/wp-json\/wp\/v2\/media?parent=51847"}],"wp:term":[{"taxonomy":"category","embeddable":true,"href":"http:\/\/nuevacordoba.net\/index.php\/wp-json\/wp\/v2\/categories?post=51847"},{"taxonomy":"post_tag","embeddable":true,"href":"http:\/\/nuevacordoba.net\/index.php\/wp-json\/wp\/v2\/tags?post=51847"}],"curies":[{"name":"wp","href":"https:\/\/api.w.org\/{rel}","templated":true}]}}