{"id":51853,"date":"2024-12-14T21:38:09","date_gmt":"2024-12-14T21:38:09","guid":{"rendered":"https:\/\/www.ole.com.ar\/autos\/tc2000-pole-marcelo-ciarrocchi-concordia-horarios-carrera_0_R8rYu6Civ7.html"},"modified":"2024-12-14T21:38:09","modified_gmt":"2024-12-14T21:38:09","slug":"tc2000-ciarrocchi-volo-en-concordia-y-se-anoto-la-ultima-pole-del-ano","status":"publish","type":"post","link":"http:\/\/nuevacordoba.net\/index.php\/2024\/12\/14\/tc2000-ciarrocchi-volo-en-concordia-y-se-anoto-la-ultima-pole-del-ano\/","title":{"rendered":"TC2000: Ciarrocchi vol\u00f3 en Concordia y se anot\u00f3 la \u00faltima pole del a\u00f1o"},"content":{"rendered":"<p><time class=\"createDate\" datetime=\"2024-12-14T18:38:09-03:00\">14\/12\/2024 18:38hs.<\/time><\/p>\n<div id=\"storyBody\">\n<div class=\"custom-text \" readability=\"41\">\n<p>Por primera vez en la temporada, <strong>Marcelo Ciarrocchi<\/strong> se qued\u00f3 con la pole position en el <strong>TC2000<\/strong>. El cordob\u00e9s tuvo que esperar hasta la \u00faltima carrera del a\u00f1o, en el GP Coronaci\u00f3n disputado en Concordia, para marcar un s\u00e1bado el mejor tiempo del d\u00eda. Y lo hizo cuando ya no hab\u00eda margen al error: en su intento final, sac\u00f3 a relucir el potencial de su Toyota y venci\u00f3 en el mano a mano a <strong>Leonel Pern\u00eda<\/strong>, el campe\u00f3n del certamen, por apenas 102 mil\u00e9simas.<\/p>\n<\/div>\n<div class=\"custom-text \" readability=\"39\">\n<p>\u00abEstoy muy contento, feliz. Agradecido a todos los que trabajan para que pueda tener este auto con tanta contundencia. Fue una muy buena qualy, en el primer corte fui m\u00e1s conservador y reci\u00e9n arriesgu\u00e9 a partir de la segunda. Tenemos mucha confianza en el auto. Ahora tenemos que pensar en qu\u00e9 tenemos que hacer para ganar ma\u00f1ana\u00bb, afirm\u00f3 el poleman, en charla con Mundo Sport.<\/p>\n<\/div>\n<div class=\"custom-text \" readability=\"36.222222222222\">\n<p>Adem\u00e1s, Pern\u00eda, que <strong><a href=\"https:\/\/www.ole.com.ar\/autos\/leonel-pernia-exabrupto-suspendido-caf-actc-turismo-nacional_0_twg67JnO5C.html\" target=\"_blank\" title=\"viene de declarar fuertemente contra la CAF\" alt=\"viene de declarar fuertemente contra la CAF\" rel=\"noopener\">viene de declarar fuertemente contra la CAF<\/a><\/strong> por su exclusi\u00f3n en el Turismo Nacional, felicit\u00f3 al Chelo. \u00abHermosa clasificaci\u00f3n, \u00e9l hizo una gran vuelta. Nosotros hab\u00edamos metido mi mejor tiempo del d\u00eda, pero <strong>el Chelo vol\u00f3 en el sector 3 haciendo una chicana impresionante<\/strong>. El equipo me entreg\u00f3 un auto fant\u00e1stico\u00bb, analiz\u00f3 en Carburando.<\/p>\n<\/div>\n<div class=\"sc-e7b891c4-0 ifHnQL image-embed\"><img alt=\"Pern\u00eda, cuatro veces campe\u00f3n, disfruta en la pista. (Prensa TC2000)\" loading=\"lazy\" width=\"720\" height=\"100\" decoding=\"async\" data-nimg=\"1\" src=\"http:\/\/nuevacordoba.net\/wp-content\/uploads\/2024\/12\/tc2000-ciarrocchi-volo-en-concordia-y-se-anoto-la-ultima-pole-del-ano.jpg\"><span class=\"epigraphe\">Pern\u00eda, cuatro veces campe\u00f3n, disfruta en la pista. (Prensa TC2000)<\/span><\/div>\n<p><h2><strong>\u00bfC\u00f3mo sigue la fecha del TC2000 en Concordia?<\/strong><\/h2>\n<\/p>\n<div class=\"custom-text \" readability=\"36\">\n<p>El domingo se disputar\u00e1n dos carreras en la categor\u00eda m\u00e1s tecnol\u00f3gica del pa\u00eds. En ese sentido, la primera definici\u00f3n comenzar\u00e1 a las 9.35, mientras que la segunda se iniciar\u00e1 a las 11.20. Ambas se podr\u00e1n ver a trav\u00e9s de TyC Sports y Canal 13.<\/p>\n<\/div>\n<p><h2><strong>Se presentaron los nuevos modelos para 2025<\/strong><\/h2>\n<\/p>\n<div class=\"custom-text \" readability=\"36\">\n<p>La categor\u00eda modificar\u00e1 los autos para el a\u00f1o entrante. Con el objetivo de recuperar mayor protagonismo en la escena nacional, el TC2000 contar\u00e1 con las SUV. Y este s\u00e1bado salieron a girar las Volkswagen Nivus, Toyota Cross y Chevrolet Tracker.<\/p>\n<\/div>\n<div class=\"sc-a7166897-0 eoLsBE\" readability=\"6\">\n<section readability=\"2\"><picture><img alt=\"&quot;La CAF me chupa bien la...&quot;: el exabrupto por el que Pern\u00eda fue suspendido\" loading=\"lazy\" width=\"290\" height=\"290\" decoding=\"async\" data-nimg=\"1\" src=\"http:\/\/nuevacordoba.net\/wp-content\/uploads\/2024\/12\/tc2000-ciarrocchi-volo-en-concordia-y-se-anoto-la-ultima-pole-del-ano-1.jpg\"><\/picture>\n<p><span>Mir\u00e1 tambi\u00e9n<\/span><\/p>\n<hr>\n<h3>\u00abLa CAF me chupa bien la&#8230;\u00bb: el exabrupto por el que Pern\u00eda fue suspendido<\/h3>\n<\/p>\n<\/section>\n<\/div>\n<div class=\"sc-a7166897-0 eoLsBE\" readability=\"6.5\">\n<section readability=\"3\"><picture><img alt=\"Nico Varrone, a lo Chino Maidana: &quot;Aguante el Guaymall\u00e9n&quot; y negociaciones en marcha\" loading=\"lazy\" width=\"290\" height=\"290\" decoding=\"async\" data-nimg=\"1\" src=\"http:\/\/nuevacordoba.net\/wp-content\/uploads\/2024\/12\/tc2000-ciarrocchi-volo-en-concordia-y-se-anoto-la-ultima-pole-del-ano-2.jpg\"><\/picture>\n<p><span>Mir\u00e1 tambi\u00e9n<\/span><\/p>\n<hr>\n<h3>Nico Varrone, a lo Chino Maidana: \u00abAguante el Guaymall\u00e9n\u00bb y negociaciones en marcha<\/h3>\n<\/p>\n<\/section>\n<\/div>\n<\/div>\n","protected":false},"excerpt":{"rendered":"<p>14\/12\/2024 18:38hs. Por primera vez en la temporada, Marcelo Ciarrocchi se qued\u00f3 con la pole position en el TC2000. El cordob\u00e9s tuvo que esperar hasta la \u00faltima carrera del a\u00f1o, en el GP Coronaci\u00f3n disputado en Concordia, para marcar un s\u00e1bado el mejor tiempo del d\u00eda. Y lo hizo cuando ya no hab\u00eda margen al [&hellip;]<\/p>\n","protected":false},"author":1,"featured_media":51854,"comment_status":"closed","ping_status":"closed","sticky":false,"template":"","format":"standard","meta":[],"categories":[10],"tags":[],"_links":{"self":[{"href":"http:\/\/nuevacordoba.net\/index.php\/wp-json\/wp\/v2\/posts\/51853"}],"collection":[{"href":"http:\/\/nuevacordoba.net\/index.php\/wp-json\/wp\/v2\/posts"}],"about":[{"href":"http:\/\/nuevacordoba.net\/index.php\/wp-json\/wp\/v2\/types\/post"}],"author":[{"embeddable":true,"href":"http:\/\/nuevacordoba.net\/index.php\/wp-json\/wp\/v2\/users\/1"}],"replies":[{"embeddable":true,"href":"http:\/\/nuevacordoba.net\/index.php\/wp-json\/wp\/v2\/comments?post=51853"}],"version-history":[{"count":0,"href":"http:\/\/nuevacordoba.net\/index.php\/wp-json\/wp\/v2\/posts\/51853\/revisions"}],"wp:featuredmedia":[{"embeddable":true,"href":"http:\/\/nuevacordoba.net\/index.php\/wp-json\/wp\/v2\/media\/51854"}],"wp:attachment":[{"href":"http:\/\/nuevacordoba.net\/index.php\/wp-json\/wp\/v2\/media?parent=51853"}],"wp:term":[{"taxonomy":"category","embeddable":true,"href":"http:\/\/nuevacordoba.net\/index.php\/wp-json\/wp\/v2\/categories?post=51853"},{"taxonomy":"post_tag","embeddable":true,"href":"http:\/\/nuevacordoba.net\/index.php\/wp-json\/wp\/v2\/tags?post=51853"}],"curies":[{"name":"wp","href":"https:\/\/api.w.org\/{rel}","templated":true}]}}