{"id":51855,"date":"2024-12-13T20:15:43","date_gmt":"2024-12-13T20:15:43","guid":{"rendered":"https:\/\/www.ole.com.ar\/ascenso\/ascenso-primera-nacional-andres-montenegro-club_0_zTH9LHEPkT.html"},"modified":"2024-12-13T20:15:43","modified_gmt":"2024-12-13T20:15:43","slug":"tras-la-polemica-salida-de-nueva-chicago-andres-montenegro-firmo-en-un-nuevo-club-del-nacional","status":"publish","type":"post","link":"http:\/\/nuevacordoba.net\/index.php\/2024\/12\/13\/tras-la-polemica-salida-de-nueva-chicago-andres-montenegro-firmo-en-un-nuevo-club-del-nacional\/","title":{"rendered":"Tras la pol\u00e9mica salida de Nueva Chicago, Andr\u00e9s Montenegro firm\u00f3 en un nuevo club del Nacional"},"content":{"rendered":"<p><time class=\"createDate\" datetime=\"2024-12-13T17:15:43-03:00\">13\/12\/2024 17:15hs.<\/time><\/p>\n<div id=\"storyBody\">\n<div class=\"custom-text \" readability=\"35.315960912052\">\n<p>Fueron d\u00edas movidos para Andr\u00e9s Montenegro y su entorno. Claro, porque tras su salida de <a href=\"https:\/\/www.ole.com.ar\/tema\/nueva-chicago.html\" title=\"Nueva Chicago\" alt=\"Nueva Chicago\" class=\"slug\">Nueva Chicago<\/a>, el clima se calde\u00f3 con un cruce de declaraciones frente a Alejandro Nan\u00eda, m\u00e1nager del Torito. Pero despu\u00e9s de las horas revolucionadas, <strong>el Lobo cerr\u00f3 su arribo a otro club<\/strong> de la <a href=\"https:\/\/www.ole.com.ar\/tema\/primera-nacional.html\" title=\"Primera Nacional\" alt=\"Primera Nacional\" class=\"slug\">Primera Nacional<\/a>.<\/p>\n<\/div>\n<div class=\"custom-text \" readability=\"34.065088757396\">\n<p>Se trata de<strong> <a href=\"https:\/\/www.ole.com.ar\/tema\/estudiantes-de-buenos-aires.html\" title=\"Estudiantes de Buenos Aires\" alt=\"Estudiantes de Buenos Aires\" class=\"slug\">Estudiantes de Buenos Aires<\/a><\/strong>. Montenegro estamp\u00f3 la firma este viernes y<strong> vuelve a uno de los clubes d\u00f3nde visti\u00f3 la camiseta como jugador<\/strong>: en el Pincha, disputo 36 partidos y convirti\u00f3 11 goles en la temporada 2011\/12. Casi 13 a\u00f1os despu\u00e9s, da inicio a su ciclo como det\u00e9 tras sus pasos por <a href=\"https:\/\/www.ole.com.ar\/tema\/flandria.html\" title=\"Flandria\" alt=\"Flandria\" class=\"slug\">Flandria<\/a>, Acassuso y Chicago.<\/p>\n<\/div>\n<div class=\"sc-e7b891c4-0 ifHnQL image-embed\"><img alt=\"Montenegro en su paso por Flandria.\" loading=\"lazy\" width=\"720\" height=\"100\" decoding=\"async\" data-nimg=\"1\" src=\"http:\/\/nuevacordoba.net\/wp-content\/uploads\/2024\/12\/tras-la-polemica-salida-de-nueva-chicago-andres-montenegro-firmo-en-un-nuevo-club-del-nacional.jpg\"><span class=\"epigraphe\">Montenegro en su paso por Flandria.<\/span><\/div>\n<div class=\"custom-text \" readability=\"36\">\n<p>De esta manera, el cuerpo t\u00e9cnico del Lobo estar\u00e1 conformado por <strong>Alexis Rostagno como ayudante de campo, Ezequiel Mart\u00ednez y Francisco Giuliano como preparadores f\u00edsicos y Dardo Cortes como entrenador de arqueros<\/strong>.<\/p>\n<\/div>\n<p><h2><strong>El cruce de declaraciones entre Nan\u00eda y Montenegro<\/strong><\/h2>\n<\/p>\n<div class=\"custom-text \" readability=\"39\">\n<p>\u201cNosotros a Andr\u00e9s (Montenegro) le ofrecimos renovar, a pesar de algunas cosas que no gustaron como haber renovado cinco d\u00edas antes de las elecciones y <strong>como tambi\u00e9n antes de jugar estos partidos decisivos sentarse a negociar con otro club<\/strong>\u201d, declar\u00f3 el dirigente de Chicago, en di\u00e1logo con Solo Ascenso, hace algunos d\u00edas atr\u00e1s. <\/p>\n<\/div>\n<div class=\"custom-text \" readability=\"37\">\n<p>Con respecto a los dichos de Alejandro Nan\u00eda, el Lobo contest\u00f3: \u201cYo no voy a hablar lo que declararon ciertas personas acerca de mi salida. Yo hablo con trabajo. Yo ten\u00eda la misma ilusi\u00f3n,<strong> \u00bfen qu\u00e9 cabeza cabe que estando tan cerca de ascender vaya a hablar con otro club?<\/strong> Hay un representante que trabaja para eso\u201d.<\/p>\n<\/div>\n<div class=\"sc-e7b891c4-0 ifHnQL image-embed\"><img alt=\"Salida caldeada de Chicago para el Lobo (Foto:Prensa Chicago)\" loading=\"lazy\" width=\"720\" height=\"100\" decoding=\"async\" data-nimg=\"1\" src=\"http:\/\/nuevacordoba.net\/wp-content\/uploads\/2024\/12\/tras-la-polemica-salida-de-nueva-chicago-andres-montenegro-firmo-en-un-nuevo-club-del-nacional-1.jpg\"><span class=\"epigraphe\">Salida caldeada de Chicago para el Lobo (Foto:Prensa Chicago)<\/span><\/div>\n<div class=\"custom-text \" readability=\"37\">\n<p>Bajo la misma l\u00ednea, Montenegro se refiri\u00f3 a las acusaciones realizadas contra \u00e9l: \u201cCuando quieren manchar a una persona tienen muchas maneras. No voy a hablar de esa persona que declar\u00f3 eso. Ya llor\u00e9, lloro y seguir\u00e9 llorando esto. El trabajo de mi representante es parte del f\u00fatbol. <strong>Duele que me ensucien de esa manera. El que me conoce sabe c\u00f3mo me manejo<\/strong>\u201d.<\/p>\n<\/div>\n<div class=\"custom-text \" readability=\"36\">\n<p>\u00abSepan que dej\u00e9 la piel por el club. La gente disfrut\u00f3 mucho y espero que Nueva Chicago siga creciendo. Siempre deseo lo mejor para el club. <strong>A los hinchas les agradezco el apoyo en cada partido, jugaban con nosotros <\/strong>y no me olvido\u00bb, finaliz\u00f3 el t\u00e9cnico con un mensaje a la gente.<\/p>\n<\/div>\n<div class=\"sc-a7166897-0 eoLsBE\" readability=\"6\">\n<section readability=\"2\"><picture><img alt=\"Gerardo Alegre Rojas con Ol\u00e9: &quot;La regularidad fue clave y merecemos el Reducido&quot;\" loading=\"lazy\" width=\"290\" height=\"290\" decoding=\"async\" data-nimg=\"1\" src=\"http:\/\/nuevacordoba.net\/wp-content\/uploads\/2024\/12\/tras-la-polemica-salida-de-nueva-chicago-andres-montenegro-firmo-en-un-nuevo-club-del-nacional-2.jpg\"><\/picture>\n<p><span>Mir\u00e1 tambi\u00e9n<\/span><\/p>\n<hr>\n<h3>Gerardo Alegre Rojas con Ol\u00e9: \u00abLa regularidad fue clave y merecemos el Reducido\u00bb<\/h3>\n<\/p>\n<\/section>\n<\/div>\n<div class=\"sc-a7166897-0 eoLsBE\" readability=\"6.5\">\n<section readability=\"3\"><picture><img alt=\"Los protagonistas de Los Andes en la previa de la final: de &quot;no es una revancha&quot; a &quot;hay que ganar por la familia&quot;\" loading=\"lazy\" width=\"290\" height=\"290\" decoding=\"async\" data-nimg=\"1\" src=\"http:\/\/nuevacordoba.net\/wp-content\/uploads\/2024\/12\/tras-la-polemica-salida-de-nueva-chicago-andres-montenegro-firmo-en-un-nuevo-club-del-nacional-3.jpg\"><\/picture>\n<p><span>Mir\u00e1 tambi\u00e9n<\/span><\/p>\n<hr>\n<h3>Los protagonistas de Los Andes en la previa de la final: de \u00abno es una revancha\u00bb a \u00abhay que ganar por la familia\u00bb<\/h3>\n<\/p>\n<\/section>\n<\/div>\n<\/div>\n","protected":false},"excerpt":{"rendered":"<p>13\/12\/2024 17:15hs. Fueron d\u00edas movidos para Andr\u00e9s Montenegro y su entorno. Claro, porque tras su salida de Nueva Chicago, el clima se calde\u00f3 con un cruce de declaraciones frente a Alejandro Nan\u00eda, m\u00e1nager del Torito. Pero despu\u00e9s de las horas revolucionadas, el Lobo cerr\u00f3 su arribo a otro club de la Primera Nacional. Se trata [&hellip;]<\/p>\n","protected":false},"author":1,"featured_media":51856,"comment_status":"closed","ping_status":"closed","sticky":false,"template":"","format":"standard","meta":[],"categories":[10],"tags":[],"_links":{"self":[{"href":"http:\/\/nuevacordoba.net\/index.php\/wp-json\/wp\/v2\/posts\/51855"}],"collection":[{"href":"http:\/\/nuevacordoba.net\/index.php\/wp-json\/wp\/v2\/posts"}],"about":[{"href":"http:\/\/nuevacordoba.net\/index.php\/wp-json\/wp\/v2\/types\/post"}],"author":[{"embeddable":true,"href":"http:\/\/nuevacordoba.net\/index.php\/wp-json\/wp\/v2\/users\/1"}],"replies":[{"embeddable":true,"href":"http:\/\/nuevacordoba.net\/index.php\/wp-json\/wp\/v2\/comments?post=51855"}],"version-history":[{"count":0,"href":"http:\/\/nuevacordoba.net\/index.php\/wp-json\/wp\/v2\/posts\/51855\/revisions"}],"wp:featuredmedia":[{"embeddable":true,"href":"http:\/\/nuevacordoba.net\/index.php\/wp-json\/wp\/v2\/media\/51856"}],"wp:attachment":[{"href":"http:\/\/nuevacordoba.net\/index.php\/wp-json\/wp\/v2\/media?parent=51855"}],"wp:term":[{"taxonomy":"category","embeddable":true,"href":"http:\/\/nuevacordoba.net\/index.php\/wp-json\/wp\/v2\/categories?post=51855"},{"taxonomy":"post_tag","embeddable":true,"href":"http:\/\/nuevacordoba.net\/index.php\/wp-json\/wp\/v2\/tags?post=51855"}],"curies":[{"name":"wp","href":"https:\/\/api.w.org\/{rel}","templated":true}]}}