{"id":51885,"date":"2024-12-13T18:26:59","date_gmt":"2024-12-13T18:26:59","guid":{"rendered":"https:\/\/es.digitaltrends.com\/?p=1050844"},"modified":"2024-12-13T18:26:59","modified_gmt":"2024-12-13T18:26:59","slug":"regresa-malcolm-in-the-middle-con-nuevos-episodios-a-disney","status":"publish","type":"post","link":"http:\/\/nuevacordoba.net\/index.php\/2024\/12\/13\/regresa-malcolm-in-the-middle-con-nuevos-episodios-a-disney\/","title":{"rendered":"Regresa Malcolm in the Middle con nuevos episodios a Disney+"},"content":{"rendered":"<p>Una noticia bomb\u00e1stica ha remecido al entretenimiento este viernes 13 de diciembre, ya que en celebraci\u00f3n de su aniversario 25 en Fox, regresa con cuatro nuevos cap\u00edtulos, la serie de culto <a href=\"https:\/\/es.digitaltrends.com\/entretenimiento\/frankie-muniz-malcolm-escape\/\"><em><strong>Malcolm in the Middle.<\/strong><\/em><\/a><\/p>\n<p>Estas nuevas ediciones se ver\u00e1n exclusivamente en Disney+ y contar\u00e1n con los miembros originales del elenco Frankie Muniz, Bryan Cranston y Jane Kaczmarek a bordo para repetir sus papeles como Malcolm y sus padres Hal y Lois, respectivamente. El tr\u00edo adelant\u00f3 la nueva entrega en un video, que puedes ver a continuaci\u00f3n.<\/p>\n<div class=\"dtvideos-container\" data-provider=\"youtube\">\n<div class=\"dtvideos-details h-dtvideos-details-embed\">\n<div class=\"dtvideos-title\">They\u2019re back! Malcolm in the Middle returns with 4 brand-new episodes on #DisneyPlus.<\/div>\n<\/div>\n<\/div>\n<p>Tambi\u00e9n est\u00e1n de regreso el creador de&nbsp;<em>Malcolm In the Middle<\/em>, Linwood Boomer, quien ser\u00e1 escritor en los nuevos episodios, y el director de producci\u00f3n Ken Kwapis, quien dirigir\u00e1 los cuatro.<\/p>\n<div class=\"b-connatix b-connatix--video\" id=\"dt-cnx-container-675c7d8ac3e5a\">\n<div class=\"b-connatix__label\"> Recommended Videos <\/div>\n<div class=\"b-connatix__container\"> <\/div>\n<\/div>\n<p class=\"paragraph larva \/\/ lrv-u-margin-lr-auto \">El tr\u00edo estar\u00e1 en el centro de los nuevos episodios, en los que Malcolm (Muniz) y su hija se ven envueltos en el caos de la familia cuando Hal (Cranston) y Lois (Kaczmarek) exigen su presencia para su fiesta de 40 aniversario de bodas.<\/p>\n<p class=\"paragraph larva \/\/ lrv-u-margin-lr-auto \">Como revela la sinopsis del revival, Malcolm tiene una hija.<\/p>\n<p>\u00ab<em>Malcolm in the Middle<\/em>&nbsp;es una comedia hist\u00f3rica que captur\u00f3 la esencia de la vida familiar con humor, coraz\u00f3n y capacidad de identificaci\u00f3n\u00bb, dijo Ayo Davis, presidente de Disney Branded Television. \u00abSu divertida y sincera representaci\u00f3n de una familia adorablemente ca\u00f3tica reson\u00f3 con el p\u00fablico de todas las edades, y estamos muy emocionados de dar la bienvenida al elenco original para dar vida a esa magia nuevamente. Con Linwood Boomer y el equipo creativo a la cabeza, estos nuevos episodios tendr\u00e1n todas las risas, bromas y caos que los fan\u00e1ticos amaron, junto con algunas sorpresas que nos recuerdan por qu\u00e9 este programa es tan atemporal\u00bb.<\/p>\n<figure id=\"attachment_1023326\" aria-describedby=\"caption-attachment-1023326\" class=\"wp-caption alignnone\"><img src=\"http:\/\/nuevacordoba.net\/wp-content\/uploads\/2024\/12\/regresa-malcolm-in-the-middle-con-nuevos-episodios-a-disney.gif\" data-dt-lazy-src=\"https:\/\/es.digitaltrends.com\/wp-content\/uploads\/2024\/04\/Malcolm-in-the-middle.jpeg?fit=697%2C406&amp;p=1\" decoding=\"async\" class=\" size-full wp-image-1023326 h-lightbox is-zoomable dt-lazy-load dt-lazy-pending\" alt><figcaption id=\"caption-attachment-1023326\" class=\"wp-caption-text\"><span class=\"credit\">Imagen utilizada con permiso del titular de los derechos de autor<\/span><\/figcaption><\/figure>\n<p>Cranston es productor ejecutivo de los nuevos episodios junto a Boomer, su esposa.<\/p>\n<p>\u00ab<em>Malcolm in the Middle<\/em>&nbsp;literalmente cambi\u00f3 la cara del panorama de la comedia televisiva cuando se estren\u00f3 hace dos d\u00e9cadas, redefiniendo lo que podr\u00eda ser el g\u00e9nero\u00bb, dijo Karey Burke, presidente de 20th Television. \u00abCuando Linwood Boomer sugiri\u00f3 que podr\u00eda ser el momento de traer de vuelta a la familia disfuncional favorita de todos para una peque\u00f1a reuni\u00f3n, no pod\u00edamos pensar en una serie m\u00e1s ic\u00f3nica e influyente para revisitar, junto con un elenco verdaderamente brillante para reunir\u00bb.<\/p>\n<p> <span id=\"publisher-md\" itemprop=\"publisher\" itemscope itemtype=\"https:\/\/schema.org\/Organization\"> <span itemprop=\"url\" itemtype=\"https:\/\/schema.org\/Url\" content=\"https:\/\/es.digitaltrends.com\"> <span itemprop=\"logo\" itemscope itemtype=\"https:\/\/schema.org\/ImageObject\"> <meta itemprop=\"url\" content=\"https:\/\/cdn.dtcn.com\/dt\/dt-logo-small.png\"> <meta itemprop=\"width\" content=\"0\"> <meta itemprop=\"height\" content=\"0\"> <\/span> <meta itemprop=\"name\" content=\"Digital Trends Espa\u00f1ol\"> <\/span> <span itemprop=\"image\" itemscope itemtype=\"https:\/\/schema.org\/ImageObject\"> <meta itemprop=\"url\" content=\"https:\/\/es.digitaltrends.com\/wp-content\/uploads\/2024\/12\/Jane-Kaczmarek.jpeg?p=1\"> <\/span> <\/span> <\/p>\n","protected":false},"excerpt":{"rendered":"<p>Una noticia bomb\u00e1stica ha remecido al entretenimiento este viernes 13 de diciembre, ya que en celebraci\u00f3n de su aniversario 25 en Fox, regresa con cuatro nuevos cap\u00edtulos, la serie de culto Malcolm in the Middle. Estas nuevas ediciones se ver\u00e1n exclusivamente en Disney+ y contar\u00e1n con los miembros originales del elenco Frankie Muniz, Bryan Cranston [&hellip;]<\/p>\n","protected":false},"author":1,"featured_media":51886,"comment_status":"open","ping_status":"closed","sticky":false,"template":"","format":"standard","meta":[],"categories":[7],"tags":[],"_links":{"self":[{"href":"http:\/\/nuevacordoba.net\/index.php\/wp-json\/wp\/v2\/posts\/51885"}],"collection":[{"href":"http:\/\/nuevacordoba.net\/index.php\/wp-json\/wp\/v2\/posts"}],"about":[{"href":"http:\/\/nuevacordoba.net\/index.php\/wp-json\/wp\/v2\/types\/post"}],"author":[{"embeddable":true,"href":"http:\/\/nuevacordoba.net\/index.php\/wp-json\/wp\/v2\/users\/1"}],"replies":[{"embeddable":true,"href":"http:\/\/nuevacordoba.net\/index.php\/wp-json\/wp\/v2\/comments?post=51885"}],"version-history":[{"count":0,"href":"http:\/\/nuevacordoba.net\/index.php\/wp-json\/wp\/v2\/posts\/51885\/revisions"}],"wp:featuredmedia":[{"embeddable":true,"href":"http:\/\/nuevacordoba.net\/index.php\/wp-json\/wp\/v2\/media\/51886"}],"wp:attachment":[{"href":"http:\/\/nuevacordoba.net\/index.php\/wp-json\/wp\/v2\/media?parent=51885"}],"wp:term":[{"taxonomy":"category","embeddable":true,"href":"http:\/\/nuevacordoba.net\/index.php\/wp-json\/wp\/v2\/categories?post=51885"},{"taxonomy":"post_tag","embeddable":true,"href":"http:\/\/nuevacordoba.net\/index.php\/wp-json\/wp\/v2\/tags?post=51885"}],"curies":[{"name":"wp","href":"https:\/\/api.w.org\/{rel}","templated":true}]}}