{"id":51887,"date":"2024-12-15T19:58:07","date_gmt":"2024-12-15T19:58:07","guid":{"rendered":"https:\/\/www.ole.com.ar\/autos\/matias-rossi-cerro-ano-triunfazo-tc2000-concordia-gano_0_HbANcB2lxR.html"},"modified":"2024-12-15T19:58:07","modified_gmt":"2024-12-15T19:58:07","slug":"matias-rossi-cerro-el-ano-con-un-triunfazo-en-el-tc2000-en-concordia","status":"publish","type":"post","link":"http:\/\/nuevacordoba.net\/index.php\/2024\/12\/15\/matias-rossi-cerro-el-ano-con-un-triunfazo-en-el-tc2000-en-concordia\/","title":{"rendered":"Mat\u00edas Rossi cerr\u00f3 el a\u00f1o con un triunfazo en el TC2000 en Concordia"},"content":{"rendered":"<p><time class=\"createDate\" datetime=\"2024-12-15T16:58:07-03:00\">15\/12\/2024 16:58hs.<\/time><\/p>\n<div id=\"storyBody\">\n<div class=\"custom-text \" readability=\"42\">\n<p><strong>\u00bfQue el TC2000 lo domina Renault? <\/strong>Es cierto que el tetracampe\u00f3n, Leonel Pern\u00eda, es referente de esa marca y que se ha afirmado por medio del Fluence -pronto a desaparecer con el cambio a las SUV-, <strong>pero no pasen por alto a Toyota<\/strong>. La marca japonesa, con amplia presencia en el automovilismo argentino, meti\u00f3 un doblete de aqu\u00e9llos en la \u00faltima fecha del <strong>TC2000 <\/strong>en Concordia: <strong>Mat\u00edas Rossi se qued\u00f3 con la victoria<\/strong> y Gabriel Ponce de Le\u00f3n, quien respet\u00f3 a su compa\u00f1ero pero no se achic\u00f3 al ir por la punta, fue su escolta.<\/p>\n<\/div>\n<div class=\"custom-text \" readability=\"39\">\n<p>Despu\u00e9s de la primera carrera dominical, en la que triunf\u00f3 Berni Llaver (Honda) y debi\u00f3 conformarse con el segundo puesto,<strong> el Misil sali\u00f3 decidido a llevarse puesta a la grilla en la carrera definitiva<\/strong>. Para alegr\u00eda del Gazoo Racing, el piloto de Del Viso se devor\u00f3 a Llaver y Ponce de Le\u00f3n hizo lo propio con Tiago Pern\u00eda, hijo del Tano y aspirante al subcampeonato.<\/p>\n<\/div>\n<div class=\"sc-e7b891c4-0 ifHnQL image-embed\"><img alt=\"El TC2000 cerr\u00f3 su temporada 2024 en Concordia. (TC2000)\" loading=\"lazy\" width=\"720\" height=\"100\" decoding=\"async\" data-nimg=\"1\" src=\"http:\/\/nuevacordoba.net\/wp-content\/uploads\/2024\/12\/matias-rossi-cerro-el-ano-con-un-triunfazo-en-el-tc2000-en-concordia.jpg\"><span class=\"epigraphe\">El TC2000 cerr\u00f3 su temporada 2024 en Concordia. (TC2000)<\/span><\/div>\n<div class=\"custom-text \" readability=\"36.278372591006\">\n<p>Al final del d\u00eda, <strong>un Rossi que jam\u00e1s pudo plantarle cara a Leo Pern\u00eda<\/strong>, campe\u00f3n varias fechas antes (trat\u00f3 de repetir la gesta en el Turismo Nacional, <a href=\"https:\/\/www.ole.com.ar\/autos\/matias-rossi-cerro-ano-triunfazo-tc2000-concordia-gano_0_HbANcB2lxR.html\" target=\"_self\" title=\"pero un choque lo imposibilit\u00f3, \u00e9l se calent\u00f3 y vinieron las sancione\" alt=\"pero un choque lo imposibilit\u00f3, \u00e9l se calent\u00f3 y vinieron las sancione\" rel=\"noopener\">pero un choque lo imposibilit\u00f3, \u00e9l se calent\u00f3 y vinieron las sancione<\/a><a href=\"https:\/\/www.ole.com.ar\/autos\/leonel-pernia-exabrupto-suspendido-caf-actc-turismo-nacional_0_twg67JnO5C.html\" target=\"_self\" title=\"s\" alt=\"s\" rel=\"noopener\">s<\/a>), pudo quedarse con el segundo puesto en la general. Y para Tiago, haciendo sus primeras armas en la categor\u00eda, el sinsabor de no haber logrado meter un 1-2 junto a su pap\u00e1, <strong>aunque recibi\u00f3 un dulce al quedarse con la Copa Rookie Latam.<\/strong><\/p>\n<\/div>\n<p><h2><strong>Se vienen las SUV en el TC2000<\/strong><\/h2>\n<\/p>\n<div class=\"custom-text \" readability=\"40\">\n<p>Esta fecha en Concordia ser\u00e1 recordada por los fierreros, no tanto por la actividad en s\u00ed sino por el valor simb\u00f3lico que carga: <strong>fue la \u00faltima con autos de turismo, dado que se les dar\u00e1 paso a las SUV<\/strong> al igual que el Stock Car brasile\u00f1o. El cambiazo tiene una explicaci\u00f3n comercial, ya que estas m\u00e1quinas son algunas de las m\u00e1s vendidas del mercado automotor, <strong>y promete venir con mucha acci\u00f3n<\/strong>: motores m\u00e1s potentes, ruido -perdido con los 2.0 turbo- y un sistema aerodin\u00e1mico que permitir\u00eda que los autos se sigan sin perder terreno.<\/p>\n<\/div>\n<div class=\"sc-e7b891c4-0 ifHnQL image-embed\"><img alt=\"Los TC2000 Next Gen, que har\u00e1n su estreno en la temporada 2025. (@TC2000)\" loading=\"lazy\" width=\"720\" height=\"100\" decoding=\"async\" data-nimg=\"1\" src=\"http:\/\/nuevacordoba.net\/wp-content\/uploads\/2024\/12\/matias-rossi-cerro-el-ano-con-un-triunfazo-en-el-tc2000-en-concordia-1.jpg\"><span class=\"epigraphe\">Los TC2000 Next Gen, que har\u00e1n su estreno en la temporada 2025. (@TC2000)<\/span><\/div>\n<div class=\"sc-a7166897-0 eoLsBE\" readability=\"6\">\n<section readability=\"2\"><picture><img alt=\"La nueva pasi\u00f3n de Franco Colapinto mientras aguarda por conocer su futuro en la F1\" loading=\"lazy\" width=\"290\" height=\"290\" decoding=\"async\" data-nimg=\"1\" src=\"http:\/\/nuevacordoba.net\/wp-content\/uploads\/2024\/12\/matias-rossi-cerro-el-ano-con-un-triunfazo-en-el-tc2000-en-concordia-2.jpg\"><\/picture>\n<p><span>Mir\u00e1 tambi\u00e9n<\/span><\/p>\n<hr>\n<h3>La nueva pasi\u00f3n de Franco Colapinto mientras aguarda por conocer su futuro en la F1<\/h3>\n<\/p>\n<\/section>\n<\/div>\n<div class=\"sc-a7166897-0 eoLsBE\" readability=\"6.5\">\n<section readability=\"3\"><picture><img alt=\"A la espera de una resoluci\u00f3n sobre su futuro, Colapinto lleg\u00f3 a la Argentina\" loading=\"lazy\" width=\"290\" height=\"290\" decoding=\"async\" data-nimg=\"1\" src=\"http:\/\/nuevacordoba.net\/wp-content\/uploads\/2024\/12\/matias-rossi-cerro-el-ano-con-un-triunfazo-en-el-tc2000-en-concordia-3.jpg\"><\/picture>\n<p><span>Mir\u00e1 tambi\u00e9n<\/span><\/p>\n<hr>\n<h3>A la espera de una resoluci\u00f3n sobre su futuro, Colapinto lleg\u00f3 a la Argentina<\/h3>\n<\/p>\n<\/section>\n<\/div>\n<div class=\"sc-a7166897-0 eoLsBE\" readability=\"6\">\n<section readability=\"2\"><picture><img alt=\"&quot;La CAF me chupa bien la...&quot;: el exabrupto por el que Pern\u00eda fue suspendido\" loading=\"lazy\" width=\"290\" height=\"290\" decoding=\"async\" data-nimg=\"1\" src=\"http:\/\/nuevacordoba.net\/wp-content\/uploads\/2024\/12\/matias-rossi-cerro-el-ano-con-un-triunfazo-en-el-tc2000-en-concordia-4.jpg\"><\/picture>\n<p><span>Mir\u00e1 tambi\u00e9n<\/span><\/p>\n<hr>\n<h3>\u00abLa CAF me chupa bien la&#8230;\u00bb: el exabrupto por el que Pern\u00eda fue suspendido<\/h3>\n<\/p>\n<\/section>\n<\/div>\n<div class=\"sc-a7166897-0 eoLsBE\" readability=\"6\">\n<section readability=\"2\"><picture><img alt=\"Una figura del automovilismo volver\u00e1 al Turismo Carretera en 2025\" loading=\"lazy\" width=\"290\" height=\"290\" decoding=\"async\" data-nimg=\"1\" src=\"http:\/\/nuevacordoba.net\/wp-content\/uploads\/2024\/12\/matias-rossi-cerro-el-ano-con-un-triunfazo-en-el-tc2000-en-concordia-5.jpg\"><\/picture>\n<p><span>Mir\u00e1 tambi\u00e9n<\/span><\/p>\n<hr>\n<h3>Una figura del automovilismo volver\u00e1 al Turismo Carretera en 2025<\/h3>\n<\/p>\n<\/section>\n<\/div>\n<div class=\"sc-a7166897-0 eoLsBE\" readability=\"6\">\n<section readability=\"2\"><picture><img alt=\"Qui\u00e9n es la argentina que fue premiada en la gala de la FIA\" loading=\"lazy\" width=\"290\" height=\"290\" decoding=\"async\" data-nimg=\"1\" src=\"http:\/\/nuevacordoba.net\/wp-content\/uploads\/2024\/12\/matias-rossi-cerro-el-ano-con-un-triunfazo-en-el-tc2000-en-concordia-6.jpg\"><\/picture>\n<p><span>Mir\u00e1 tambi\u00e9n<\/span><\/p>\n<hr>\n<h3>Qui\u00e9n es la argentina que fue premiada en la gala de la FIA<\/h3>\n<\/p>\n<\/section>\n<\/div>\n<div class=\"sc-a7166897-0 eoLsBE\" readability=\"6.5\">\n<section readability=\"3\"><picture><img alt=\"Tiene 16 a\u00f1os, la rompi\u00f3 en Interlagos y seguir\u00e1 los pasos de Colapinto\" loading=\"lazy\" width=\"290\" height=\"290\" decoding=\"async\" data-nimg=\"1\" src=\"http:\/\/nuevacordoba.net\/wp-content\/uploads\/2024\/12\/matias-rossi-cerro-el-ano-con-un-triunfazo-en-el-tc2000-en-concordia-7.jpg\"><\/picture>\n<p><span>Mir\u00e1 tambi\u00e9n<\/span><\/p>\n<hr>\n<h3>Tiene 16 a\u00f1os, la rompi\u00f3 en Interlagos y seguir\u00e1 los pasos de Colapinto<\/h3>\n<\/p>\n<\/section>\n<\/div>\n<\/div>\n","protected":false},"excerpt":{"rendered":"<p>15\/12\/2024 16:58hs. \u00bfQue el TC2000 lo domina Renault? Es cierto que el tetracampe\u00f3n, Leonel Pern\u00eda, es referente de esa marca y que se ha afirmado por medio del Fluence -pronto a desaparecer con el cambio a las SUV-, pero no pasen por alto a Toyota. La marca japonesa, con amplia presencia en el automovilismo argentino, [&hellip;]<\/p>\n","protected":false},"author":1,"featured_media":51888,"comment_status":"closed","ping_status":"closed","sticky":false,"template":"","format":"standard","meta":[],"categories":[10],"tags":[],"_links":{"self":[{"href":"http:\/\/nuevacordoba.net\/index.php\/wp-json\/wp\/v2\/posts\/51887"}],"collection":[{"href":"http:\/\/nuevacordoba.net\/index.php\/wp-json\/wp\/v2\/posts"}],"about":[{"href":"http:\/\/nuevacordoba.net\/index.php\/wp-json\/wp\/v2\/types\/post"}],"author":[{"embeddable":true,"href":"http:\/\/nuevacordoba.net\/index.php\/wp-json\/wp\/v2\/users\/1"}],"replies":[{"embeddable":true,"href":"http:\/\/nuevacordoba.net\/index.php\/wp-json\/wp\/v2\/comments?post=51887"}],"version-history":[{"count":0,"href":"http:\/\/nuevacordoba.net\/index.php\/wp-json\/wp\/v2\/posts\/51887\/revisions"}],"wp:featuredmedia":[{"embeddable":true,"href":"http:\/\/nuevacordoba.net\/index.php\/wp-json\/wp\/v2\/media\/51888"}],"wp:attachment":[{"href":"http:\/\/nuevacordoba.net\/index.php\/wp-json\/wp\/v2\/media?parent=51887"}],"wp:term":[{"taxonomy":"category","embeddable":true,"href":"http:\/\/nuevacordoba.net\/index.php\/wp-json\/wp\/v2\/categories?post=51887"},{"taxonomy":"post_tag","embeddable":true,"href":"http:\/\/nuevacordoba.net\/index.php\/wp-json\/wp\/v2\/tags?post=51887"}],"curies":[{"name":"wp","href":"https:\/\/api.w.org\/{rel}","templated":true}]}}