{"id":51906,"date":"2024-12-16T03:03:56","date_gmt":"2024-12-16T03:03:56","guid":{"rendered":"https:\/\/puntoapunto.com.ar\/?p=368336"},"modified":"2024-12-16T03:03:56","modified_gmt":"2024-12-16T03:03:56","slug":"la-propuesta-de-idesa-para-restituir-la-autonomia-fiscal-a-provincias-las-claves-en-iva-y-ganancias","status":"publish","type":"post","link":"http:\/\/nuevacordoba.net\/index.php\/2024\/12\/16\/la-propuesta-de-idesa-para-restituir-la-autonomia-fiscal-a-provincias-las-claves-en-iva-y-ganancias\/","title":{"rendered":"La propuesta de IDESA para restituir la autonom\u00eda fiscal a provincias: las claves en IVA y Ganancias"},"content":{"rendered":"<div class=\"group\/conversation-turn relative flex w-full min-w-0 flex-col agent-turn\">\n<div class=\"flex-col gap-1 md:gap-3\">\n<div class=\"flex max-w-full flex-col flex-grow\">\n<div class=\"min-h-8 text-message flex w-full flex-col items-end gap-2 whitespace-normal break-words text-start [.text-message+&amp;]:mt-5\" dir=\"auto\" data-message-author-role=\"assistant\" data-message-id=\"df75b278-7b33-458f-9f8a-2deafe3ec96c\" data-message-model-slug=\"gpt-4o\">\n<div class=\"flex w-full flex-col gap-1 empty:hidden first:pt-[3px]\">\n<div class=\"markdown prose w-full break-words dark:prose-invert light\">\n<div class=\"g g-36\">\n<div class=\"g-dyn a-29 c-1\"><a class=\"gofollow\" data-track=\"MjksMzYsMSw2MA==\" href=\"https:\/\/www.harmoniechateau.com.ar\/\" target=\"_blank\" rel=\"noopener\"><img src=\"http:\/\/nuevacordoba.net\/wp-content\/uploads\/2024\/12\/la-propuesta-de-idesa-para-restituir-la-autonomia-fiscal-a-provincias-las-claves-en-iva-y-ganancias.gif\" loading=\"lazy\"><\/a><\/div>\n<\/div>\n<\/div>\n<\/div>\n<\/div>\n<\/div>\n<\/div>\n<\/div>\n<p>&nbsp;\n<\/p>\n<p>El <a href=\"https:\/\/puntoapunto.com.ar\/un-ano-de-javier-milei-la-economia-argentina-en-recuperacion-y-los-desafios-que-quedan\/\">gobierno de Javier Milei<\/a> busca promover una transformaci\u00f3n estructural del r\u00e9gimen fiscal argentino. En su reciente discurso tras el primer a\u00f1o de mandato, el presidente destac\u00f3 la necesidad de devolver la autonom\u00eda impositiva a las provincias, una medida que podr\u00eda reconfigurar el funcionamiento del sector p\u00fablico y, en consecuencia, impulsar la inversi\u00f3n, la producci\u00f3n y el empleo en el pa\u00eds.\n<\/p>\n<p>En la actualidad, el sistema de coparticipaci\u00f3n vigente, aprobado durante el gobierno de Ra\u00fal Alfons\u00edn, concentra la recaudaci\u00f3n de impuestos nacionales en una \u00abmasa coparticipable\u00bb que luego se distribuye entre la Naci\u00f3n y las provincias mediante coeficientes fijos. Esta din\u00e1mica, aunque efectiva para mantener cierto equilibrio regional, se desv\u00eda del dise\u00f1o federal original de la Constituci\u00f3n, que estipula que cada jurisdicci\u00f3n deber\u00eda financiar sus propios gastos p\u00fablicos a trav\u00e9s de impuestos propios.\n<\/p>\n<p><strong>Un esquema alternativo: la redistribuci\u00f3n del IVA y Ganancias<\/strong><!-- \u00a1O bien no hay banners, estan desactivados o no estan programados para esta ubicaci\u00f3n! -->\n<\/p>\n<p>El Instituto para el Desarrollo Social Argentino (<a href=\"https:\/\/idesa.org\/\">IDESA<\/a>) propone una hoja de ruta para devolver la autonom\u00eda fiscal a las provincias sin generar un impacto traum\u00e1tico. Seg\u00fan el an\u00e1lisis de la entidad, se podr\u00eda avanzar estableciendo un esquema donde:\n<\/p>\n<ul>\n<li>La Naci\u00f3n se apropie en su totalidad de lo recaudado por el impuesto a las ganancias, que representa el 4,3% del PBI.<\/li>\n<li>Las provincias gestionen el IVA, cuya recaudaci\u00f3n equivale al 6,7% del PBI.<\/li>\n<\/ul>\n<p><img decoding=\"async\" class=\"aligncenter size-full wp-image-368337\" src=\"http:\/\/nuevacordoba.net\/wp-content\/uploads\/2024\/12\/la-propuesta-de-idesa-para-restituir-la-autonomia-fiscal-a-provincias-las-claves-en-iva-y-ganancias.png\" alt width=\"635\" height=\"265\" srcset=\"http:\/\/nuevacordoba.net\/wp-content\/uploads\/2024\/12\/la-propuesta-de-idesa-para-restituir-la-autonomia-fiscal-a-provincias-las-claves-en-iva-y-ganancias.png 635w, http:\/\/nuevacordoba.net\/wp-content\/uploads\/2024\/12\/la-propuesta-de-idesa-para-restituir-la-autonomia-fiscal-a-provincias-las-claves-en-iva-y-ganancias-1.png 300w\" sizes=\"(max-width: 635px) 100vw, 635px\" loading=\"lazy\"><\/p>\n<p>Este modelo garantiza que las provincias contin\u00faen recibiendo aproximadamente el mismo porcentaje del PBI que actualmente obtienen por la coparticipaci\u00f3n, mientras que la Naci\u00f3n mantendr\u00eda ingresos equivalentes a los actuales.\n<\/p>\n<p>Para lograr una distribuci\u00f3n equitativa del IVA, IDESA sugiere una regla similar a la del impuesto sobre los ingresos brutos: cada provincia retendr\u00eda el IVA generado en su territorio, mientras que en las operaciones interprovinciales, la recaudaci\u00f3n se repartir\u00eda equitativamente entre las provincias de origen y destino.\n<\/p>\n<p><strong>Hacia un \u201cs\u00faper IVA\u201d provincial<\/strong>\n<\/p>\n<p>La unificaci\u00f3n del IVA con ingresos brutos y tasas municipales dar\u00eda lugar a un \u201cs\u00faper IVA\u201d, con una al\u00edcuota superior al 21% actual, que reflejar\u00eda de manera expl\u00edcita la presi\u00f3n tributaria ya existente. Aunque su administraci\u00f3n seguir\u00eda a cargo de la Administraci\u00f3n Federal de Ingresos P\u00fablicos (AFIP), esta operar\u00eda bajo la direcci\u00f3n de las provincias, aplicando las nuevas reglas de distribuci\u00f3n.\n<\/p>\n<p><strong>Un fondo de transici\u00f3n para las provincias m\u00e1s rezagadas<\/strong>\n<\/p>\n<p>La implementaci\u00f3n de este esquema no desconoce las disparidades econ\u00f3micas entre las provincias. Por ello, IDESA sugiere la creaci\u00f3n de un Fondo de Convergencia destinado a las provincias del norte del pa\u00eds, con menos capacidad de autofinanciamiento. Este fondo ser\u00eda m\u00e1s reducido que la actual masa de coparticipaci\u00f3n y estar\u00eda condicionado a ser utilizado exclusivamente para cerrar brechas de desarrollo, evitando pr\u00e1cticas clientelistas.\n<\/p>\n<p><strong>Restaurar el federalismo fiscal<\/strong>\n<\/p>\n<p>El r\u00e9gimen de coparticipaci\u00f3n actual no solo contradice el dise\u00f1o constitucional, sino que tambi\u00e9n diluye la responsabilidad fiscal de las provincias, al desconectar la recaudaci\u00f3n de la toma de decisiones sobre el gasto. Seg\u00fan IDESA, restablecer el principio de correspondencia fiscal \u2013donde quien decide el gasto tambi\u00e9n recauda los impuestos para financiarlo y rinde cuentas\u2013 es clave para reconstruir un federalismo m\u00e1s equilibrado y funcional.\n<\/p>\n<p>La autonom\u00eda impositiva provincial no solo representar\u00eda un paso hacia un sistema m\u00e1s transparente y eficiente, sino que tambi\u00e9n podr\u00eda sentar las bases para un desarrollo econ\u00f3mico sostenido en todo el territorio argentino. Sin embargo, su implementaci\u00f3n requerir\u00e1 amplios consensos pol\u00edticos y un dise\u00f1o cuidadoso para evitar desigualdades regionales.\n<\/p>\n<div class=\"g g-38\">\n<div class=\"g-dyn a-12 c-1\"><a class=\"gofollow\" data-track=\"MTIsMzgsMSw2MA==\" href=\"https:\/\/hospitalprivado.com.ar\/blog\/institucional\/somos-la-primera-institucion-del-interior-del-pais-en-acreditar-joint-commission-international.html\" target=\"_blank\" rel=\"noopener\"><img src=\"http:\/\/nuevacordoba.net\/wp-content\/uploads\/2024\/12\/la-propuesta-de-idesa-para-restituir-la-autonomia-fiscal-a-provincias-las-claves-en-iva-y-ganancias-1.gif\" loading=\"lazy\"><\/a><\/div>\n<\/div>\n","protected":false},"excerpt":{"rendered":"<p>&nbsp; El gobierno de Javier Milei busca promover una transformaci\u00f3n estructural del r\u00e9gimen fiscal argentino. En su reciente discurso tras el primer a\u00f1o de mandato, el presidente destac\u00f3 la necesidad de devolver la autonom\u00eda impositiva a las provincias, una medida que podr\u00eda reconfigurar el funcionamiento del sector p\u00fablico y, en consecuencia, impulsar la inversi\u00f3n, la [&hellip;]<\/p>\n","protected":false},"author":1,"featured_media":51907,"comment_status":"open","ping_status":"closed","sticky":false,"template":"","format":"standard","meta":[],"categories":[14],"tags":[],"_links":{"self":[{"href":"http:\/\/nuevacordoba.net\/index.php\/wp-json\/wp\/v2\/posts\/51906"}],"collection":[{"href":"http:\/\/nuevacordoba.net\/index.php\/wp-json\/wp\/v2\/posts"}],"about":[{"href":"http:\/\/nuevacordoba.net\/index.php\/wp-json\/wp\/v2\/types\/post"}],"author":[{"embeddable":true,"href":"http:\/\/nuevacordoba.net\/index.php\/wp-json\/wp\/v2\/users\/1"}],"replies":[{"embeddable":true,"href":"http:\/\/nuevacordoba.net\/index.php\/wp-json\/wp\/v2\/comments?post=51906"}],"version-history":[{"count":0,"href":"http:\/\/nuevacordoba.net\/index.php\/wp-json\/wp\/v2\/posts\/51906\/revisions"}],"wp:featuredmedia":[{"embeddable":true,"href":"http:\/\/nuevacordoba.net\/index.php\/wp-json\/wp\/v2\/media\/51907"}],"wp:attachment":[{"href":"http:\/\/nuevacordoba.net\/index.php\/wp-json\/wp\/v2\/media?parent=51906"}],"wp:term":[{"taxonomy":"category","embeddable":true,"href":"http:\/\/nuevacordoba.net\/index.php\/wp-json\/wp\/v2\/categories?post=51906"},{"taxonomy":"post_tag","embeddable":true,"href":"http:\/\/nuevacordoba.net\/index.php\/wp-json\/wp\/v2\/tags?post=51906"}],"curies":[{"name":"wp","href":"https:\/\/api.w.org\/{rel}","templated":true}]}}