{"id":51916,"date":"2024-12-16T23:40:00","date_gmt":"2024-12-16T23:40:00","guid":{"rendered":"https:\/\/www.ole.com.ar\/autos\/viene-primer-tatuaje-franco-colapinto-divertidas-confesiones-williams_0_dhNKxv6Ha4.html"},"modified":"2024-12-16T23:40:00","modified_gmt":"2024-12-16T23:40:00","slug":"se-viene-el-primer-tatuaje-de-franco-colapinto","status":"publish","type":"post","link":"http:\/\/nuevacordoba.net\/index.php\/2024\/12\/16\/se-viene-el-primer-tatuaje-de-franco-colapinto\/","title":{"rendered":"\u00bfSe viene el primer tatuaje de Franco Colapinto?"},"content":{"rendered":"<p><time class=\"createDate\" datetime=\"2024-12-16T20:40:00-03:00\">16\/12\/2024 20:40hs.<\/time><\/p>\n<div id=\"storyBody\">\n<div class=\"custom-text \" readability=\"37\">\n<p><strong>Franco Colapinto <\/strong>y <strong>Alexander Albon<\/strong> protagonizaron un divertido video para Williams en el que respondieron preguntas sobre qui\u00e9n de los dos har\u00eda ciertas cosas y qu\u00e9 costumbres tienen. Entre risas y confesiones, surgieron algunas cuestiones que sorprendieron a los fan\u00e1ticos, <strong>entre ellas la posibilidad de que el argentino se anime a hacerse su primer tatuaje<\/strong>.<\/p>\n<\/div>\n<div class=\"custom-text \" readability=\"38\">\n<p>Al ser consultados por qui\u00e9n es m\u00e1s probable que se tat\u00fae, Franco ni siquiera respondi\u00f3 y lanz\u00f3 una idea: <strong>\u00abMe tatuar\u00eda un 43. No tengo ninguno, tengo suficientes cicatrices en el cuerpo como para tener tatuajes<\/strong>\u00ab. Este n\u00famero es especial para el pilarense, ya que lo acompa\u00f1\u00f3 desde sus inicios hasta en su llegada a la F\u00f3rmula 1.<\/p>\n<\/div>\n<div class=\"custom-text \" readability=\"38\">\n<p>Por su parte, Albon descart\u00f3 por completo hacerse uno, pero no sin antes bromear sobre lo que ser\u00eda su tatuaje ideal: \u00ab<strong>Si lo hiciera, ser\u00eda algo como un hamster haciendo windsurf. Algo muy est\u00fapido, pero no lo har\u00eda<\/strong>\u00ab.<\/p>\n<\/div>\n<div class=\"sc-e7b891c4-0 ifHnQL image-embed\"><img alt=\"Colapinto y Albon se divirtieron juntos en un video para Williams.\" loading=\"lazy\" width=\"720\" height=\"100\" decoding=\"async\" data-nimg=\"1\" src=\"http:\/\/nuevacordoba.net\/wp-content\/uploads\/2024\/12\/se-viene-el-primer-tatuaje-de-franco-colapinto.jpg\"><span class=\"epigraphe\">Colapinto y Albon se divirtieron juntos en un video para Williams.<\/span><\/div>\n<div class=\"custom-text \" readability=\"39\">\n<p>Otro momento destacado del video fue cuando le preguntaron al tailand\u00e9s si Colapinto ser\u00eda bueno en TikTok. La respuesta fue un rotundo s\u00ed: \u00ab<strong>Franco ser\u00eda un gran tiktoker. Todos sus fans lo seguir\u00edan y se volver\u00edan locos<\/strong>\u00ab. Sin embargo, hubo un giro inesperado, porque el argentino dej\u00f3 claro que no est\u00e1 interesado en la plataforma: <strong>\u00abOdio TikTok. Ni siquiera s\u00e9 c\u00f3mo funciona\u00bb. <\/strong>Esto no quiere decir que no sea una figura de las redes, si hasta se hizo famosa su segunda cuenta de X, Reloquiri&#8230;<\/p>\n<\/div>\n<div class=\"sc-734b4696-1 kFfZtB\" readability=\"8\">\n<div class=\"sc-d00d9e74-0 hnHYbk\" type=\"embed\">\n<div class=\"sc-d00d9e74-1 iKVbz videoText\" id=\"contentTitleembedG5eF5PwJ\" type=\"embed\"><svg fill=\"#ffffff\"><symbol id=\"play\" viewBox=\"0 0 512 512\"><path d=\"M512 256C512 397.4 397.4 512 256 512C114.6 512 0 397.4 0 256C0 114.6 114.6 0 256 0C397.4 0 512 114.6 512 256zM176 168V344C176 352.7 180.7 360.7 188.3 364.9C195.8 369.2 205.1 369 212.5 364.5L356.5 276.5C363.6 272.1 368 264.4 368 256C368 247.6 363.6 239.9 356.5 235.5L212.5 147.5C205.1 142.1 195.8 142.8 188.3 147.1C180.7 151.3 176 159.3 176 168V168z\" \/><\/symbol><use xlink:href=\"#play\" \/><\/svg><\/p>\n<div class=\"right\">\n<p>Franco Colapinto<!-- --> &#8211; <span>&nbsp;<\/span><\/p>\n<h2 class=\"title-vid\">Las divertidas confesiones de Colapinto y Albon para Williams<\/h2>\n<\/div>\n<\/div>\n<p><span class=\"back\" id=\"spanBackembedG5eF5PwJ\"><\/span><\/div>\n<p>Los pilotos respondieron preguntas sobre qui\u00e9n de los dos tiene ciertas caracter\u00edsticas o costumbres.<\/p>\n<\/div>\n<p><h2><strong>El futuro de Colapinto en la F\u00f3rmula 1<\/strong><\/h2>\n<\/p>\n<div class=\"custom-text \" readability=\"42\">\n<p>Con o sin tatuajes y bien alejado de TikTok, <strong>Franco sigue siendo una de las figuras m\u00e1s carism\u00e1ticas en pasar por la M\u00e1xima en los \u00faltimos a\u00f1os<\/strong>. Sin embargo, pese a su velocidad y la qu\u00edmica que construy\u00f3 con Albon con este tipo de actividades, el argentino no continuar\u00e1 como piloto titular de Williams en 2025. <strong>La escuder\u00eda contrat\u00f3 al espa\u00f1ol Carlos Sainz<\/strong>, proveniente de Ferrari, dejando el porvenir del pilarense, quien se sum\u00f3 a mitad de temporada para reemplazar a Logan Sargeant, como una gran inc\u00f3gnita.<\/p>\n<\/div>\n<div class=\"custom-text \" readability=\"37\">\n<p>A la espera de una resoluci\u00f3n sobre su futuro,<strong> Colapinto lleg\u00f3 a la Argentina. <\/strong>M\u00e1s all\u00e1 de que las primeras informaciones indicaban que \u00e9l iba a dar una conferencia de prensa en la sede del ACA el pr\u00f3ximo 17 de diciembre y que el 20 tendr\u00eda un encuentro abierto con sus fans en el Movistar Arena, <strong>Ol\u00e9 <\/strong>pudo averiguar que a\u00fan no hay nada confirmado.<\/p>\n<\/div>\n<div class=\"sc-e7b891c4-0 ifHnQL image-embed\"><img alt=\"James Vowles, jefe de Williams, junto a Franco Colapinto. (@WilliamsRacing)\" loading=\"lazy\" width=\"720\" height=\"100\" decoding=\"async\" data-nimg=\"1\" src=\"http:\/\/nuevacordoba.net\/wp-content\/uploads\/2024\/12\/se-viene-el-primer-tatuaje-de-franco-colapinto-1.jpg\"><span class=\"epigraphe\">James Vowles, jefe de Williams, junto a Franco Colapinto. (@WilliamsRacing)<\/span><\/div>\n<div class=\"custom-text \" readability=\"28.993442622951\">\n<p>A la espera de una definici\u00f3n en las negociaciones con Alpine y Red Bull, que <strong><a href=\"https:\/\/www.ole.com.ar\/tema\/XYVQXn2xmJ.html\" title=\"parecen estar bastante fr\u00edas por declaraciones de Flavio Briatore\" alt=\"parecen estar bastante fr\u00edas por declaraciones de Flavio Briatore\">parecen estar bastante fr\u00edas por declaraciones de Flavio Briatore<\/a><\/strong> (asesor de los franceses) y de Christian Horner (jefe de equipo de los austr\u00edacos), el volante albiceleste arrancar\u00e1 con su descanso en Argentina en familia.<\/p>\n<\/div>\n<div class=\"sc-a7166897-0 eoLsBE\" readability=\"6\">\n<section readability=\"2\"><picture><img alt=\"La nueva pasi\u00f3n de Franco Colapinto que excede al automovilismo\" loading=\"lazy\" width=\"290\" height=\"290\" decoding=\"async\" data-nimg=\"1\" src=\"http:\/\/nuevacordoba.net\/wp-content\/uploads\/2024\/12\/se-viene-el-primer-tatuaje-de-franco-colapinto-2.jpg\"><\/picture>\n<p><span>Mir\u00e1 tambi\u00e9n<\/span><\/p>\n<hr>\n<h3>La nueva pasi\u00f3n de Franco Colapinto que excede al automovilismo<\/h3>\n<\/p>\n<\/section>\n<\/div>\n<div class=\"sc-a7166897-0 eoLsBE\" readability=\"6.5\">\n<section readability=\"3\"><picture><img alt=\"A la espera de una resoluci\u00f3n sobre su futuro, Colapinto lleg\u00f3 a la Argentina\" loading=\"lazy\" width=\"290\" height=\"290\" decoding=\"async\" data-nimg=\"1\" src=\"http:\/\/nuevacordoba.net\/wp-content\/uploads\/2024\/12\/se-viene-el-primer-tatuaje-de-franco-colapinto-3.jpg\"><\/picture>\n<p><span>Mir\u00e1 tambi\u00e9n<\/span><\/p>\n<hr>\n<h3>A la espera de una resoluci\u00f3n sobre su futuro, Colapinto lleg\u00f3 a la Argentina<\/h3>\n<\/p>\n<\/section>\n<\/div>\n<div class=\"sc-a7166897-0 eoLsBE\" readability=\"6.5\">\n<section readability=\"3\"><picture><img alt=\"Gan\u00f3 tres carreras en la F\u00f3rmula 1 y duda de Colapinto: &quot;Brill\u00f3 mucho, pero...&quot;\" loading=\"lazy\" width=\"290\" height=\"290\" decoding=\"async\" data-nimg=\"1\" src=\"http:\/\/nuevacordoba.net\/wp-content\/uploads\/2024\/12\/se-viene-el-primer-tatuaje-de-franco-colapinto-4.jpg\"><\/picture>\n<p><span>Mir\u00e1 tambi\u00e9n<\/span><\/p>\n<hr>\n<h3>Gan\u00f3 tres carreras en la F\u00f3rmula 1 y duda de Colapinto: \u00abBrill\u00f3 mucho, pero&#8230;\u00bb<\/h3>\n<\/p>\n<\/section>\n<\/div>\n<div class=\"sc-a7166897-0 eoLsBE\" readability=\"6\">\n<section readability=\"2\"><picture><img alt=\"Qui\u00e9n es la argentina que fue premiada en la gala de la FIA\" loading=\"lazy\" width=\"290\" height=\"290\" decoding=\"async\" data-nimg=\"1\" src=\"http:\/\/nuevacordoba.net\/wp-content\/uploads\/2024\/12\/se-viene-el-primer-tatuaje-de-franco-colapinto-5.jpg\"><\/picture>\n<p><span>Mir\u00e1 tambi\u00e9n<\/span><\/p>\n<hr>\n<h3>Qui\u00e9n es la argentina que fue premiada en la gala de la FIA<\/h3>\n<\/p>\n<\/section>\n<\/div>\n<\/div>\n","protected":false},"excerpt":{"rendered":"<p>16\/12\/2024 20:40hs. Franco Colapinto y Alexander Albon protagonizaron un divertido video para Williams en el que respondieron preguntas sobre qui\u00e9n de los dos har\u00eda ciertas cosas y qu\u00e9 costumbres tienen. Entre risas y confesiones, surgieron algunas cuestiones que sorprendieron a los fan\u00e1ticos, entre ellas la posibilidad de que el argentino se anime a hacerse su [&hellip;]<\/p>\n","protected":false},"author":1,"featured_media":51917,"comment_status":"closed","ping_status":"closed","sticky":false,"template":"","format":"standard","meta":[],"categories":[10],"tags":[],"_links":{"self":[{"href":"http:\/\/nuevacordoba.net\/index.php\/wp-json\/wp\/v2\/posts\/51916"}],"collection":[{"href":"http:\/\/nuevacordoba.net\/index.php\/wp-json\/wp\/v2\/posts"}],"about":[{"href":"http:\/\/nuevacordoba.net\/index.php\/wp-json\/wp\/v2\/types\/post"}],"author":[{"embeddable":true,"href":"http:\/\/nuevacordoba.net\/index.php\/wp-json\/wp\/v2\/users\/1"}],"replies":[{"embeddable":true,"href":"http:\/\/nuevacordoba.net\/index.php\/wp-json\/wp\/v2\/comments?post=51916"}],"version-history":[{"count":0,"href":"http:\/\/nuevacordoba.net\/index.php\/wp-json\/wp\/v2\/posts\/51916\/revisions"}],"wp:featuredmedia":[{"embeddable":true,"href":"http:\/\/nuevacordoba.net\/index.php\/wp-json\/wp\/v2\/media\/51917"}],"wp:attachment":[{"href":"http:\/\/nuevacordoba.net\/index.php\/wp-json\/wp\/v2\/media?parent=51916"}],"wp:term":[{"taxonomy":"category","embeddable":true,"href":"http:\/\/nuevacordoba.net\/index.php\/wp-json\/wp\/v2\/categories?post=51916"},{"taxonomy":"post_tag","embeddable":true,"href":"http:\/\/nuevacordoba.net\/index.php\/wp-json\/wp\/v2\/tags?post=51916"}],"curies":[{"name":"wp","href":"https:\/\/api.w.org\/{rel}","templated":true}]}}