{"id":51942,"date":"2024-12-17T13:29:21","date_gmt":"2024-12-17T13:29:21","guid":{"rendered":"http:\/\/cordobanewsnet.wordpress.com\/?p=12302"},"modified":"2024-12-17T13:29:21","modified_gmt":"2024-12-17T13:29:21","slug":"comision-de-salud-publica","status":"publish","type":"post","link":"http:\/\/nuevacordoba.net\/index.php\/2024\/12\/17\/comision-de-salud-publica\/","title":{"rendered":"COMISI\u00d3N DE SALUD P\u00daBLICA"},"content":{"rendered":"<p>Se reuni\u00f3 hoy la comisi\u00f3n de Salud, en la sala de comisiones del Concejo Deliberante y por la modalidad de zoom, presidida por la concejala Valeria Bustamante (Hacemos Unidos por C\u00f3rdoba).<\/p>\n<p>Los concejales recibieron a Ariel Aleksandroff, secretario de Salud de la Municipalidad de C\u00f3rdoba; \u00c1ngel Fiori, director de Calidad Alimentaria; Marcela Marram\u00e1, subsecretaria de Salud; y Lucas Torrice, subsecretario de Salud Mental y Adicciones.<\/p>\n<p>En la oportunidad, los ediles trataron los siguientes proyectos:<\/p>\n<p><strong>11946\/C\/24 CONCEJALES GARADE PANETTA, GUTI\u00c9RREZ, LUJ\u00c1N, BALASTEGUI Y PIGUILLEM P\/R SOLICITANDO AL DEM INFORME (ART. 65 COM) SOBRE DIVERSOS ASPECTOS REFERIDOS A LAS MEDIDAS DE PREVENCI\u00d3N DEL S\u00cdNDROME UR\u00c9MICO HEMOL\u00cdTICO (SUH). Aprobado el archivo.<\/strong><\/p>\n<p>\u201cEn el S\u00edndrome Ur\u00e9mico hay causas infecciosas y no infecciosas, los tratamientos son paliativos y lo mejor que se puede hacer es la prevenci\u00f3n. Este s\u00edndrome tiene muchas etapas. Los equipos est\u00e1n preparados, sobre todo&nbsp;los del Infantil, porque abarca a menores. Lo primero que se hace son estudios de laboratorio, que est\u00e1n equipados con los test que producen esta toxina. Los antibi\u00f3ticos no tienen acci\u00f3n. La enfermedad ataca los gl\u00f3bulos rojos y los ri\u00f1ones. Hay que fortalecer las notificaciones de estas patolog\u00edas, ya que el paciente debe quedar en el lugar sanitario. La notificaci\u00f3n debe ser para el proceso de vigilancia y pasar a la Direcci\u00f3n de Epidemiolog\u00eda y a la Direcci\u00f3n de Calidad Alimentaria, para poder cortar la trasmisi\u00f3n de la enfermedad. No todos los casos de esta bacteria desencadenan en un S\u00edndrome Ur\u00e9mico Hemol\u00edtico. Prevalece en el verano. Este a\u00f1o tuvimos 11 casos, el anterior a\u00f1o tuvimos 8 casos\u201d, explic\u00f3 Marram\u00e1s.<\/p>\n<p>El S\u00edndrome Ur\u00e9mico Hemol\u00edtico forma parte de la curr\u00edcula de las escuelas municipales al igual que el dengue. El lavado de manos, las piletas bien cloradas, las campa\u00f1as en los festivales, son las medidas preventivas que lleva a cabo la Municipalidad.<\/p>\n<p>Angel Fiore se refiri\u00f3 al Manual de Buenas Pr\u00e1cticas y la capacitaci\u00f3n de los vecinos que solicitan el carn\u00e9 sanitario. Todos los meses se realizan cursos en el Mercado Norte y se va a extender a los CPC. Hay 900 establecimientos, se tienen geolocalizadas las carnicer\u00edas, se realizaron 1.421 inspecciones en las mismas, se labraron las actas correspondientes, y se explica c\u00f3mo se debe realizar la manipulaci\u00f3n y el lavado de manos.<\/p>\n<p>Aleksandroff cont\u00f3 que en el Infantil tienen di\u00e1lisis sangu\u00ednea para los casos complejos del S\u00edndrome Ur\u00e9mico Hemol\u00edtico. Explic\u00f3 adem\u00e1s que todas las instituciones tienen el curso de buenas pr\u00e1cticas de uso de los alimentos.<\/p>\n<p><strong>11970\/E\/24 DEM P\/O RATIFICANDO EL CONVENIO ENTRE LA MUNICIPALIDAD DE C\u00d3RDOBA Y EL MINISTERIO DE GOBIERNO DE LA PROVINCIA DE C\u00d3RDOBA, CON LA FINALIDAD DE LA CONSTRUCCI\u00d3N DE DOS CENTROS DE REHABILITACI\u00d3N DE ADICCIONES Y SALUD MENTAL. Aprobado por unanimidad.<\/strong><\/p>\n<p>El secretario de Salud Ariel Aleksandroff y el subsecretario de Salud Mental y Adicciones, Lucas Torrice explicaron los alcances del convenio.<\/p>\n<p>Con respecto al convenio Alecksandroff dijo que es en el marco del Fondo de Infraestructura con municipios. Ser\u00edan dos nuevos centros de atenci\u00f3n en los barrios Ituzaing\u00f3 y Parque Futura que se sumar\u00edan a la red que viene llevando a cabo la Municipalidad, reforzando la estrategia. \u201cSer\u00e1n 500 millones de pesos. La Municipalidad de C\u00f3rdoba ya sac\u00f3 a subasta la construcci\u00f3n de los dos, uno en noviembre y el otro en diciembre, con dos constructoras\u201d asegur\u00f3.<\/p>\n<p>El funcionario ense\u00f1\u00f3 los planos de ambas construcciones y cont\u00f3 que se agregar\u00e1n 10 nuevas camas para internaciones agudas en salud mental en el Pr\u00edncipe de Asturias.<\/p>\n<p>A su turno, Lucas Torrice dej\u00f3 un dosier sobre las pol\u00edticas en salud mental y lo aprobado en el a\u00f1o. \u201cEn 2022 se firm\u00f3 un convenio con Sedronar para la construcci\u00f3n de estos dos centros. Estuvieron a poco de ser aprobados, pero la nueva gesti\u00f3n nacional decidi\u00f3 frenar la obra p\u00fablica. La mesa de trabajo con la Provincia comenz\u00f3 a establecer los lineamientos para definir criterios, valoraci\u00f3n a domicilio, traslados. Debemos llegar a lo m\u00e1s duro de estas problem\u00e1ticas. En mayo, el intendente, junto con el gobernador, llegaron a un acuerdo con la posibilidad de financiar estos dos centros: Lazos, en la Av. Castro Barros, y Tramas. La construcci\u00f3n ser\u00eda de tres centros siempre cercanos a los centros de Atenci\u00f3n Primaria. El otro centro ser\u00eda en Los Robles, con tres consultorios. Se inaugurar\u00edan el a\u00f1o que viene\u201d, explic\u00f3 el subsecretario.<\/p>\n<p><strong>11949\/C\/24 CONCEJALA ZARAZAGA, ROMERO Y SIMONIAN (COAUTORES: BLOQUE FRENTE C\u00cdVICO) P\/D DECLARANDO \u00abPERSONALIDAD DESTACADA DE LA CIUDAD DE C\u00d3RDOBA\u00bb, EN LOS T\u00c9RMINOS DE LA ORDENANZA N\u00b0 13297, AL DR. JUAN MANUEL EVJANIAN, EN RECONOCIMIENTO A SU MERITORIA TRAYECTORIA PROFESIONAL EN EL \u00c1MBITO DE LA MEDICINA. Aprobado por unanimidad.<\/strong><\/p>\n<p>La concejala Soledad Zarazaga se refiri\u00f3 al homenajeado, quien es nieto de armenios, vive en barrio Pueyrred\u00f3n, estudi\u00f3 en la UNC, y fue doctor en el Hospital C\u00f3rdoba. Se recibi\u00f3 en 1969 y ha realizado much\u00edsimos cursos y ocupado distintos cargos. \u201cMiembro de honor del C\u00edrculo M\u00e9dico de C\u00f3rdoba, 30 a\u00f1os en LV 3, nominado notable por la Sociedad de Cirujanos de C\u00f3rdoba. Adem\u00e1s, los vecinos del barrio le entregaron un t\u00edtulo de Honor. Integra el servicio de cirug\u00eda de las cl\u00ednicas El Salvador y Aconcagua. Lo que m\u00e1s destacan es su valor como ser humano y su calidad de persona para desempe\u00f1arse\u201d, explic\u00f3 Zarazaga.<\/p>\n<p>El doctor Evjanian, homenajeado, agradeci\u00f3: \u201cSoy un m\u00e9dico m\u00e1s y cuando un paciente me agradece le digo gracias por confiar en m\u00ed\u201d.<\/p>\n<figure class=\"wp-block-image size-large\"><img loading=\"lazy\" data-attachment-id=\"12303\" data-permalink=\"https:\/\/cordobanewsnet.wordpress.com\/2024\/12\/17\/comision-de-salud-publica\/frb_5669\/\" data-orig-file=\"https:\/\/cordobanewsnet.wordpress.com\/wp-content\/uploads\/2024\/12\/frb_5669.jpg\" data-orig-size=\"5568,3712\" data-comments-opened=\"1\" data-image-meta=\"{&quot;aperture&quot;:&quot;2.8&quot;,&quot;credit&quot;:&quot;&quot;,&quot;camera&quot;:&quot;NIKON D500&quot;,&quot;caption&quot;:&quot;&quot;,&quot;created_timestamp&quot;:&quot;1734350044&quot;,&quot;copyright&quot;:&quot;&quot;,&quot;focal_length&quot;:&quot;55&quot;,&quot;iso&quot;:&quot;2500&quot;,&quot;shutter_speed&quot;:&quot;0.00625&quot;,&quot;title&quot;:&quot;&quot;,&quot;orientation&quot;:&quot;0&quot;}\" data-image-title=\"FRB_5669\" data-image-description data-image-caption data-medium-file=\"http:\/\/nuevacordoba.net\/wp-content\/uploads\/2024\/12\/comision-de-salud-publica-5.jpg\" data-large-file=\"https:\/\/cordobanewsnet.wordpress.com\/wp-content\/uploads\/2024\/12\/frb_5669.jpg?w=736\" width=\"1024\" height=\"682\" src=\"http:\/\/nuevacordoba.net\/wp-content\/uploads\/2024\/12\/comision-de-salud-publica.jpg\" alt class=\"wp-image-12303\" srcset=\"http:\/\/nuevacordoba.net\/wp-content\/uploads\/2024\/12\/comision-de-salud-publica.jpg 1024w, http:\/\/nuevacordoba.net\/wp-content\/uploads\/2024\/12\/comision-de-salud-publica-3.jpg 2046w, http:\/\/nuevacordoba.net\/wp-content\/uploads\/2024\/12\/comision-de-salud-publica-4.jpg 150w, http:\/\/nuevacordoba.net\/wp-content\/uploads\/2024\/12\/comision-de-salud-publica-5.jpg 300w, http:\/\/nuevacordoba.net\/wp-content\/uploads\/2024\/12\/comision-de-salud-publica-6.jpg 768w\" sizes=\"(max-width: 1024px) 100vw, 1024px\"><\/figure>\n<figure class=\"wp-block-image size-large\"><img loading=\"lazy\" data-attachment-id=\"12304\" data-permalink=\"https:\/\/cordobanewsnet.wordpress.com\/2024\/12\/17\/comision-de-salud-publica\/frb_5700\/\" data-orig-file=\"https:\/\/cordobanewsnet.wordpress.com\/wp-content\/uploads\/2024\/12\/frb_5700.jpg\" data-orig-size=\"5568,3712\" data-comments-opened=\"1\" data-image-meta=\"{&quot;aperture&quot;:&quot;2.8&quot;,&quot;credit&quot;:&quot;&quot;,&quot;camera&quot;:&quot;NIKON D500&quot;,&quot;caption&quot;:&quot;&quot;,&quot;created_timestamp&quot;:&quot;1734350933&quot;,&quot;copyright&quot;:&quot;&quot;,&quot;focal_length&quot;:&quot;38&quot;,&quot;iso&quot;:&quot;2500&quot;,&quot;shutter_speed&quot;:&quot;0.00625&quot;,&quot;title&quot;:&quot;&quot;,&quot;orientation&quot;:&quot;0&quot;}\" data-image-title=\"FRB_5700\" data-image-description data-image-caption data-medium-file=\"http:\/\/nuevacordoba.net\/wp-content\/uploads\/2024\/12\/comision-de-salud-publica-9.jpg\" data-large-file=\"https:\/\/cordobanewsnet.wordpress.com\/wp-content\/uploads\/2024\/12\/frb_5700.jpg?w=736\" width=\"1024\" height=\"682\" src=\"http:\/\/nuevacordoba.net\/wp-content\/uploads\/2024\/12\/comision-de-salud-publica-1.jpg\" alt class=\"wp-image-12304\" srcset=\"http:\/\/nuevacordoba.net\/wp-content\/uploads\/2024\/12\/comision-de-salud-publica-1.jpg 1024w, http:\/\/nuevacordoba.net\/wp-content\/uploads\/2024\/12\/comision-de-salud-publica-7.jpg 2046w, http:\/\/nuevacordoba.net\/wp-content\/uploads\/2024\/12\/comision-de-salud-publica-8.jpg 150w, http:\/\/nuevacordoba.net\/wp-content\/uploads\/2024\/12\/comision-de-salud-publica-9.jpg 300w, http:\/\/nuevacordoba.net\/wp-content\/uploads\/2024\/12\/comision-de-salud-publica-10.jpg 768w\" sizes=\"(max-width: 1024px) 100vw, 1024px\"><\/figure>\n<figure class=\"wp-block-image size-large\"><img loading=\"lazy\" data-attachment-id=\"12305\" data-permalink=\"https:\/\/cordobanewsnet.wordpress.com\/2024\/12\/17\/comision-de-salud-publica\/frb_5674\/\" data-orig-file=\"https:\/\/cordobanewsnet.wordpress.com\/wp-content\/uploads\/2024\/12\/frb_5674.jpg\" data-orig-size=\"5568,3712\" data-comments-opened=\"1\" data-image-meta=\"{&quot;aperture&quot;:&quot;2.8&quot;,&quot;credit&quot;:&quot;&quot;,&quot;camera&quot;:&quot;NIKON D500&quot;,&quot;caption&quot;:&quot;&quot;,&quot;created_timestamp&quot;:&quot;1734350345&quot;,&quot;copyright&quot;:&quot;&quot;,&quot;focal_length&quot;:&quot;32&quot;,&quot;iso&quot;:&quot;2500&quot;,&quot;shutter_speed&quot;:&quot;0.00625&quot;,&quot;title&quot;:&quot;&quot;,&quot;orientation&quot;:&quot;0&quot;}\" data-image-title=\"FRB_5674\" data-image-description data-image-caption data-medium-file=\"http:\/\/nuevacordoba.net\/wp-content\/uploads\/2024\/12\/comision-de-salud-publica-13.jpg\" data-large-file=\"https:\/\/cordobanewsnet.wordpress.com\/wp-content\/uploads\/2024\/12\/frb_5674.jpg?w=736\" width=\"1024\" height=\"682\" src=\"http:\/\/nuevacordoba.net\/wp-content\/uploads\/2024\/12\/comision-de-salud-publica-2.jpg\" alt class=\"wp-image-12305\" srcset=\"http:\/\/nuevacordoba.net\/wp-content\/uploads\/2024\/12\/comision-de-salud-publica-2.jpg 1024w, http:\/\/nuevacordoba.net\/wp-content\/uploads\/2024\/12\/comision-de-salud-publica-11.jpg 2046w, http:\/\/nuevacordoba.net\/wp-content\/uploads\/2024\/12\/comision-de-salud-publica-12.jpg 150w, http:\/\/nuevacordoba.net\/wp-content\/uploads\/2024\/12\/comision-de-salud-publica-13.jpg 300w, http:\/\/nuevacordoba.net\/wp-content\/uploads\/2024\/12\/comision-de-salud-publica-14.jpg 768w\" sizes=\"(max-width: 1024px) 100vw, 1024px\"><\/figure>\n<p>Concejo Deliberante de C\u00f3rdoba<\/p>\n<p><span id=\"wordads-inline-marker\"><\/span> <\/p>\n<div id=\"jp-post-flair\" class=\"sharedaddy sd-like-enabled sd-sharing-enabled\">\n<div class=\"sharedaddy sd-sharing-enabled\">\n<div class=\"robots-nocontent sd-block sd-social sd-social-icon-text sd-sharing\">\n<h3 class=\"sd-title\">Comparte esto:<\/h3>\n<\/div>\n<\/div>\n<div class=\"sharedaddy sd-block sd-like jetpack-likes-widget-wrapper jetpack-likes-widget-unloaded\" id=\"like-post-wrapper-143108178-12302-6761ade8d8ac5\" data-src=\"\/\/widgets.wp.com\/likes\/index.html?ver=20241217#blog_id=143108178&amp;post_id=12302&amp;origin=cordobanewsnet.wordpress.com&amp;obj_id=143108178-12302-6761ade8d8ac5\" data-name=\"like-post-frame-143108178-12302-6761ade8d8ac5\" data-title=\"Me gusta o Compartir\">\n<p><span class=\"button\"><span>Me gusta<\/span><\/span> <span class=\"loading\">Cargando&#8230;<\/span><\/p>\n<p><span class=\"sd-text-color\"><\/span><\/div>\n<p><h3 class=\"jp-relatedposts-headline\"><em>Relacionado<\/em><\/h3>\n<\/p>\n<\/div>\n","protected":false},"excerpt":{"rendered":"<p>Se reuni\u00f3 hoy la comisi\u00f3n de Salud, en la sala de comisiones del Concejo Deliberante y por la modalidad de zoom, presidida por la concejala Valeria Bustamante (Hacemos Unidos por C\u00f3rdoba). Los concejales recibieron a Ariel Aleksandroff, secretario de Salud de la Municipalidad de C\u00f3rdoba; \u00c1ngel Fiori, director de Calidad Alimentaria; Marcela Marram\u00e1, subsecretaria de [&hellip;]<\/p>\n","protected":false},"author":1,"featured_media":51943,"comment_status":"closed","ping_status":"closed","sticky":false,"template":"","format":"standard","meta":[],"categories":[14],"tags":[],"_links":{"self":[{"href":"http:\/\/nuevacordoba.net\/index.php\/wp-json\/wp\/v2\/posts\/51942"}],"collection":[{"href":"http:\/\/nuevacordoba.net\/index.php\/wp-json\/wp\/v2\/posts"}],"about":[{"href":"http:\/\/nuevacordoba.net\/index.php\/wp-json\/wp\/v2\/types\/post"}],"author":[{"embeddable":true,"href":"http:\/\/nuevacordoba.net\/index.php\/wp-json\/wp\/v2\/users\/1"}],"replies":[{"embeddable":true,"href":"http:\/\/nuevacordoba.net\/index.php\/wp-json\/wp\/v2\/comments?post=51942"}],"version-history":[{"count":0,"href":"http:\/\/nuevacordoba.net\/index.php\/wp-json\/wp\/v2\/posts\/51942\/revisions"}],"wp:featuredmedia":[{"embeddable":true,"href":"http:\/\/nuevacordoba.net\/index.php\/wp-json\/wp\/v2\/media\/51943"}],"wp:attachment":[{"href":"http:\/\/nuevacordoba.net\/index.php\/wp-json\/wp\/v2\/media?parent=51942"}],"wp:term":[{"taxonomy":"category","embeddable":true,"href":"http:\/\/nuevacordoba.net\/index.php\/wp-json\/wp\/v2\/categories?post=51942"},{"taxonomy":"post_tag","embeddable":true,"href":"http:\/\/nuevacordoba.net\/index.php\/wp-json\/wp\/v2\/tags?post=51942"}],"curies":[{"name":"wp","href":"https:\/\/api.w.org\/{rel}","templated":true}]}}