{"id":52265,"date":"2024-12-28T04:06:26","date_gmt":"2024-12-28T04:06:26","guid":{"rendered":"http:\/\/estaciontrip.com.ar\/?p=9713"},"modified":"2024-12-28T04:06:26","modified_gmt":"2024-12-28T04:06:26","slug":"la-rioja-mostro-en-cordoba-sus-atractivos-para-la-temporada-de-verano-2025","status":"publish","type":"post","link":"http:\/\/nuevacordoba.net\/index.php\/2024\/12\/28\/la-rioja-mostro-en-cordoba-sus-atractivos-para-la-temporada-de-verano-2025\/","title":{"rendered":"La Rioja mostr\u00f3 en C\u00f3rdoba sus atractivos para la temporada de verano 2025"},"content":{"rendered":"<p>La Rioja present\u00f3 su temporada de verano 2024-2025 en pleno coraz\u00f3n de la ciudad de C\u00f3rdoba. EL Paseo del Buen Pastor fue escenario fue escenario de una peque\u00f1a muestra de todo lo que ofrece la provincia riojana. Hubo m\u00fasica en vivo, degustaciones de sabores t\u00edpicos, invitaci\u00f3n a vivir el Festival Chayero Sanagaste\u00f1o&nbsp;y una exposici\u00f3n detallando los atractivos de verano en cuanto a naturaleza y cultura.<\/p>\n<p>Las autoridades de la secretar\u00eda de Turismo -junto a la Casa de La Rioja en C\u00f3rdoba- fueron los encargados de presentar la nueva temporada mostrando una atractiva oferta de actividades, destinos y sabores para disfrutar en La Rioja durante estas vacaciones como en todo el a\u00f1o.<\/p>\n<p>A lo largo del evento, la esencia riojana estuvo representada por la m\u00fasica de Toma Josho; las degustaciones de sabores riojanos como olivas, nueces y los vinos de las bodegas Aminga, Cooperativa La Riojana, Valle de La Puerta y Haras de San Jos\u00e9. El p\u00fablico, tambi\u00e9n, particip\u00f3 de juegos con premios y sorteos.<\/p>\n<p>La presentaci\u00f3n del Festival Chayero Sanagaste\u00f1o -que se realizar\u00e1 el 11 y 12 de enero- estuvo a cargo del intendente de Sanagasta, Federico Sbiroli, quien detall\u00f3 la grilla de artistas que estar\u00e1n presentes en esta edici\u00f3n, como Los Tekis, Sergio Galleguillo, N\u00e9stor Garnica, entre otros destacados folcloristas riojanos y del resto del pa\u00eds.&nbsp;<\/p>\n<p>El subsecretario de Promoci\u00f3n y Desarrollo Tur\u00edstico de La Rioja, Juan Contreras, destac\u00f3: \u00abTrajimos toda nuestra oferta al coraz\u00f3n del pa\u00eds, C\u00f3rdoba es una de las principales provincias que visitan La Rioja, vinimos a contarles las distintas experiencias que ofrece nuestra provincia para disfrutar en verano\u201d.&nbsp;<\/p>\n<p>Acompa\u00f1aron el evento, el director de Promoci\u00f3n Tur\u00edstica, Emanuel Ordieres; el director de Cultura, Nicol\u00e1s Nieto, la coordinadora de Turismo y Cultura en C\u00f3rdoba, Claudia Cabrera, entre otros representantes riojanos.<\/p>\n<figure class=\"wp-block-image size-large\"><a href=\"http:\/\/nuevacordoba.net\/wp-content\/uploads\/2024\/12\/la-rioja-mostro-en-cordoba-sus-atractivos-para-la-temporada-de-verano-2025-3.jpg\"><img loading=\"lazy\" decoding=\"async\" width=\"1024\" height=\"575\" src=\"http:\/\/nuevacordoba.net\/wp-content\/uploads\/2024\/12\/la-rioja-mostro-en-cordoba-sus-atractivos-para-la-temporada-de-verano-2025.jpg\" alt class=\"wp-image-9714\" srcset=\"http:\/\/nuevacordoba.net\/wp-content\/uploads\/2024\/12\/la-rioja-mostro-en-cordoba-sus-atractivos-para-la-temporada-de-verano-2025.jpg 1024w, http:\/\/nuevacordoba.net\/wp-content\/uploads\/2024\/12\/la-rioja-mostro-en-cordoba-sus-atractivos-para-la-temporada-de-verano-2025-1.jpg 300w, http:\/\/nuevacordoba.net\/wp-content\/uploads\/2024\/12\/la-rioja-mostro-en-cordoba-sus-atractivos-para-la-temporada-de-verano-2025-2.jpg 768w, http:\/\/nuevacordoba.net\/wp-content\/uploads\/2024\/12\/la-rioja-mostro-en-cordoba-sus-atractivos-para-la-temporada-de-verano-2025-3.jpg 1500w\" sizes=\"(max-width: 1024px) 100vw, 1024px\"><\/a><\/figure>\n","protected":false},"excerpt":{"rendered":"<p>La Rioja present\u00f3 su temporada de verano 2024-2025 en pleno coraz\u00f3n de la ciudad de C\u00f3rdoba. EL Paseo del Buen Pastor fue escenario fue escenario de una peque\u00f1a muestra de todo lo que ofrece la provincia riojana. Hubo m\u00fasica en vivo, degustaciones de sabores t\u00edpicos, invitaci\u00f3n a vivir el Festival Chayero Sanagaste\u00f1o&nbsp;y una exposici\u00f3n detallando [&hellip;]<\/p>\n","protected":false},"author":1,"featured_media":52266,"comment_status":"closed","ping_status":"closed","sticky":false,"template":"","format":"standard","meta":[],"categories":[11],"tags":[],"_links":{"self":[{"href":"http:\/\/nuevacordoba.net\/index.php\/wp-json\/wp\/v2\/posts\/52265"}],"collection":[{"href":"http:\/\/nuevacordoba.net\/index.php\/wp-json\/wp\/v2\/posts"}],"about":[{"href":"http:\/\/nuevacordoba.net\/index.php\/wp-json\/wp\/v2\/types\/post"}],"author":[{"embeddable":true,"href":"http:\/\/nuevacordoba.net\/index.php\/wp-json\/wp\/v2\/users\/1"}],"replies":[{"embeddable":true,"href":"http:\/\/nuevacordoba.net\/index.php\/wp-json\/wp\/v2\/comments?post=52265"}],"version-history":[{"count":0,"href":"http:\/\/nuevacordoba.net\/index.php\/wp-json\/wp\/v2\/posts\/52265\/revisions"}],"wp:featuredmedia":[{"embeddable":true,"href":"http:\/\/nuevacordoba.net\/index.php\/wp-json\/wp\/v2\/media\/52266"}],"wp:attachment":[{"href":"http:\/\/nuevacordoba.net\/index.php\/wp-json\/wp\/v2\/media?parent=52265"}],"wp:term":[{"taxonomy":"category","embeddable":true,"href":"http:\/\/nuevacordoba.net\/index.php\/wp-json\/wp\/v2\/categories?post=52265"},{"taxonomy":"post_tag","embeddable":true,"href":"http:\/\/nuevacordoba.net\/index.php\/wp-json\/wp\/v2\/tags?post=52265"}],"curies":[{"name":"wp","href":"https:\/\/api.w.org\/{rel}","templated":true}]}}