{"id":52294,"date":"2024-12-27T21:10:27","date_gmt":"2024-12-27T21:10:27","guid":{"rendered":"https:\/\/cordoba.gob.ar\/?p=65368"},"modified":"2024-12-27T21:10:27","modified_gmt":"2024-12-27T21:10:27","slug":"passerini-inauguro-el-refugio-de-las-barrancas-un-nuevo-espacio-donde-viviran-los-osos-del-parque-de-la-biodiversidad","status":"publish","type":"post","link":"http:\/\/nuevacordoba.net\/index.php\/2024\/12\/27\/passerini-inauguro-el-refugio-de-las-barrancas-un-nuevo-espacio-donde-viviran-los-osos-del-parque-de-la-biodiversidad\/","title":{"rendered":"Passerini inaugur\u00f3 el \u201cRefugio de las Barrancas\u201d, un nuevo espacio donde vivir\u00e1n los osos del Parque de la Biodiversidad"},"content":{"rendered":"<div><img src=\"http:\/\/nuevacordoba.net\/wp-content\/uploads\/2024\/12\/passerini-inauguro-el-refugio-de-las-barrancas-un-nuevo-espacio-donde-viviran-los-osos-del-parque-de-la-biodiversidad.jpg\" class=\"ff-og-image-inserted\"><\/div>\n<ul class=\"ak-ul\">\n<li><strong>Voldemort, la cr\u00eda de los adultos, multiplica por 10 su lugar de permanencia; mientras que el macho y la hembra ahora viven en un lugar que triplica al de su origen.<\/strong><\/li>\n<li><strong>Fue diagramada y ejecutada por profesionales como arquitectos, veterinarios, personal de bienestar animal y patrimonio, paisajistas, bi\u00f3logos y proteccionistas.<\/strong><\/li>\n<li><strong>Los tres osos ser\u00e1n trasladados en las pr\u00f3ximas semanas al nuevo recinto.&nbsp;<\/strong><\/li>\n<\/ul>\n<hr>\n<p>El intendente Daniel Passerini dej\u00f3 inaugurado el \u201cRefugio de las Barrancas\u201d, el flamante espacio donde pr\u00f3ximamente residir\u00e1n los osos alojados en el Parque de la Biodiversidad.<\/p>\n<p>El mandatario local estuvo acompa\u00f1ado por el titular del BioC\u00f3rdoba, Enzo Cravero; el secretario de Ambiente Sustentable y Econom\u00eda Circular, Jorge Folloni; y los vocales del ente Juliana Garc\u00eda Aresca y Gerardo Chac\u00f3n.<\/p>\n<p>Hace unos a\u00f1os, cuando el exzool\u00f3gico se convirti\u00f3 en Parque de la Biodiversidad durante la intendencia del hoy gobernador Mart\u00edn Llaryora, por diversos motivos no se pudo trasladar a los tres osos pardos (una pareja adulta y su cr\u00eda de 8 a\u00f1os). Por esta raz\u00f3n se tom\u00f3 la decisi\u00f3n de mejorarles la calidad de vida, brind\u00e1ndoles un entorno mucho m\u00e1s agradable para su desarrollo.<\/p>\n<p>En base a esta necesidad, comenz\u00f3 a proyectarse el redise\u00f1o del recinto de manera interdisciplinaria con personal id\u00f3neo como arquitectos, veterinarios, personal del \u00e1rea de bienestar animal, paisajistas, patrimonio, bi\u00f3logos y proteccionistas, entre otros.<\/p>\n<p>Cada \u00e1rea interviniente contribuy\u00f3 a la construcci\u00f3n colaborativa del proyecto, haciendo principal hincapi\u00e9 en aspectos espec\u00edficos con suma rigurosidad, permitiendo as\u00ed arribar a un producto final que responde tanto a requerimientos actuales, como al de futuras especies que puedan alojarse en el Refugio de las Barrancas.<\/p>\n<p>Con una superficie total de 3.300 m2, la propuesta fue concebida para responder a normativas internacionales establecidas por la World Association of Zoos and Aquariums (Asociaci\u00f3n Mundial de Zoos y Acuarios), priorizando el dise\u00f1o de espacios exteriores e interiores, la seguridad del animal y humana, el enriquecimiento y las cualidades ambientales de todo el recinto.<\/p>\n<p>Esta asociaci\u00f3n es la encargada de los protocolos de manejo para algunas especies. como tambi\u00e9n la encargada de establecer el tama\u00f1o m\u00ednimo de espacio para los recintos.<\/p>\n<p>El \u201cRefugio de las Barrancas\u201d, se ubica en el sector central y limita con el Parque Sarmiento en el sur.<\/p>\n<p>El lugar era uno de los predios que m\u00e1s superficie abarcaba y pose\u00eda mejores cualidades para responder a los est\u00e1ndares solicitados.<\/p>\n<p>En lo que respecta a la interacci\u00f3n con los visitantes, prevalece la premisa de reducir la exposici\u00f3n de los animales dentro del Parque, por lo que solo se podr\u00e1n acceder con visitas guiadas preestablecidas a modo educativo, cuando el personal del parque lo determine. Ser\u00e1 en grupos reducidos, acompa\u00f1ados por profesionales y desde un punto espec\u00edfico sobreelevado que evita interacciones de cualquier tipo.<\/p>\n<p>En cuanto al patrimonio arquitect\u00f3nico, se han restaurado cuidadosamente las escalinatas del ingreso al recinto y se ha reconstruido la pasarela sobreelevada respetando su dise\u00f1o original.<\/p>\n<p>Esta pasarela permite una vista panor\u00e1mica de 360\u00b0, ofreciendo a los cuidadores un mecanismo de control eficiente del recinto y a los visitantes una oportunidad de observar a los animales desde una distancia segura y controlada.<\/p>\n<p>Adem\u00e1s, su acceso regulado se convierte en una herramienta de educaci\u00f3n ambiental, promoviendo la concientizaci\u00f3n sobre las caracter\u00edsticas, cuidados y comportamiento de la especie en un entorno m\u00e1s naturalizado.<\/p>\n<p>En t\u00e9rminos de seguridad, los l\u00edmites del recinto, el sector inferior de la pasarela y el per\u00edmetro del \u00e1rea de dormitorios han sido dise\u00f1ados para evitar v\u00edas de escape o interacciones directas entre los ejemplares y las personas.<\/p>\n<p>La pasarela, fabricada con maderas pl\u00e1sticas, no solo refuerza esta barrera f\u00edsica, sino que su dise\u00f1o en contrapendiente dificulta a\u00fan m\u00e1s la proximidad de los osos al espacio de circulaci\u00f3n.<\/p>\n<p>Es importante destacar que, una vez que el ciclo de vida de los tres osos pardos llegue a su fin, y al ser el Parque un Centro de Rescate de Fauna Silvestre, las caracter\u00edsticas e infraestructuras del recinto podr\u00e1n ser readecuadas para satisfacer las necesidades de otras especies provenientes del tr\u00e1fico ilegal o del mascotismo, garantizando su funcionalidad y versatilidad a futuro.<\/p>\n<p><strong>Espacio exterior<\/strong><\/p>\n<p>El exterior del recinto cuenta con una superficie aproximada de 2.510 m2, destinado a la recreaci\u00f3n y el esparcimiento.<\/p>\n<p>El espacio est\u00e1 subdividido en dos grandes \u00e1reas, para evitar la interacci\u00f3n entre los ejemplares y no est\u00e9n en contacto, conservando las distancias que al d\u00eda de hoy presentan: por un lado se ubicar\u00e1n el macho y la hembra adultos, que hace muchos a\u00f1os que conviven, en un ambiente de 1560 m2 descubiertos; y por el otro la cr\u00eda macho, que presenta caracter\u00edsticas muy diversas a los de los adultos, en un lugar de 950 m2.<\/p>\n<p>La cr\u00eda estaba en un principio en un espacio de 100 m2, fue trasladado a uno de 600 y ahora vive en uno 10 veces m\u00e1s grande que el original. En tanto, la pareja de osos adultos habitaban en un espacio&nbsp; de 500 metros cuadrados y triplican el \u00e1rea de convivencia.<\/p>\n<p>Cada parte del Refugio de las Barrancas ha sido dotada con espejos de agua con terminaciones texturizadas que incentivan el uso activo de los animales y la vegetaci\u00f3n. Se generaron movimientos de suelo para generar diferentes tipos de morfolog\u00edas y espacios de resguardo que permiten el desenvolvimiento de los animales en un ambiente sustancialmente m\u00e1s amigable.<\/p>\n<p>Adem\u00e1s, se ha incorporado vegetaci\u00f3n seleccionada en conjunto con el sector de bienestar animal, asegurando que favorezca el desarrollo natural de los osos.<\/p>\n<p>El espacio exterior est\u00e1 dise\u00f1ado para ofrecer a los osos un entorno que simule su h\u00e1bitat, compuesto por patios abiertos naturales y un patio adicional destinado a cuarentena. Este \u00faltimo se utiliza en caso de que los ejemplares requieran separaci\u00f3n por tratamientos m\u00e9dicos o intervenciones espec\u00edficas y dispone de una cueva de resguardo y un espejo de agua.<\/p>\n<p>Como parte del enriquecimiento del espacio, se ha construido una cueva subterr\u00e1nea en mamposter\u00eda con una cobertura de acabado s\u00edmil piedra que imita una caverna natural. Este elemento fomenta la exploraci\u00f3n y les proporciona una experiencia lo m\u00e1s cercana posible a su entorno natural.<\/p>\n<p>El dise\u00f1o tambi\u00e9n incluye juegos elaborados con troncos provenientes de podas, que se distribuyen dentro del parque para estimular la recreaci\u00f3n. Los mismos materiales han sido utilizados para generar l\u00edmites alrededor de los \u00e1rboles, protegiendo tanto a los ejemplares vegetales como a los osos.<\/p>\n<p>Asimismo, se incorpor\u00f3 una alfombra de piedra partida en \u00e1reas espec\u00edficas, lo que, mediante el cambio de textura, permite gestionar las intenciones de acceso de los animales. Este dise\u00f1o busca reducir la dependencia de rejas como \u00fanico recurso de protecci\u00f3n.<\/p>\n<p>Finalmente, el recinto est\u00e1 completamente asegurado con un sistema de bolleros el\u00e9ctricos, que garantizan la integridad de los osos frente a posibles intervenciones externas y refuerzan la seguridad del espacio en su totalidad.<\/p>\n<p>La imponente presencia de las barrancas, que act\u00faan como l\u00edmite f\u00edsico del recinto le otorgan su distintivo \u00abtel\u00f3n de fondo\u00bb; se ha reinterpretado a trav\u00e9s de un revestimiento en formato s\u00edmil piedra aplicado tanto en los l\u00edmites exteriores del \u00e1rea de dormitorios y mantenimiento como en el muro que subdivide las dos \u00e1reas exteriores.<\/p>\n<p>Este dise\u00f1o permite que las estructuras se integren visualmente con el paisaje circundante. Complementando esta est\u00e9tica, la cubierta del \u00e1rea de dormitorios ha sido dotada de vegetaci\u00f3n aut\u00f3ctona, que no solo refuerza la conexi\u00f3n con el entorno natural, sino que tambi\u00e9n contribuye a la sustentabilidad del espacio. Adem\u00e1s, se ha preservado la vegetaci\u00f3n existente dentro de los recintos.<\/p>\n<p><strong>Espacio interior<\/strong><\/p>\n<p>En este amplio recinto se construy\u00f3 un espacio interior de 225 m2 destinado a alojar los sectores de dormitorios de los animales, asistencia y \u00e1reas t\u00e9cnicas para el funcionamiento.<\/p>\n<p>La distribuci\u00f3n del conjunto ha sido concebida a los fines de optimizar la circulaci\u00f3n interior, de modo que permita destinar la mayor superficie posible al espacio individual con el que contar\u00e1 cada ejemplar.<\/p>\n<p>No solo se ha puesto el foco en brindarles dimensiones acordes para su desenvolvimiento, sino tambi\u00e9n a medidas de seguridad para permitir la interacci\u00f3n directa entre los osos pardos y sus respectivos cuidadores sin que esto pueda representar ning\u00fan tipo de amenaza a su integridad f\u00edsica.<\/p>\n<p>De manera conjunta al punto anterior, se ha desarrollado un patio de cuarentena de 216 m2 con conexi\u00f3n directa que permite el aislamiento de cualquiera de los individuos, ya sea por motivos m\u00e9dicos o por alg\u00fan tipo de particularidad que pueda presentarse.<\/p>\n<p>La construcci\u00f3n dise\u00f1ada para alojar a los osos est\u00e1 compuesta por tres dormitorios cerrados, cuyas estructuras han sido reforzadas con rejas de hierro y mallas electrosoldadas. Este dise\u00f1o garantiza un alto nivel de seguridad, tanto para los animales como para los profesionales que trabajan con ellos.<\/p>\n<p>Adem\u00e1s, se incluy\u00f3 una manga de manejo fabricada \u00edntegramente con hierro y malla electrosoldada, que permite una manipulaci\u00f3n segura y eficiente de los ejemplares.<\/p>\n<p>Los sistemas de ingreso y egreso para los animales se han construido mediante guillotinas operadas por malacates mec\u00e1nicos, los cuales est\u00e1n claramente se\u00f1alizados para facilitar su uso y asegurar un control efectivo durante las operaciones.<\/p>\n<p>La instalaci\u00f3n dispone de dos \u00e1reas espec\u00edficas para los cuidadores, dise\u00f1adas para optimizar el control y manejo de los osos:<\/p>\n<ol class=\"ak-ol\" start=\"1\">\n<li>\u00c1rea junto a la manga de manejo: ubicada estrat\u00e9gicamente, esta zona facilita la manipulaci\u00f3n de los animales durante estudios m\u00e9dicos. Adem\u00e1s, se han integrado dos jaulas de presa reforzadas, cada una con un sistema de movilidad independiente, destinadas al traslado seguro de los osos cuando sea necesario.<\/li>\n<li>\u00c1rea trasera de los dormitorios: Dise\u00f1ada para gestionar la alimentaci\u00f3n de los osos con acceso independiente a cada comedero y bebedero, incluye una cocina equipada con una bacha de acero inoxidable que asegura una correcta higiene. Tambi\u00e9n cuenta con espacios de almacenamiento destinados tanto a los elementos de limpieza del sector como a los insumos necesarios para los cuidados espec\u00edficos de los animales.<\/li>\n<\/ol>\n<p>Esta construcci\u00f3n no solo prioriza la seguridad y bienestar de los osos, sino que tambi\u00e9n proporciona un entorno funcional y seguro para los cuidadores, optimizando todas las tareas relacionadas con el manejo y cuidado de los animales.<\/p>\n","protected":false},"excerpt":{"rendered":"<p>Voldemort, la cr\u00eda de los adultos, multiplica por 10 su lugar de permanencia; mientras que el macho y la hembra ahora viven en un lugar que triplica al de su origen. Fue diagramada y ejecutada por profesionales como arquitectos, veterinarios, personal de bienestar animal y patrimonio, paisajistas, bi\u00f3logos y proteccionistas. Los tres osos ser\u00e1n trasladados [&hellip;]<\/p>\n","protected":false},"author":1,"featured_media":52295,"comment_status":"closed","ping_status":"closed","sticky":false,"template":"","format":"standard","meta":[],"categories":[14],"tags":[],"_links":{"self":[{"href":"http:\/\/nuevacordoba.net\/index.php\/wp-json\/wp\/v2\/posts\/52294"}],"collection":[{"href":"http:\/\/nuevacordoba.net\/index.php\/wp-json\/wp\/v2\/posts"}],"about":[{"href":"http:\/\/nuevacordoba.net\/index.php\/wp-json\/wp\/v2\/types\/post"}],"author":[{"embeddable":true,"href":"http:\/\/nuevacordoba.net\/index.php\/wp-json\/wp\/v2\/users\/1"}],"replies":[{"embeddable":true,"href":"http:\/\/nuevacordoba.net\/index.php\/wp-json\/wp\/v2\/comments?post=52294"}],"version-history":[{"count":0,"href":"http:\/\/nuevacordoba.net\/index.php\/wp-json\/wp\/v2\/posts\/52294\/revisions"}],"wp:featuredmedia":[{"embeddable":true,"href":"http:\/\/nuevacordoba.net\/index.php\/wp-json\/wp\/v2\/media\/52295"}],"wp:attachment":[{"href":"http:\/\/nuevacordoba.net\/index.php\/wp-json\/wp\/v2\/media?parent=52294"}],"wp:term":[{"taxonomy":"category","embeddable":true,"href":"http:\/\/nuevacordoba.net\/index.php\/wp-json\/wp\/v2\/categories?post=52294"},{"taxonomy":"post_tag","embeddable":true,"href":"http:\/\/nuevacordoba.net\/index.php\/wp-json\/wp\/v2\/tags?post=52294"}],"curies":[{"name":"wp","href":"https:\/\/api.w.org\/{rel}","templated":true}]}}