{"id":52296,"date":"2024-12-27T18:05:58","date_gmt":"2024-12-27T18:05:58","guid":{"rendered":"https:\/\/es.digitaltrends.com\/?p=1052136"},"modified":"2024-12-27T18:05:58","modified_gmt":"2024-12-27T18:05:58","slug":"the-batman-2-se-atrasa-y-ahora-se-estrenara-en-2027","status":"publish","type":"post","link":"http:\/\/nuevacordoba.net\/index.php\/2024\/12\/27\/the-batman-2-se-atrasa-y-ahora-se-estrenara-en-2027\/","title":{"rendered":"The Batman 2 se atrasa y ahora se estrenar\u00e1 en 2027"},"content":{"rendered":"<figure id=\"attachment_1021723\" aria-describedby=\"caption-attachment-1021723\" class=\"wp-caption alignnone\"><img src=\"http:\/\/nuevacordoba.net\/wp-content\/uploads\/2024\/12\/the-batman-2-se-atrasa-y-ahora-se-estrenara-en-2027.jpg\" data-dt-lazy-src=\"http:\/\/nuevacordoba.net\/wp-content\/uploads\/2024\/12\/the-batman-2-se-atrasa-y-ahora-se-estrenara-en-2027.jpg\" fetchpriority=\"high\" decoding=\"async\" class=\" size-full wp-image-1021723 h-lightbox is-zoomable dt-lazy-no\" alt srcset=\"http:\/\/nuevacordoba.net\/wp-content\/uploads\/2024\/12\/the-batman-2-se-atrasa-y-ahora-se-estrenara-en-2027-1.jpg 414w, http:\/\/nuevacordoba.net\/wp-content\/uploads\/2024\/12\/the-batman-2-se-atrasa-y-ahora-se-estrenara-en-2027.jpg\" sizes=\"(max-width: 650px) 414px\"><figcaption id=\"caption-attachment-1021723\" class=\"wp-caption-text\"><span class=\"credit\">DTES<\/span><\/figcaption><\/figure>\n<p>Los fan\u00e1ticos de <a href=\"https:\/\/es.digitaltrends.com\/entretenimiento\/the-batman-2-fecha-de-estreno-argumento-reparto-trailer\/\"><strong>The Batman<\/strong><\/a>&nbsp;tendr\u00e1n que esperar un poco m\u00e1s para ver la segunda parte de la pel\u00edcula, ya que Warner Bros. Discovery acaba de anunciar que hay un retraso oficial en su estreno.<\/p>\n<p>La secuela de Matt Reeves de \u00abThe Batman\u00bb se ha retrasado hasta 2027. Originalmente, se supon\u00eda que la secuela de superh\u00e9roes se estrenar\u00eda el 2 de octubre de 2026, pero ahora cambiar\u00e1 un a\u00f1o y se estrenar\u00e1 el 1 de octubre de 2027 en Imax, anunci\u00f3 Warner Bros.<\/p>\n<div class=\"b-connatix b-connatix--video\" id=\"dt-cnx-container-676ef62b527b1\">\n<div class=\"b-connatix__label\"> Recommended Videos <\/div>\n<div class=\"b-connatix__container\"> <\/div>\n<\/div>\n<p>Eso adem\u00e1s generar\u00eda otro movimiento, espec\u00edficamente para que la pr\u00f3xima pel\u00edcula de Alejandro G. I\u00f1\u00e1rritu y <a href=\"https:\/\/es.digitaltrends.com\/deportes\/tom-cruise-ceremonia-clausura-juegos-olimpicos-paris-2024\/\"><strong>Tom Cruise<\/strong><\/a>, que ahora podr\u00eda llegar a los cines en 2026, justo cuando comienza la carrera de la temporada de premios. La pel\u00edcula, que a\u00fan no tiene t\u00edtulo, se estrenar\u00e1 en Imax el 2 de octubre en la fecha en que \u00abThe Batman 2\u00bb qued\u00f3 vacante.<\/p>\n<p>Esta cinta seg\u00fan la sinopsis oficial que Warner Bros. estren\u00f3, sigue al \u00abhombre m\u00e1s poderoso del mundo\u00bb mientras \u00abse embarca en una misi\u00f3n fren\u00e9tica para demostrar que es el salvador de la humanidad antes de que el desastre que ha desatado lo destruya todo\u00bb.<\/p>\n<p>Warner Bros. hizo algunos ajustes adicionales a su pr\u00f3xima lista de lanzamientos, intercambiando las aperturas de \u00abMickey 17\u00bb de Bong Joon Ho y \u00abSinners\u00bb de Ryan Coogler. Ahora, \u00abMickey 17\u00bb, protagonizada por Robert Pattinson (quien interpreta al Caballero Oscuro en la serie de c\u00f3mics de Reeves), se estrenar\u00e1 el 7 de marzo de 2025, mientras que \u00abSinners\u00bb, que vuelve a unir a Coogler con su estrella de \u00abBlack Panther\u00bb y \u00abFruitvale Station\u00bb, Michael B. Jordan, volver\u00e1 al 18 de abril de 2025.<\/p>\n<p>\u00abMickey 17\u00bb sigue a un hombre (Pattinson), cuyo trabajo es morir para ganarse la vida.<\/p>\n<p>\u00abSinners\u00bb es una pel\u00edcula de terror que presenta a Jordan como hermanos gemelos que regresan a casa para encontrar \u00abun mal a\u00fan mayor\u00bb.<\/p>\n<p> <span id=\"publisher-md\" itemprop=\"publisher\" itemscope itemtype=\"https:\/\/schema.org\/Organization\"> <span itemprop=\"url\" itemtype=\"https:\/\/schema.org\/Url\" content=\"https:\/\/es.digitaltrends.com\"> <span itemprop=\"logo\" itemscope itemtype=\"https:\/\/schema.org\/ImageObject\"> <meta itemprop=\"url\" content=\"https:\/\/cdn.dtcn.com\/dt\/dt-logo-small.png\"> <meta itemprop=\"width\" content=\"0\"> <meta itemprop=\"height\" content=\"0\"> <\/span> <meta itemprop=\"name\" content=\"Digital Trends Espa\u00f1ol\"> <\/span> <span itemprop=\"image\" itemscope itemtype=\"https:\/\/schema.org\/ImageObject\"> <meta itemprop=\"url\" content=\"https:\/\/es.digitaltrends.com\/wp-content\/uploads\/2024\/03\/The-Batman-2.jpeg?p=1\"> <\/span> <\/span> <\/p>\n","protected":false},"excerpt":{"rendered":"<p>DTES Los fan\u00e1ticos de The Batman&nbsp;tendr\u00e1n que esperar un poco m\u00e1s para ver la segunda parte de la pel\u00edcula, ya que Warner Bros. Discovery acaba de anunciar que hay un retraso oficial en su estreno. La secuela de Matt Reeves de \u00abThe Batman\u00bb se ha retrasado hasta 2027. Originalmente, se supon\u00eda que la secuela de [&hellip;]<\/p>\n","protected":false},"author":1,"featured_media":52297,"comment_status":"open","ping_status":"closed","sticky":false,"template":"","format":"standard","meta":[],"categories":[7],"tags":[],"_links":{"self":[{"href":"http:\/\/nuevacordoba.net\/index.php\/wp-json\/wp\/v2\/posts\/52296"}],"collection":[{"href":"http:\/\/nuevacordoba.net\/index.php\/wp-json\/wp\/v2\/posts"}],"about":[{"href":"http:\/\/nuevacordoba.net\/index.php\/wp-json\/wp\/v2\/types\/post"}],"author":[{"embeddable":true,"href":"http:\/\/nuevacordoba.net\/index.php\/wp-json\/wp\/v2\/users\/1"}],"replies":[{"embeddable":true,"href":"http:\/\/nuevacordoba.net\/index.php\/wp-json\/wp\/v2\/comments?post=52296"}],"version-history":[{"count":0,"href":"http:\/\/nuevacordoba.net\/index.php\/wp-json\/wp\/v2\/posts\/52296\/revisions"}],"wp:featuredmedia":[{"embeddable":true,"href":"http:\/\/nuevacordoba.net\/index.php\/wp-json\/wp\/v2\/media\/52297"}],"wp:attachment":[{"href":"http:\/\/nuevacordoba.net\/index.php\/wp-json\/wp\/v2\/media?parent=52296"}],"wp:term":[{"taxonomy":"category","embeddable":true,"href":"http:\/\/nuevacordoba.net\/index.php\/wp-json\/wp\/v2\/categories?post=52296"},{"taxonomy":"post_tag","embeddable":true,"href":"http:\/\/nuevacordoba.net\/index.php\/wp-json\/wp\/v2\/tags?post=52296"}],"curies":[{"name":"wp","href":"https:\/\/api.w.org\/{rel}","templated":true}]}}