{"id":52434,"date":"2025-01-02T03:03:55","date_gmt":"2025-01-02T03:03:55","guid":{"rendered":"https:\/\/puntoapunto.com.ar\/?p=368847"},"modified":"2025-01-02T03:03:55","modified_gmt":"2025-01-02T03:03:55","slug":"milei-delineo-parte-de-su-plan-economico-para-2025-los-ejes-de-la-agenda-libertaria","status":"publish","type":"post","link":"http:\/\/nuevacordoba.net\/index.php\/2025\/01\/02\/milei-delineo-parte-de-su-plan-economico-para-2025-los-ejes-de-la-agenda-libertaria\/","title":{"rendered":"Milei deline\u00f3 parte de su plan econ\u00f3mico para 2025: los ejes de la agenda libertaria"},"content":{"rendered":"<p>&nbsp;<!-- \u00a1O bien no hay banners, estan desactivados o no estan programados para esta ubicaci\u00f3n! -->\n<\/p>\n<p>&nbsp;\n<\/p>\n<p><strong>Javier Milei <\/strong>plante\u00f3 la&nbsp;<strong>agenda econ\u00f3mica<\/strong>&nbsp;para 2025 en&nbsp;su primer&nbsp;mensaje de&nbsp;<strong>A\u00f1o Nuevo.<\/strong>&nbsp;Desde su cuenta de X, el Presidente resalt\u00f3 las principales medidas de su gobierno durante 2024 y deline\u00f3 los objetivos clave para su segundo a\u00f1o de mandato.\n<\/p>\n<p>En su publicaci\u00f3n, Milei subray\u00f3 los<strong> avances econ\u00f3micos&nbsp;logrados en su primer a\u00f1o de gesti\u00f3n, incluida la baja de la inflaci\u00f3n y la estabilidad cambiaria.<\/strong> Sin embargo, reconoci\u00f3 la deuda social en relaci\u00f3n a indicadores como la pobreza y&nbsp;el poder adquisitivo.\n<\/p>\n<p>\u00abA partir de ahora, seguir mejorando los indicadores sociales requiere de crecimiento econ\u00f3mico y para ello seguiremos bajando la inflaci\u00f3n, reduciendo el riesgo pa\u00eds, reduciendo el gasto p\u00fablico para poder quitar impuestos, continuando las reformas estructurales y desregulando para ganar LIBERTAD y sobre todas las cosas respetando la vida, la libertad y la propiedad\u00bb, public\u00f3 Milei.<!-- \u00a1O bien no hay banners, estan desactivados o no estan programados para esta ubicaci\u00f3n! -->\n<\/p>\n<p>Seg\u00fan sus palabras, \u00abse logr\u00f3 bajar cerca de 20 puntos porcentuales la pobreza\u00bb, que pas\u00f3 del 57,4% en enero de 2024 al 39% en el tercer trimestre, seg\u00fan datos de la UCA y la UTDT. Milei, en tanto, hab\u00eda asumido la presidencia con el 41,7% de pobreza y 11,9% de indigencia, cifras que dej\u00f3 su antecesor Alberto Fern\u00e1ndez.<\/p>\n<p>El control de la inflaci\u00f3n fue otro de los ejes centrales de su mensaje. Despu\u00e9s del shock cambiario, el a\u00f1o pasado comenz\u00f3 con un fuerte impulso inflacionario (25,5% en diciembre de 2023 y 20,6% en enero de 2024), pero en febrero empez\u00f3 a desacelerarse. El mandatario atribuy\u00f3 este logro a un ajuste fiscal dr\u00e1stico equivalente al 15% del PBI, \u00abdonde cerca del 95% cay\u00f3 sobre la casta pol\u00edtica y financiera\u00bb.\n<\/p>\n<p>Seg\u00fan el presidente, \u00abla inflaci\u00f3n mensual se redujo de 25,5% en diciembre de 2023 a 2,4% el mes pasado\u00bb. Este descenso estuvo acompa\u00f1ado por la estabilidad del d\u00f3lar, con el tipo de cambio libre cerrando 2024 a $1.230 y el oficial a $1.032, marcando una brecha cambiaria en m\u00ednimos hist\u00f3ricos respecto al a\u00f1o anterior.\n<\/p>\n<p>Milei afirm\u00f3 que de cara al segundo a\u00f1o de su gesti\u00f3n la prioridad ser\u00e1 fomentar el crecimiento econ\u00f3mico. \u00ab<strong>Seguir mejorando los indicadores sociales requiere de crecimiento econ\u00f3mico y para ello seguiremos bajando la inflaci\u00f3n, reduciendo el riesgo pa\u00eds, reduciendo el gasto p\u00fablico para poder quitar impuestos, continuando las reformas estructurales y desregulando para ganar LIBERTAD<\/strong>\u201d, indic\u00f3.\n<\/p>\n<p>Adem\u00e1s, el jefe de estado anunci\u00f3 que uno de los hitos de este a\u00f1o ser\u00e1 el plebiscito de su gesti\u00f3n en las elecciones legislativas del 26 de octubre de 2025, donde se jugar\u00e1 la mejora de la posici\u00f3n de La Libertad Avanza&nbsp;en el Congreso.\n<\/p>\n<div class=\"g g-38\">\n<div class=\"g-dyn a-12 c-1\"><a class=\"gofollow\" data-track=\"MTIsMzgsMSw2MA==\" href=\"https:\/\/hospitalprivado.com.ar\/blog\/institucional\/somos-la-primera-institucion-del-interior-del-pais-en-acreditar-joint-commission-international.html\" target=\"_blank\" rel=\"noopener\"><img src=\"http:\/\/nuevacordoba.net\/wp-content\/uploads\/2025\/01\/milei-delineo-parte-de-su-plan-economico-para-2025-los-ejes-de-la-agenda-libertaria.gif\" loading=\"lazy\"><\/a><\/div>\n<\/div>\n","protected":false},"excerpt":{"rendered":"<p>&nbsp; &nbsp; Javier Milei plante\u00f3 la&nbsp;agenda econ\u00f3mica&nbsp;para 2025 en&nbsp;su primer&nbsp;mensaje de&nbsp;A\u00f1o Nuevo.&nbsp;Desde su cuenta de X, el Presidente resalt\u00f3 las principales medidas de su gobierno durante 2024 y deline\u00f3 los objetivos clave para su segundo a\u00f1o de mandato. En su publicaci\u00f3n, Milei subray\u00f3 los avances econ\u00f3micos&nbsp;logrados en su primer a\u00f1o de gesti\u00f3n, incluida la baja [&hellip;]<\/p>\n","protected":false},"author":1,"featured_media":52435,"comment_status":"open","ping_status":"closed","sticky":false,"template":"","format":"standard","meta":[],"categories":[12,14],"tags":[],"_links":{"self":[{"href":"http:\/\/nuevacordoba.net\/index.php\/wp-json\/wp\/v2\/posts\/52434"}],"collection":[{"href":"http:\/\/nuevacordoba.net\/index.php\/wp-json\/wp\/v2\/posts"}],"about":[{"href":"http:\/\/nuevacordoba.net\/index.php\/wp-json\/wp\/v2\/types\/post"}],"author":[{"embeddable":true,"href":"http:\/\/nuevacordoba.net\/index.php\/wp-json\/wp\/v2\/users\/1"}],"replies":[{"embeddable":true,"href":"http:\/\/nuevacordoba.net\/index.php\/wp-json\/wp\/v2\/comments?post=52434"}],"version-history":[{"count":0,"href":"http:\/\/nuevacordoba.net\/index.php\/wp-json\/wp\/v2\/posts\/52434\/revisions"}],"wp:featuredmedia":[{"embeddable":true,"href":"http:\/\/nuevacordoba.net\/index.php\/wp-json\/wp\/v2\/media\/52435"}],"wp:attachment":[{"href":"http:\/\/nuevacordoba.net\/index.php\/wp-json\/wp\/v2\/media?parent=52434"}],"wp:term":[{"taxonomy":"category","embeddable":true,"href":"http:\/\/nuevacordoba.net\/index.php\/wp-json\/wp\/v2\/categories?post=52434"},{"taxonomy":"post_tag","embeddable":true,"href":"http:\/\/nuevacordoba.net\/index.php\/wp-json\/wp\/v2\/tags?post=52434"}],"curies":[{"name":"wp","href":"https:\/\/api.w.org\/{rel}","templated":true}]}}