{"id":52439,"date":"2025-01-03T13:01:19","date_gmt":"2025-01-03T13:01:19","guid":{"rendered":"https:\/\/www.ole.com.ar\/autos\/argentinos-arranque-rally-dakar-2025-arabia-saudita-prologo_0_Vm6lqJAChu.html"},"modified":"2025-01-03T13:01:19","modified_gmt":"2025-01-03T13:01:19","slug":"como-les-fue-a-los-argentinos-en-el-inicio-del-rally-dakar-2025","status":"publish","type":"post","link":"http:\/\/nuevacordoba.net\/index.php\/2025\/01\/03\/como-les-fue-a-los-argentinos-en-el-inicio-del-rally-dakar-2025\/","title":{"rendered":"C\u00f3mo les fue a los argentinos en el inicio del Rally Dakar 2025"},"content":{"rendered":"<p><span class=\"createDate\">03\/01\/2025 10:01hs.<\/span><time class=\"modificatedDate\" datetime=\"2025-01-03T10:33:44-03:00\"> Actualizado al 03\/01\/2025 10:33hs.<\/time><\/p>\n<div id=\"storyBody\">\n<div class=\"custom-text \" readability=\"39\">\n<p>Comenz\u00f3 el a\u00f1o. Para muchos, la ficha cay\u00f3 al momento de chocar las copas y escuchar los fuegos artificiales. <strong>Para los fierreros, cuando se larg\u00f3 el Rally Dakar<\/strong>: 27 argentinos -entre pilotos y navegantes- comenzaron el recorrido que cruzar\u00e1 Arabia Saudita, <strong>con varios de ellos posicion\u00e1ndose en los puestos de vanguardia.<\/strong> Es cierto que reci\u00e9n va por el pr\u00f3logo y que los pingos se ver\u00e1n con el correr de los d\u00edas, pero por qu\u00e9 no ilusionarse&#8230;<\/p>\n<\/div>\n<div class=\"custom-text \" readability=\"43\">\n<p>Las miradas de casi todos estaban puestas en las <strong>motos<\/strong>, una de las categor\u00edas m\u00e1s importantes del rally, y los principales exponentes de Argentina no fallaron: <strong>Luciano Benavides (KTM), campe\u00f3n del Mundial de Rally Raid hace dos a\u00f1os, termin\u00f3 la etapa en el 7\u00b0 puesto<\/strong>, a tan solo 40 segundos del l\u00edder Daniel Sanders (KTM). Kevin, su hermano y bicampe\u00f3n del Dakar, fue 24\u00b0 (a 1m38s), mientras que Juan Santiago Rostan (Husqvarna) result\u00f3 68\u00b0 (a 4m57s).<\/p>\n<\/div>\n<div class=\"sc-e7b891c4-0 ifHnQL image-embed\"><img alt=\"Kevin Benavides no termin\u00f3 muy lejos de la cima. (REUTERS\/Maxim Shemetov)\" loading=\"lazy\" width=\"720\" height=\"100\" decoding=\"async\" data-nimg=\"1\" src=\"http:\/\/nuevacordoba.net\/wp-content\/uploads\/2025\/01\/como-les-fue-a-los-argentinos-en-el-inicio-del-rally-dakar-2025.jpg\"><span class=\"epigraphe\">Kevin Benavides no termin\u00f3 muy lejos de la cima. (REUTERS\/Maxim Shemetov)<\/span><\/div>\n<div class=\"custom-text \" readability=\"41\">\n<p>Entre los autos, con muchos pesos pesados, <strong>Juan Cruz Yacopini (Toyota)<\/strong> hizo m\u00e1s que dar la talla: cruz\u00f3 la meta en el 32\u00b0 puesto, que en palabras puede parecer poco, pero hay que ver la distancia a la que qued\u00f3 con respecto a la cima. <strong>El sudafricano Henk Lategan (Toyota) lleg\u00f3 1\u00b0 luego de 15m28s y el mendocino lo hizo apenas 1m47s por detr\u00e1s<\/strong>. Adem\u00e1s, por las cualidades de la Hilux, se prev\u00e9 que lo mejor se vea en las etapas m\u00e1s \u00e1speras.<\/p>\n<\/div>\n<p><h2><strong>Entre los challenger y SSV, Argentina meti\u00f3 buenos resultados<\/strong><\/h2>\n<\/p>\n<div class=\"custom-text \" readability=\"42\">\n<p>Y lo mejorcito, al menos a nivel resultados, vino en los coches ligeros. En la categor\u00eda challenger, donde <strong>Nicol\u00e1s Cavigliasso (Taurus)<\/strong> figura como uno de los candidatos, hubo varios \u00e9xitos: junto a su esposa y tambi\u00e9n navegante, Valentina Pertegarini, <strong>Nico qued\u00f3 3\u00b0 a 11 segundos del estadounidense Corbin Leaverton (Taurus)<\/strong>, mientras que David Zille (Taurus) finaliz\u00f3 7\u00b0 a 24 segundos.<\/p>\n<\/div>\n<div class=\"sc-e7b891c4-0 ifHnQL image-embed\"><img alt=\"Cavigliasso se meti\u00f3 en el podio del pr\u00f3logo. (EFE)\" loading=\"lazy\" width=\"720\" height=\"100\" decoding=\"async\" data-nimg=\"1\" src=\"http:\/\/nuevacordoba.net\/wp-content\/uploads\/2025\/01\/como-les-fue-a-los-argentinos-en-el-inicio-del-rally-dakar-2025-1.jpg\"><span class=\"epigraphe\">Cavigliasso se meti\u00f3 en el podio del pr\u00f3logo. (EFE)<\/span><\/div>\n<div class=\"custom-text \" readability=\"39.013916500994\">\n<p>En los SSV tampoco faltaron las buenas noticias, <strong>con Jerem\u00edas Gonz\u00e1lez Ferioli (CanAM) posicion\u00e1ndose 2\u00b0 a 19 segundos del yanqui Brock Heger (Polaris)<\/strong>. Adem\u00e1s, Manuel And\u00fajar (CanAM), campe\u00f3n en quads el a\u00f1o pasado -la categor\u00eda fue cesada-, pas\u00f3 el checkpoint 8\u00b0 a 59s, y Diego Mart\u00ednez (CanAM), 13\u00b0 a 1m35s. Adem\u00e1s, por fuera de las categor\u00edas convencionales, est\u00e1n compitiendo <strong>Jorge P\u00e9rez Companc y Pablo Jat\u00f3n<\/strong> (classic) y <strong><a href=\"https:\/\/www.ole.com.ar\/autos\/puede-correr-rally-dakar-2025-moto-electrica-argentino-probara-benjamin-pascual_0_dcYfYmj5IY.html\" target=\"_self\" title=\"Benjam\u00edn Pascual (Mission 1000, con una moto el\u00e9ctrica).\" alt=\"Benjam\u00edn Pascual (Mission 1000, con una moto el\u00e9ctrica).\" rel=\"noopener\">Benjam\u00edn Pascual<\/a><\/strong><a href=\"https:\/\/www.ole.com.ar\/autos\/puede-correr-rally-dakar-2025-moto-electrica-argentino-probara-benjamin-pascual_0_dcYfYmj5IY.html\" target=\"_self\" title=\"Benjam\u00edn Pascual (Mission 1000, con una moto el\u00e9ctrica).\" alt=\"Benjam\u00edn Pascual (Mission 1000, con una moto el\u00e9ctrica).\" rel=\"noopener\"> (Mission 1000, con una moto el\u00e9ctrica).<\/a><\/p>\n<\/div>\n<div class=\"custom-text \" readability=\"39\">\n<p>Pasado el arranque, una prueba que sirvi\u00f3 para calentar motores, <strong>ser\u00e1 la hora de la primera etapa<\/strong>: los pilotos continuar\u00e1n atravesando la ciudad de Bisha, con 86 kil\u00f3metros de enlace y 413km de especial (la parte cronometrada) <strong>en los que habr\u00e1 muchos cambios de superficie<\/strong>, pasando de la arena a las piedras de manera constante.<\/p>\n<\/div>\n<p><h2><strong>Los resultados de los argentinos en el pr\u00f3logo del Dakar 2025<\/strong><\/h2>\n<\/p>\n<p><h3><strong>Motos<\/strong><\/h3>\n<\/p>\n<div class=\"custom-text \">\n<ul>\n<li>7) Luciano Benavides (KTM) &#8211; a 40s<\/li>\n<li>24) Kevin Benavides (KTM) &#8211; a 1m38s<\/li>\n<li>68) Juan Santiago Rostan (Husqvarna) &#8211; a 4m57s<\/li>\n<\/ul>\n<\/div>\n<p><h3><strong>Autos<\/strong><\/h3>\n<\/p>\n<div class=\"custom-text \">\n<ul>\n<li>32) Juan Cruz Yacopini (Toyota) &#8211; a 1m47s<\/li>\n<\/ul>\n<\/div>\n<p><h3><strong>Challenger<\/strong><\/h3>\n<\/p>\n<div class=\"custom-text \">\n<ul>\n<li>3) Nicol\u00e1s Cavigliasso (Taurus) &#8211; a 11s<\/li>\n<li>7) David Zille (Taurus) &#8211; a 24s<\/li>\n<\/ul>\n<\/div>\n<p><h3><strong>SSV<\/strong><\/h3>\n<\/p>\n<div class=\"custom-text \">\n<ul>\n<li>2) Jerem\u00edas Gonz\u00e1lez Ferioli (CanAM) &#8211; a 19s<\/li>\n<li>8) Manuel And\u00fajar (CanAM) &#8211; a 59s<\/li>\n<li>13) Diego Mart\u00ednez &#8211; a 1m35s<\/li>\n<\/ul>\n<\/div>\n<div class=\"sc-e7b891c4-0 ifHnQL image-embed\"><img alt=\"Lategan, la referencia en los autos, arranc\u00f3 con todo. (REUTERS\/Hamad I Mohammed)\" loading=\"lazy\" width=\"720\" height=\"100\" decoding=\"async\" data-nimg=\"1\" src=\"http:\/\/nuevacordoba.net\/wp-content\/uploads\/2025\/01\/como-les-fue-a-los-argentinos-en-el-inicio-del-rally-dakar-2025-2.jpg\"><span class=\"epigraphe\">Lategan, la referencia en los autos, arranc\u00f3 con todo. (REUTERS\/Hamad I Mohammed)<\/span><\/div>\n<div class=\"sc-a7166897-0 eoLsBE\" readability=\"6\">\n<section readability=\"2\"><picture><img alt=\"Luciano Benavides le apunta al t\u00edtulo en el Dakar: &quot;Me siento preparado&quot;\" loading=\"lazy\" width=\"290\" height=\"290\" decoding=\"async\" data-nimg=\"1\" src=\"http:\/\/nuevacordoba.net\/wp-content\/uploads\/2025\/01\/como-les-fue-a-los-argentinos-en-el-inicio-del-rally-dakar-2025-3.jpg\"><\/picture>\n<p><span>Mir\u00e1 tambi\u00e9n<\/span><\/p>\n<hr>\n<h3>Luciano Benavides le apunta al t\u00edtulo en el Dakar: \u00abMe siento preparado\u00bb<\/h3>\n<\/p>\n<\/section>\n<\/div>\n<div class=\"sc-a7166897-0 eoLsBE\" readability=\"7\">\n<section readability=\"4\"><picture><img alt=\"Qu\u00e9 es la categor\u00eda SSV del Dakar, donde varios argentinos sue\u00f1an&nbsp;con&nbsp;el&nbsp;t\u00edtulo\" loading=\"lazy\" width=\"290\" height=\"290\" decoding=\"async\" data-nimg=\"1\" src=\"http:\/\/nuevacordoba.net\/wp-content\/uploads\/2025\/01\/como-les-fue-a-los-argentinos-en-el-inicio-del-rally-dakar-2025-4.jpg\"><\/picture>\n<p><span>Mir\u00e1 tambi\u00e9n<\/span><\/p>\n<hr>\n<h3>Qu\u00e9 es la categor\u00eda SSV del Dakar, donde varios argentinos sue\u00f1an&nbsp;con&nbsp;el&nbsp;t\u00edtulo<\/h3>\n<\/p>\n<\/section>\n<\/div>\n<div class=\"sc-a7166897-0 eoLsBE\" readability=\"6\">\n<section readability=\"2\"><picture><img alt=\"Dakar: qu\u00e9 es la etapa de las 48 horas y por qu\u00e9 es tan temida por los pilotos\" loading=\"lazy\" width=\"290\" height=\"290\" decoding=\"async\" data-nimg=\"1\" src=\"http:\/\/nuevacordoba.net\/wp-content\/uploads\/2025\/01\/como-les-fue-a-los-argentinos-en-el-inicio-del-rally-dakar-2025-5.jpg\"><\/picture>\n<p><span>Mir\u00e1 tambi\u00e9n<\/span><\/p>\n<hr>\n<h3>Dakar: qu\u00e9 es la etapa de las 48 horas y por qu\u00e9 es tan temida por los pilotos<\/h3>\n<\/p>\n<\/section>\n<\/div>\n<div class=\"sc-a7166897-0 eoLsBE\" readability=\"6.5\">\n<section readability=\"3\"><picture><img alt=\"Qu\u00e9 es la Mission 1000, la moderna categor\u00eda del Dakar que tendr\u00e1 a un argentino\" loading=\"lazy\" width=\"290\" height=\"290\" decoding=\"async\" data-nimg=\"1\" src=\"http:\/\/nuevacordoba.net\/wp-content\/uploads\/2025\/01\/como-les-fue-a-los-argentinos-en-el-inicio-del-rally-dakar-2025-6.jpg\"><\/picture>\n<p><span>Mir\u00e1 tambi\u00e9n<\/span><\/p>\n<hr>\n<h3>Qu\u00e9 es la Mission 1000, la moderna categor\u00eda del Dakar que tendr\u00e1 a un argentino<\/h3>\n<\/p>\n<\/section>\n<\/div>\n<\/div>\n","protected":false},"excerpt":{"rendered":"<p>03\/01\/2025 10:01hs. Actualizado al 03\/01\/2025 10:33hs. Comenz\u00f3 el a\u00f1o. Para muchos, la ficha cay\u00f3 al momento de chocar las copas y escuchar los fuegos artificiales. Para los fierreros, cuando se larg\u00f3 el Rally Dakar: 27 argentinos -entre pilotos y navegantes- comenzaron el recorrido que cruzar\u00e1 Arabia Saudita, con varios de ellos posicion\u00e1ndose en los puestos [&hellip;]<\/p>\n","protected":false},"author":1,"featured_media":52440,"comment_status":"closed","ping_status":"closed","sticky":false,"template":"","format":"standard","meta":[],"categories":[10],"tags":[],"_links":{"self":[{"href":"http:\/\/nuevacordoba.net\/index.php\/wp-json\/wp\/v2\/posts\/52439"}],"collection":[{"href":"http:\/\/nuevacordoba.net\/index.php\/wp-json\/wp\/v2\/posts"}],"about":[{"href":"http:\/\/nuevacordoba.net\/index.php\/wp-json\/wp\/v2\/types\/post"}],"author":[{"embeddable":true,"href":"http:\/\/nuevacordoba.net\/index.php\/wp-json\/wp\/v2\/users\/1"}],"replies":[{"embeddable":true,"href":"http:\/\/nuevacordoba.net\/index.php\/wp-json\/wp\/v2\/comments?post=52439"}],"version-history":[{"count":0,"href":"http:\/\/nuevacordoba.net\/index.php\/wp-json\/wp\/v2\/posts\/52439\/revisions"}],"wp:featuredmedia":[{"embeddable":true,"href":"http:\/\/nuevacordoba.net\/index.php\/wp-json\/wp\/v2\/media\/52440"}],"wp:attachment":[{"href":"http:\/\/nuevacordoba.net\/index.php\/wp-json\/wp\/v2\/media?parent=52439"}],"wp:term":[{"taxonomy":"category","embeddable":true,"href":"http:\/\/nuevacordoba.net\/index.php\/wp-json\/wp\/v2\/categories?post=52439"},{"taxonomy":"post_tag","embeddable":true,"href":"http:\/\/nuevacordoba.net\/index.php\/wp-json\/wp\/v2\/tags?post=52439"}],"curies":[{"name":"wp","href":"https:\/\/api.w.org\/{rel}","templated":true}]}}