{"id":52465,"date":"2025-01-03T16:43:35","date_gmt":"2025-01-03T16:43:35","guid":{"rendered":"https:\/\/prensa.cba.gov.ar\/?p=612212"},"modified":"2025-01-03T16:43:35","modified_gmt":"2025-01-03T16:43:35","slug":"feria-de-ciencias-tecnologias-artes-movimiento-e-innovacion-2025-rumbo-a-la-57-edicion","status":"publish","type":"post","link":"http:\/\/nuevacordoba.net\/index.php\/2025\/01\/03\/feria-de-ciencias-tecnologias-artes-movimiento-e-innovacion-2025-rumbo-a-la-57-edicion\/","title":{"rendered":"Feria de Ciencias, Tecnolog\u00edas, Artes, Movimiento e Innovaci\u00f3n 2025: rumbo a la 57\u00b0 edici\u00f3n"},"content":{"rendered":"<div><img src=\"http:\/\/nuevacordoba.net\/wp-content\/uploads\/2025\/01\/feria-de-ciencias-tecnologias-artes-movimiento-e-innovacion-2025-rumbo-a-la-57-edicion.jpg\" class=\"ff-og-image-inserted\"><\/div>\n<ul class=\" wp-block-list eplus-wrapper eplus-styles-uid-0e47ff\">\n<li class=\" eplus-wrapper\"><strong>La convocatoria est\u00e1 dirigida a instituciones educativas de todos los niveles y modalidades de la provincia.<\/strong><\/li>\n<li class=\" eplus-wrapper\"><strong>Se desarrollar\u00e1n producciones escolares de tipo cient\u00edfico, art\u00edstico, deportivo, recreativo y\/o tecnol\u00f3gico.<\/strong><\/li>\n<li class=\" eplus-wrapper\"><strong>El lanzamiento oficial de la feria ser\u00e1 el d\u00eda 10 de marzo.<\/strong><\/li>\n<\/ul>\n<p class=\" eplus-wrapper\">En el marco de las acciones para fortalecer y estimular la educaci\u00f3n, la Provincia invita a las instituciones educativas de todos los niveles y modalidades a participar de la <strong>57\u00b0 Feria de Ciencias, Tecnolog\u00edas, Artes, Movimiento e Innovaci\u00f3n. Alberto Maiztegui<\/strong>,<strong> <\/strong>bajo el lema \u201c<em>Una oportunidad para seguir haciendo y transformando C\u00f3rdoba<\/em>\u201d.<\/p>\n<p class=\" eplus-wrapper\">Se trata de una actividad que se desarrollar\u00e1 en cada instituci\u00f3n educativa durante el ciclo lectivo, y se comunicar\u00e1 a trav\u00e9s de la exposici\u00f3n de las producciones escolares, ya sean estas de tipo cient\u00edfico, art\u00edstico, deportivo, recreativo y\/o tecnol\u00f3gico.&nbsp;<\/p>\n<p class=\" eplus-wrapper\">La feria de ciencias constituye una instancia de producci\u00f3n e intercambio de experiencias, aprendizajes y saberes que se realiza a\u00f1o a a\u00f1o, instal\u00e1ndose como un espacio did\u00e1ctico-pedag\u00f3gico que tiene por objetivo fomentar el esp\u00edritu cr\u00edtico y la curiosidad en ni\u00f1as, ni\u00f1os, j\u00f3venes y adultos, docentes y la comunidad, en general.&nbsp;<\/p>\n<p class=\" eplus-wrapper\">Es una iniciativa que contempla la presentaci\u00f3n y socializaci\u00f3n de los trabajos de investigaci\u00f3n escolar que se desarrollan en cada aula, bajo premisas de desaf\u00edos diversos: de aprendizaje, de comunicaci\u00f3n, sociales, culturales, entre otros y tambi\u00e9n de trabajos acerca de la ense\u00f1anza y los aprendizajes de diferentes t\u00f3picos escolares, incluso sobre la formaci\u00f3n docente y\/o temas propios que estructuran los programas de estudio de las tecnicaturas profesionales.<\/p>\n<h4 class=\" wp-block-heading eplus-wrapper\"><strong>Edici\u00f3n 57\u00b0: modalidad de la feria<\/strong><\/h4>\n<p class=\" eplus-wrapper\">Para la edici\u00f3n del a\u00f1o 2025, la feria de ciencias constar\u00e1 de cuatro instancias de trabajo: escolar\/institucional, departamental, provincial y nacional, cuyas etapas se desarrollar\u00e1n de marzo a noviembre.<\/p>\n<p class=\" eplus-wrapper\">Los proyectos feriales deben tener como eje transversal el Compromiso Alfabetizador C\u00f3rdoba y, por extensi\u00f3n, el desarrollo de las capacidades fundamentales de oralidad, lectura y escritura, y el abordaje y resoluci\u00f3n de situaciones problem\u00e1ticas.&nbsp;<\/p>\n<p class=\" eplus-wrapper\">A su vez, se deben fundamentar, dise\u00f1ar y desarrollar desde la perspectiva de la Educaci\u00f3n STEAM ampliada y en el marco de los objetivos de la Educaci\u00f3n para el Desarrollo Sostenible, con adaptaciones al nivel y modalidad educativa, y al contexto de la escuela\/comunidad donde se genera dicho proyecto y deben ser de car\u00e1cter integrado.<\/p>\n<p class=\" eplus-wrapper\">La participaci\u00f3n en las etapas feriales posibilita la construcci\u00f3n de aprendizajes en comunidad, seg\u00fan niveles y modalidades educativas.<\/p>\n<p class=\" eplus-wrapper\">La fase nacional se organiza conjuntamente con el Programa Nacional de Ferias de Ciencias y Tecnolog\u00eda de la Naci\u00f3n.<\/p>\n<p class=\" eplus-wrapper\">A partir del 15 de febrero se publicar\u00e1n mensualmente novedades en la <a href=\"https:\/\/www.igualdadycalidadcba.gov.ar\/SIPEC-CBA\/\" target=\"_blank\" rel=\"noreferrer noopener\">p\u00e1gina de la Secretar\u00eda de Innovaci\u00f3n, Desarrollo Profesional y Tecnolog\u00edas en Educaci\u00f3n<\/a>. La fecha de lanzamiento se realizar\u00e1 el d\u00eda 10 de marzo del 2025.&nbsp;<\/p>\n<p class=\" eplus-wrapper\">M\u00e1s informaci\u00f3n, <a href=\"https:\/\/www.igualdadycalidadcba.gov.ar\/SIPEC-CBA\/SIDPyTE\/SDCyAI\/feria-de-cie-tec-art-e-inn\/2025\/57-feria-de-CTAMeI.pdf\" target=\"_blank\" rel=\"noreferrer noopener\">en este link<\/a>. <\/p>\n<p class=\" eplus-wrapper\">Correo electr\u00f3nico de consultas: <a href=\"mailto:feriacs.cba.2024@gmail.com\" target=\"_blank\" rel=\"noreferrer noopener\">feriacs.cba.2024@gmail.com<\/a><\/p>\n","protected":false},"excerpt":{"rendered":"<p>La convocatoria est\u00e1 dirigida a instituciones educativas de todos los niveles y modalidades de la provincia. Se desarrollar\u00e1n producciones escolares de tipo cient\u00edfico, art\u00edstico, deportivo, recreativo y\/o tecnol\u00f3gico. El lanzamiento oficial de la feria ser\u00e1 el d\u00eda 10 de marzo. En el marco de las acciones para fortalecer y estimular la educaci\u00f3n, la Provincia invita [&hellip;]<\/p>\n","protected":false},"author":1,"featured_media":52466,"comment_status":"closed","ping_status":"closed","sticky":false,"template":"","format":"standard","meta":[],"categories":[14],"tags":[],"_links":{"self":[{"href":"http:\/\/nuevacordoba.net\/index.php\/wp-json\/wp\/v2\/posts\/52465"}],"collection":[{"href":"http:\/\/nuevacordoba.net\/index.php\/wp-json\/wp\/v2\/posts"}],"about":[{"href":"http:\/\/nuevacordoba.net\/index.php\/wp-json\/wp\/v2\/types\/post"}],"author":[{"embeddable":true,"href":"http:\/\/nuevacordoba.net\/index.php\/wp-json\/wp\/v2\/users\/1"}],"replies":[{"embeddable":true,"href":"http:\/\/nuevacordoba.net\/index.php\/wp-json\/wp\/v2\/comments?post=52465"}],"version-history":[{"count":0,"href":"http:\/\/nuevacordoba.net\/index.php\/wp-json\/wp\/v2\/posts\/52465\/revisions"}],"wp:featuredmedia":[{"embeddable":true,"href":"http:\/\/nuevacordoba.net\/index.php\/wp-json\/wp\/v2\/media\/52466"}],"wp:attachment":[{"href":"http:\/\/nuevacordoba.net\/index.php\/wp-json\/wp\/v2\/media?parent=52465"}],"wp:term":[{"taxonomy":"category","embeddable":true,"href":"http:\/\/nuevacordoba.net\/index.php\/wp-json\/wp\/v2\/categories?post=52465"},{"taxonomy":"post_tag","embeddable":true,"href":"http:\/\/nuevacordoba.net\/index.php\/wp-json\/wp\/v2\/tags?post=52465"}],"curies":[{"name":"wp","href":"https:\/\/api.w.org\/{rel}","templated":true}]}}