{"id":52949,"date":"2025-01-18T06:05:36","date_gmt":"2025-01-18T06:05:36","guid":{"rendered":"https:\/\/cordobaoutdoor.com.ar\/?p=2338"},"modified":"2025-01-18T06:05:36","modified_gmt":"2025-01-18T06:05:36","slug":"circo-anima-presenta-abre-tus-alas-un-espectaculo-que-desafia-los-sentidos-y-te-invita-a-la-libertad","status":"publish","type":"post","link":"http:\/\/nuevacordoba.net\/index.php\/2025\/01\/18\/circo-anima-presenta-abre-tus-alas-un-espectaculo-que-desafia-los-sentidos-y-te-invita-a-la-libertad\/","title":{"rendered":"\u201cCirco \u00c1nima presenta: Abre tus alas, un espect\u00e1culo que desaf\u00eda los sentidos y te invita a la libertad\u201d"},"content":{"rendered":"<div class=\"flex-shrink-0 flex flex-col relative items-end\">\n<div>\n<div class=\"pt-0\">\n<div class=\"gizmo-bot-avatar flex h-8 w-8 items-center justify-center overflow-hidden rounded-full\">\n<div class=\"relative p-1 rounded-sm flex items-center justify-center bg-token-main-surface-primary text-token-text-primary h-8 w-8\">&nbsp;Llega a Circo \u00c1nima: \u201cAbre tus alas\u201d, un espect\u00e1culo que propone una aventura sensorial a trav\u00e9s de efectos dirigidos a los cinco sentidos. Acrobacias y musicales con diferentes efectos visuales buscan transportar al p\u00fablico al centro de una tormenta, donde se puede sentir en la piel la fuerza de la naturaleza.<\/div>\n<div class=\"relative p-1 rounded-sm flex items-center justify-center bg-token-main-surface-primary text-token-text-primary h-8 w-8\">Adem\u00e1s, el espect\u00e1culo cuenta con un n\u00famero de estilo Aqua Dance, donde el agua juega un papel clave para intensificar la experiencia llevando a los espectadores a vivir una sensaci\u00f3n \u00fanica e inmersiva.<\/div>\n<div class=\"relative p-1 rounded-sm flex items-center justify-center bg-token-main-surface-primary text-token-text-primary h-8 w-8\">Flavio Mendoza produce y protagoniza este espectacular show repleto de magia y adrenalina.<\/div>\n<div><img loading=\"lazy\" decoding=\"async\" class=\"aligncenter size-full wp-image-2342\" src=\"http:\/\/nuevacordoba.net\/wp-content\/uploads\/2025\/01\/circo-anima-presenta-abre-tus-alas-un-espectaculo-que-desafia-los-sentidos-y-te-invita-a-la-libertad.jpg\" alt width=\"1600\" height=\"900\" srcset=\"http:\/\/nuevacordoba.net\/wp-content\/uploads\/2025\/01\/circo-anima-presenta-abre-tus-alas-un-espectaculo-que-desafia-los-sentidos-y-te-invita-a-la-libertad.jpg 1600w, http:\/\/nuevacordoba.net\/wp-content\/uploads\/2025\/01\/circo-anima-presenta-abre-tus-alas-un-espectaculo-que-desafia-los-sentidos-y-te-invita-a-la-libertad-3.jpg 300w, http:\/\/nuevacordoba.net\/wp-content\/uploads\/2025\/01\/circo-anima-presenta-abre-tus-alas-un-espectaculo-que-desafia-los-sentidos-y-te-invita-a-la-libertad-4.jpg 1024w, http:\/\/nuevacordoba.net\/wp-content\/uploads\/2025\/01\/circo-anima-presenta-abre-tus-alas-un-espectaculo-que-desafia-los-sentidos-y-te-invita-a-la-libertad-5.jpg 768w, http:\/\/nuevacordoba.net\/wp-content\/uploads\/2025\/01\/circo-anima-presenta-abre-tus-alas-un-espectaculo-que-desafia-los-sentidos-y-te-invita-a-la-libertad-6.jpg 1536w, http:\/\/nuevacordoba.net\/wp-content\/uploads\/2025\/01\/circo-anima-presenta-abre-tus-alas-un-espectaculo-que-desafia-los-sentidos-y-te-invita-a-la-libertad-7.jpg 421w\" sizes=\"(max-width: 1600px) 100vw, 1600px\"><\/div>\n<div>\u201cAbre tus alas\u201d te llevar\u00e1 m\u00e1s all\u00e1 de lo imaginable. Tres cazadores de tormentas son llamados por una voz suprema para atrapar las fuerzas de la naturaleza. El espect\u00e1culo no solo est\u00e1 lleno de acrobacias, sino que tambi\u00e9n cuenta con la participaci\u00f3n de m\u00fasicos, cantantes y bailarines, creando una experiencia completa que apela a todos los sentidos. Juntos, ofrecen una propuesta din\u00e1mica que combina la magia de la m\u00fasica en vivo, las coreograf\u00edas vibrantes y las impresionantes acrobacias, llevando al p\u00fablico al coraz\u00f3n de una tormenta donde la emoci\u00f3n est\u00e1 al alcance de todos.<\/div>\n<\/div>\n<\/div>\n<\/div>\n<\/div>\n<p>\u201cAbre tus alas\u201d, nos ense\u00f1a que no podemos detener el tiempo ni controlar nuestras tormentas internas. A veces nos aferramos a lo que nos pesa, a nuestros miedos y preocupaciones, sin darnos cuenta de que eso solo nos limita. Es momento de soltar todo lo que nos arrastra, dejar que los vendavales se lleven lo que nos hace da\u00f1o. Solo as\u00ed podremos empezar de nuevo, m\u00e1s ligeros, con la oportunidad de abrir nuestras alas y volar hacia un futuro lleno de libertad y nuevas oportunidades.<\/p>\n<p><img loading=\"lazy\" decoding=\"async\" class=\"aligncenter size-full wp-image-2343\" src=\"http:\/\/nuevacordoba.net\/wp-content\/uploads\/2025\/01\/circo-anima-presenta-abre-tus-alas-un-espectaculo-que-desafia-los-sentidos-y-te-invita-a-la-libertad-1.jpg\" alt width=\"1600\" height=\"900\" srcset=\"http:\/\/nuevacordoba.net\/wp-content\/uploads\/2025\/01\/circo-anima-presenta-abre-tus-alas-un-espectaculo-que-desafia-los-sentidos-y-te-invita-a-la-libertad-1.jpg 1600w, http:\/\/nuevacordoba.net\/wp-content\/uploads\/2025\/01\/circo-anima-presenta-abre-tus-alas-un-espectaculo-que-desafia-los-sentidos-y-te-invita-a-la-libertad-8.jpg 300w, http:\/\/nuevacordoba.net\/wp-content\/uploads\/2025\/01\/circo-anima-presenta-abre-tus-alas-un-espectaculo-que-desafia-los-sentidos-y-te-invita-a-la-libertad-9.jpg 1024w, http:\/\/nuevacordoba.net\/wp-content\/uploads\/2025\/01\/circo-anima-presenta-abre-tus-alas-un-espectaculo-que-desafia-los-sentidos-y-te-invita-a-la-libertad-10.jpg 768w, http:\/\/nuevacordoba.net\/wp-content\/uploads\/2025\/01\/circo-anima-presenta-abre-tus-alas-un-espectaculo-que-desafia-los-sentidos-y-te-invita-a-la-libertad-11.jpg 1536w, http:\/\/nuevacordoba.net\/wp-content\/uploads\/2025\/01\/circo-anima-presenta-abre-tus-alas-un-espectaculo-que-desafia-los-sentidos-y-te-invita-a-la-libertad-12.jpg 421w\" sizes=\"auto, (max-width: 1600px) 100vw, 1600px\">Por su parte, Flavio Mendoza, expres\u00f3: \u201cHay mucha producci\u00f3n, es una producci\u00f3n incre\u00edble, es un espect\u00e1culo que est\u00e1 a nivel internacional, esto representa muy bien al pa\u00eds\u201d.&nbsp; \u201cNo s\u00e9 si en C\u00f3rdoba ser\u00e1 nuestro \u00faltimo a\u00f1o porque tengo algunos contratos internacionales, pero me tira m\u00e1s el coraz\u00f3n que la plata\u201d. \u201cQuiero agradecer a los cordobeses porque ya tenemos funciones agotadas\u201d. \u201cMe siento protegido por la gente y siempre quiero dejar un mensaje, no un espect\u00e1culo pochoclero\u201d. \u201cLa devoluci\u00f3n de la gente es incre\u00edble, el show es adrenal\u00ednico.\u201d Y concluy\u00f3: \u201cMe inspira, la vida\u201d.<\/p>\n<p><img loading=\"lazy\" decoding=\"async\" class=\"aligncenter size-full wp-image-2344\" src=\"http:\/\/nuevacordoba.net\/wp-content\/uploads\/2025\/01\/circo-anima-presenta-abre-tus-alas-un-espectaculo-que-desafia-los-sentidos-y-te-invita-a-la-libertad-2.jpg\" alt width=\"1600\" height=\"900\" srcset=\"http:\/\/nuevacordoba.net\/wp-content\/uploads\/2025\/01\/circo-anima-presenta-abre-tus-alas-un-espectaculo-que-desafia-los-sentidos-y-te-invita-a-la-libertad-2.jpg 1600w, http:\/\/nuevacordoba.net\/wp-content\/uploads\/2025\/01\/circo-anima-presenta-abre-tus-alas-un-espectaculo-que-desafia-los-sentidos-y-te-invita-a-la-libertad-13.jpg 300w, http:\/\/nuevacordoba.net\/wp-content\/uploads\/2025\/01\/circo-anima-presenta-abre-tus-alas-un-espectaculo-que-desafia-los-sentidos-y-te-invita-a-la-libertad-14.jpg 1024w, http:\/\/nuevacordoba.net\/wp-content\/uploads\/2025\/01\/circo-anima-presenta-abre-tus-alas-un-espectaculo-que-desafia-los-sentidos-y-te-invita-a-la-libertad-15.jpg 768w, http:\/\/nuevacordoba.net\/wp-content\/uploads\/2025\/01\/circo-anima-presenta-abre-tus-alas-un-espectaculo-que-desafia-los-sentidos-y-te-invita-a-la-libertad-16.jpg 1536w, http:\/\/nuevacordoba.net\/wp-content\/uploads\/2025\/01\/circo-anima-presenta-abre-tus-alas-un-espectaculo-que-desafia-los-sentidos-y-te-invita-a-la-libertad-17.jpg 421w\" sizes=\"auto, (max-width: 1600px) 100vw, 1600px\"><\/p>\n<p>El espect\u00e1culo se presentar\u00e1 de martes a domingo, en la carpa del circo, Av. Col\u00f3n 4800 y el acceso al estacionamiento ser\u00e1 gratuito para facilitar la llegada del p\u00fablico.<\/p>\n<p>Las funciones son de martes a domingo, horarios disponibles en <a href=\"https:\/\/circoanima.com.ar\/\">circoanima.com.ar<\/a><\/p>\n<p>Entradas: $15,000 y $20,000 en dinaticket.com.<\/p>\n","protected":false},"excerpt":{"rendered":"<p>&nbsp;Llega a Circo \u00c1nima: \u201cAbre tus alas\u201d, un espect\u00e1culo que propone una aventura sensorial a trav\u00e9s de efectos dirigidos a los cinco sentidos. Acrobacias y musicales con diferentes efectos visuales buscan transportar al p\u00fablico al centro de una tormenta, donde se puede sentir en la piel la fuerza de la naturaleza. Adem\u00e1s, el espect\u00e1culo cuenta [&hellip;]<\/p>\n","protected":false},"author":1,"featured_media":52950,"comment_status":"closed","ping_status":"closed","sticky":false,"template":"","format":"standard","meta":[],"categories":[11],"tags":[],"_links":{"self":[{"href":"http:\/\/nuevacordoba.net\/index.php\/wp-json\/wp\/v2\/posts\/52949"}],"collection":[{"href":"http:\/\/nuevacordoba.net\/index.php\/wp-json\/wp\/v2\/posts"}],"about":[{"href":"http:\/\/nuevacordoba.net\/index.php\/wp-json\/wp\/v2\/types\/post"}],"author":[{"embeddable":true,"href":"http:\/\/nuevacordoba.net\/index.php\/wp-json\/wp\/v2\/users\/1"}],"replies":[{"embeddable":true,"href":"http:\/\/nuevacordoba.net\/index.php\/wp-json\/wp\/v2\/comments?post=52949"}],"version-history":[{"count":0,"href":"http:\/\/nuevacordoba.net\/index.php\/wp-json\/wp\/v2\/posts\/52949\/revisions"}],"wp:featuredmedia":[{"embeddable":true,"href":"http:\/\/nuevacordoba.net\/index.php\/wp-json\/wp\/v2\/media\/52950"}],"wp:attachment":[{"href":"http:\/\/nuevacordoba.net\/index.php\/wp-json\/wp\/v2\/media?parent=52949"}],"wp:term":[{"taxonomy":"category","embeddable":true,"href":"http:\/\/nuevacordoba.net\/index.php\/wp-json\/wp\/v2\/categories?post=52949"},{"taxonomy":"post_tag","embeddable":true,"href":"http:\/\/nuevacordoba.net\/index.php\/wp-json\/wp\/v2\/tags?post=52949"}],"curies":[{"name":"wp","href":"https:\/\/api.w.org\/{rel}","templated":true}]}}