{"id":52973,"date":"2025-01-18T17:42:29","date_gmt":"2025-01-18T17:42:29","guid":{"rendered":"https:\/\/cordoba.gob.ar\/?p=67866"},"modified":"2025-01-18T17:42:29","modified_gmt":"2025-01-18T17:42:29","slug":"los-vecinos-y-vecinas-de-barrio-muller-suman-a-la-transformacion-de-un-basural-una-serie-de-charlas-educativas-ambientales","status":"publish","type":"post","link":"http:\/\/nuevacordoba.net\/index.php\/2025\/01\/18\/los-vecinos-y-vecinas-de-barrio-muller-suman-a-la-transformacion-de-un-basural-una-serie-de-charlas-educativas-ambientales\/","title":{"rendered":"Los vecinos y vecinas de barrio M\u00fcller suman a la transformaci\u00f3n de un basural una serie de charlas educativas ambientales"},"content":{"rendered":"<div><img src=\"http:\/\/nuevacordoba.net\/wp-content\/uploads\/2025\/01\/los-vecinos-y-vecinas-de-barrio-muller-suman-a-la-transformacion-de-un-basural-una-serie-de-charlas-educativas-ambientales.jpg\" class=\"ff-og-image-inserted\"><\/div>\n<ul>\n<li><strong><strong>Se dictan para ciudadanos residentes en las adyacencias del Parque Educativo Este, para cuidar el espacio y evitar el arrojo clandestino de residuos.<\/strong><\/strong><br \/>\n<hr>\n<\/li>\n<\/ul>\n<p>Los vecinos y vecinas de barrio M\u00fcller y alrededores est\u00e1n comprometidos con la erradicaci\u00f3n del basural que se form\u00f3 all\u00ed hace d\u00e9cadas: no solamente se est\u00e1 limpiando sino que tambi\u00e9n est\u00e1n aprendiendo sobre la importancia del cuidado ambiental y el espacio.<\/p>\n<p>Es una iniciativa impulsada por los propios vecinos, que el municipio acompa\u00f1a desde las distintas \u00e1reas del gobierno, por un espacio mejor, m\u00e1s limpio y m\u00e1s seguro para vivir.<\/p>\n<p>Estas charlas educativas tienen lugar en el Parque Educativo Este, ubicado en barrio Campo de la Ribera, a donde asisten los vecinos, tanto de M\u00fcller como as\u00ed tambi\u00e9n de San Vicente, Altamira y Maldonado, 1\u00b0 de Mayo y Las Lilas.<\/p>\n<p>Los ni\u00f1os y j\u00f3venes tambi\u00e9n son parte del cambio: el jard\u00edn y nivel primario de la escuela Grecia y el IPEM 184 Mariano Fragueiro animan a los m\u00e1s peque\u00f1os a que participen de estas propuestas y sean parte del compromiso en el barrio.<\/p>\n<p>Estas instancias son impulsadas por la Secretar\u00eda de Ambiente Sustentable y Econom\u00eda Circular junto con el Instituto de Protecci\u00f3n Ambiental y Animal, la Universidad Libre del Ambiente, la empresa de recolecci\u00f3n de residuos Lusa, la Subsecretar\u00eda de Educaci\u00f3n Social, Cient\u00edfica y Tecnol\u00f3gica y la Direcci\u00f3n de Espacios Verdes, con la participaci\u00f3n de los miembros del Centro Vecinal de barrio M\u00fcller.<\/p>\n<p>Cada semana, este sector ubicado en la esquina de Domingo Matheu y Juan Ignacio Gorriti es intervenido por un equipo de la Direcci\u00f3n de Higiene Urbana que se encarga de retirar los residuos que son arrojados en la zona.<\/p>\n<p>Una vez finalizados los trabajos, el basural se erradicar\u00e1 definitivamente, y se plantar\u00e1n \u00e1rboles en el lugar que le vuelvan a dar vida a la zona.<\/p>\n<p>Tambi\u00e9n colaboran otras \u00e1reas del municipio como el Centro Operativo y el CPC San Vicente, el Ente C\u00f3rdoba Obras y Servicios (COyS), a trav\u00e9s de los recuperadores urbanos, la Unidad Ejecutora Costanera y el Ministerio de Seguridad provincial, en un verdadero trabajo en conjunto.<\/p>\n","protected":false},"excerpt":{"rendered":"<p>Se dictan para ciudadanos residentes en las adyacencias del Parque Educativo Este, para cuidar el espacio y evitar el arrojo clandestino de residuos. Los vecinos y vecinas de barrio M\u00fcller y alrededores est\u00e1n comprometidos con la erradicaci\u00f3n del basural que se form\u00f3 all\u00ed hace d\u00e9cadas: no solamente se est\u00e1 limpiando sino que tambi\u00e9n est\u00e1n aprendiendo [&hellip;]<\/p>\n","protected":false},"author":1,"featured_media":52974,"comment_status":"closed","ping_status":"closed","sticky":false,"template":"","format":"standard","meta":[],"categories":[14],"tags":[],"_links":{"self":[{"href":"http:\/\/nuevacordoba.net\/index.php\/wp-json\/wp\/v2\/posts\/52973"}],"collection":[{"href":"http:\/\/nuevacordoba.net\/index.php\/wp-json\/wp\/v2\/posts"}],"about":[{"href":"http:\/\/nuevacordoba.net\/index.php\/wp-json\/wp\/v2\/types\/post"}],"author":[{"embeddable":true,"href":"http:\/\/nuevacordoba.net\/index.php\/wp-json\/wp\/v2\/users\/1"}],"replies":[{"embeddable":true,"href":"http:\/\/nuevacordoba.net\/index.php\/wp-json\/wp\/v2\/comments?post=52973"}],"version-history":[{"count":0,"href":"http:\/\/nuevacordoba.net\/index.php\/wp-json\/wp\/v2\/posts\/52973\/revisions"}],"wp:featuredmedia":[{"embeddable":true,"href":"http:\/\/nuevacordoba.net\/index.php\/wp-json\/wp\/v2\/media\/52974"}],"wp:attachment":[{"href":"http:\/\/nuevacordoba.net\/index.php\/wp-json\/wp\/v2\/media?parent=52973"}],"wp:term":[{"taxonomy":"category","embeddable":true,"href":"http:\/\/nuevacordoba.net\/index.php\/wp-json\/wp\/v2\/categories?post=52973"},{"taxonomy":"post_tag","embeddable":true,"href":"http:\/\/nuevacordoba.net\/index.php\/wp-json\/wp\/v2\/tags?post=52973"}],"curies":[{"name":"wp","href":"https:\/\/api.w.org\/{rel}","templated":true}]}}