{"id":53032,"date":"2025-01-20T14:02:13","date_gmt":"2025-01-20T14:02:13","guid":{"rendered":"https:\/\/www.ole.com.ar\/autos\/colapinto-milo-madrid-recital_0_SWOSxJEYi7.html"},"modified":"2025-01-20T14:02:13","modified_gmt":"2025-01-20T14:02:13","slug":"por-donde-anduvo-colapinto-antes-de-sumarse-a-alpine","status":"publish","type":"post","link":"http:\/\/nuevacordoba.net\/index.php\/2025\/01\/20\/por-donde-anduvo-colapinto-antes-de-sumarse-a-alpine\/","title":{"rendered":"Por d\u00f3nde anduvo Colapinto antes de sumarse a Alpine"},"content":{"rendered":"<p><span class=\"createDate\">20\/01\/2025 11:02hs.<\/span><time class=\"modificatedDate\" datetime=\"2025-01-20T11:03:42-03:00\"> Actualizado al 20\/01\/2025 11:03hs.<\/time><\/p>\n<div id=\"storyBody\">\n<div class=\"custom-text \" readability=\"28.789808917197\">\n<p><a href=\"https:\/\/www.ole.com.ar\/autos\/colapinto-alpine-formula1-reserva_0_zpgK62ooF6.html\" target=\"_self\" title=\"Luego de pasar d\u00edas de vacaciones en Argentina con su familia, seres queridos y amigos, \" alt=\"Luego de pasar d\u00edas de vacaciones en Argentina con su familia, seres queridos y amigos, \" rel=\"noopener\">Luego de pasar d\u00edas de vacaciones en Argentina con su familia, seres queridos y amigos, <\/a>Franco Colapinto viaj\u00f3 a Europa para ponerse a las \u00f3rdenes de Alpine, su nuevo equipo. Deber\u00e1 ir al b\u00fanker del equipo franc\u00e9s en Inglaterra. <strong>Pero antes, para continuar distray\u00e9ndose, el pilarense hizo un stop en Madrid. <\/strong><\/p>\n<\/div>\n<div class=\"custom-text \" readability=\"30.16384180791\">\n<p>All\u00ed, acompa\u00f1ado por su representante Mar\u00eda Caterineu<strong>, Colapa dijo presente en el recital de Milo J, cantante y rapero argentino. <\/strong>Vibr\u00f3 al ritmo de \u00e9l y de los fan\u00e1ticos que asistieron al show en un recinto cerrado de la capital espa\u00f1ola. En sus \u00faltimos d\u00edas en Argentina <a href=\"https:\/\/www.ole.com.ar\/fuera-de-juego\/repercusiones-colapinto-video-bailando-bizarrap_0_NwLWBzbQqZ.html\" target=\"_self\" title=\"se hab\u00eda hecho viral un video de \u00e9l bailando junto a su amigo Bizarrap.\" alt=\"se hab\u00eda hecho viral un video de \u00e9l bailando junto a su amigo Bizarrap.\" rel=\"noopener\">se hab\u00eda hecho viral un video de \u00e9l bailando junto a su amigo Bizarrap.<\/a><\/p>\n<\/div>\n<div class=\"sc-e7b891c4-0 ifHnQL image-embed\"><img alt=\"Colapinto por Madrid.\" loading=\"lazy\" width=\"720\" height=\"100\" decoding=\"async\" data-nimg=\"1\" src=\"http:\/\/nuevacordoba.net\/wp-content\/uploads\/2025\/01\/por-donde-anduvo-colapinto-antes-de-sumarse-a-alpine.jpg\"><span class=\"epigraphe\">Colapinto por Madrid.<\/span><\/div>\n<div class=\"sc-e7b891c4-0 ifHnQL image-embed\"><img alt=\"Colapinto por Madrid.\" loading=\"lazy\" width=\"720\" height=\"100\" decoding=\"async\" data-nimg=\"1\" src=\"http:\/\/nuevacordoba.net\/wp-content\/uploads\/2025\/01\/por-donde-anduvo-colapinto-antes-de-sumarse-a-alpine-1.jpg\"><span class=\"epigraphe\">Colapinto por Madrid.<\/span><\/div>\n<div class=\"custom-text \" readability=\"37\">\n<p>Tambi\u00e9n, con buena onda, Colapinto se hizo un espacio para sacarse fotos con fan\u00e1ticos en las calles. Con una sonrisa, pos\u00f3 para las c\u00e1maras. Nadie quiso dejar de lado la oportunidad de tener un recuerdo con el joven piloto argentino.<\/p>\n<\/div>\n<div class=\"sc-e7b891c4-0 ifHnQL image-embed\"><img alt=\"Colapinto por Madrid.\" loading=\"lazy\" width=\"720\" height=\"100\" decoding=\"async\" data-nimg=\"1\" src=\"http:\/\/nuevacordoba.net\/wp-content\/uploads\/2025\/01\/por-donde-anduvo-colapinto-antes-de-sumarse-a-alpine-2.jpg\"><span class=\"epigraphe\">Colapinto por Madrid.<\/span><\/div>\n<p><h2><strong>Lo que se viene para Colapinto<\/strong><\/h2>\n<\/p>\n<div class=\"custom-text \" readability=\"40\">\n<p>Ahora, su temporada se pone m\u00e1s seria ya que es momento de conocer en persona a sus nuevos compa\u00f1eros y jefes de Alpine, la escuder\u00eda que lo contrat\u00f3 al menos por cinco a\u00f1os -aunque, se sabe, en la F\u00f3rmula 1 a los papeles se los lleva el viento- y <strong>en la que arrancar\u00e1 de reserva, aunque la l\u00f3gica indica que no ser\u00e1 por mucho tiempo.<\/strong><\/p>\n<\/div>\n<div class=\"custom-text \" readability=\"40\">\n<p>La posici\u00f3n del argentino i<strong>mplicar\u00e1 contribuir al desarrollo t\u00e9cnico del equipo, para lo cual se necesitan ciertas habilidades tanto en el manejo como en la comprensi\u00f3n de la mec\u00e1nica de los monoplazas, y eso har\u00e1 que gane m\u00e1s conocimientos. <\/strong>Adem\u00e1s, tendr\u00e1 participaci\u00f3n activa en el uso de simuladores p<strong>ara mejorar el rendimiento del auto, y al mismo tiempo tendr\u00e1 la oportunidad de rodar en sesiones de pr\u00e1cticas libres<\/strong>, donde los pilotos de reserva suelen experimentar y dar su punto de vista sobre el comportamiento del autom\u00f3vil.<\/p>\n<\/div>\n<div class=\"custom-text \" readability=\"41\">\n<p>Franco cambiar\u00e1 de interlocutores apenas llegue a Enstone, la sede inglesa del equipo. All\u00ed, seguramente con quien m\u00e1s tendr\u00e1 un intercambio ser\u00e1 con Oliver Oakes, su nuevo jefe principal, una especie de James Vowles (el de Williams). El brit\u00e1nico lleg\u00f3 a Alpine en agosto de 2024, con 36 a\u00f1os (ya tiene 37), para ser el segundo director de equipo m\u00e1s joven en la historia de la F1.<\/p>\n<\/div>\n<div class=\"sc-e7b891c4-0 ifHnQL image-embed\"><img alt=\"Oliver Oakes, el jefe de equipo de Alpine. (Foto: X)\" loading=\"lazy\" width=\"720\" height=\"100\" decoding=\"async\" data-nimg=\"1\" src=\"http:\/\/nuevacordoba.net\/wp-content\/uploads\/2025\/01\/por-donde-anduvo-colapinto-antes-de-sumarse-a-alpine-3.jpg\"><span class=\"epigraphe\">Oliver Oakes, el jefe de equipo de Alpine. (Foto: X)<\/span><\/div>\n<div class=\"custom-text \" readability=\"40\">\n<p>Oli cuenta con una s\u00f3lida experiencia en el mundo del automovilismo como ex piloto junior de Red Bull, campe\u00f3n del mundo de karting en 2005 y fundador y director del equipo Hitech Grand Prix, que durante casi una d\u00e9cada estuvo a la vanguardia de la competici\u00f3n de monoplazas a nivel mundial y nacional, compitiendo y ganando en la F\u00f3rmula 2, la F\u00f3rmula 3, la GB3 y la F\u00f3rmula 4 europea.<\/p>\n<\/div>\n<div class=\"custom-text \" readability=\"36\">\n<p>En su primera vez como director de equipo, Oakes reporta directamente al CEO de Renault Group, Luca de Meo, y supervisa toda la operaci\u00f3n del equipo.<\/p>\n<\/div>\n<div class=\"custom-text \" readability=\"38\">\n<p>Ya que se lo nombr\u00f3, vamos con Di Meo, quien no tendr\u00e1 mucha relaci\u00f3n con Colapinto, salvo por cruzarlo en alguna carrera o en una presentaci\u00f3n. Este empresario italiano de 57 a\u00f1os es la voz del Groupe Renault en el equipo, o sea del consorcio que tiene la mayor parte accionaria de Alpine.<\/p>\n<\/div>\n<div class=\"custom-text \" readability=\"42\">\n<p><strong>Tambi\u00e9n en Enstone, como director t\u00e9cnico ejecutivo, est\u00e1 David S\u00e1nchez, otro franc\u00e9s, que lleg\u00f3 en el 2024 tras haber pasado apenas tres meses en McLaren<\/strong>. El ex Ferrari supervisa el departamento t\u00e9cnico y tiene la responsabilidad general de las \u00e1reas de rendimiento, ingenier\u00eda y aerodin\u00e1mica. S\u00e1nchez gestiona la estructura t\u00e9cnica de tres pilares, con Ciaron Pilbeam (director t\u00e9cnico de rendimiento), Joe Burnell (director t\u00e9cnico de ingenier\u00eda) y David Wheater (director t\u00e9cnico de aerodin\u00e1mica) todos bajo sus \u00f3rdenes y reportando directamente a Oakes.<\/p>\n<\/div>\n<div class=\"custom-text \" readability=\"40\">\n<p><strong>Luego figura Julian Rouse, director deportivo que reporta a Oakes, quien se uni\u00f3 al equipo durante la temporada 2022 cuando se convirti\u00f3 en director de la Academia Alpine<\/strong>, supervisando el programa de j\u00f3venes pilotos e identificando oportunidades para j\u00f3venes talentos dentro del \u00e1mbito m\u00e1s amplio del automovilismo de la escuder\u00eda. David reporta directamente al director del equipo, Oliver Oakes, y trabajar\u00e1 en estrecha colaboraci\u00f3n con \u00e9l para gestionar todo el equipo t\u00e9cnico.<\/p>\n<\/div>\n<div class=\"sc-e7b891c4-0 ifHnQL image-embed\"><img alt=\"Flavio Briatore, asesor de Alpine en la F\u00f3rmula 1. (@Alpine)\" loading=\"lazy\" width=\"720\" height=\"100\" decoding=\"async\" data-nimg=\"1\" src=\"http:\/\/nuevacordoba.net\/wp-content\/uploads\/2025\/01\/por-donde-anduvo-colapinto-antes-de-sumarse-a-alpine-4.jpg\"><span class=\"epigraphe\">Flavio Briatore, asesor de Alpine en la F\u00f3rmula 1. (@Alpine)<\/span><\/div>\n<div class=\"custom-text \" readability=\"37\">\n<p>Finalmente,<strong> aparece Robar Cereza, director del equipo de carreras desde agosto de 2023, quien reporta al director deportivo Julian Rouse. <\/strong>Este integrante es el m\u00e1ximo responsable de todas las operaciones en pista y trabaja en estrecha colaboraci\u00f3n con Rouse y el mec\u00e1nico jefe Jason Milligan.<\/p>\n<\/div>\n<div class=\"custom-text \" readability=\"41\">\n<p>Sobre ellos, pero con otras funciones, no tanto involucrados en la pista, <strong>est\u00e1n Philippe Krief, el director ejecutivo de Alpine, y el italiano Flavio Briatore, asesor ejecutivo de la marca, principal hacedor de la llegada de Colapinto al equipo.<\/strong><\/p>\n<\/div>\n<div class=\"sc-a7166897-0 eoLsBE\" readability=\"6.5\">\n<section readability=\"3\"><picture><img alt=\"La receta de Franco Colapinto para lograr el \u00e9xito: el testimonio de la persona que lo ayud\u00f3 desde su infancia\" loading=\"lazy\" width=\"290\" height=\"290\" decoding=\"async\" data-nimg=\"1\" src=\"http:\/\/nuevacordoba.net\/wp-content\/uploads\/2025\/01\/por-donde-anduvo-colapinto-antes-de-sumarse-a-alpine-5.jpg\"><\/picture>\n<p><span>Mir\u00e1 tambi\u00e9n<\/span><\/p>\n<hr>\n<h3>La receta de Franco Colapinto para lograr el \u00e9xito: el testimonio de la persona que lo ayud\u00f3 desde su infancia<\/h3>\n<\/p>\n<\/section>\n<\/div>\n<div class=\"sc-a7166897-0 eoLsBE\" readability=\"6.5\">\n<section readability=\"3\"><picture><img alt=\"Colapinto le pisa los talones a Doohan: otra figura de la F\u00f3rmula 1 cuestion\u00f3 al australiano\" loading=\"lazy\" width=\"290\" height=\"290\" decoding=\"async\" data-nimg=\"1\" src=\"http:\/\/nuevacordoba.net\/wp-content\/uploads\/2025\/01\/por-donde-anduvo-colapinto-antes-de-sumarse-a-alpine-6.jpg\"><\/picture>\n<p><span>Mir\u00e1 tambi\u00e9n<\/span><\/p>\n<hr>\n<h3>Colapinto le pisa los talones a Doohan: otra figura de la F\u00f3rmula 1 cuestion\u00f3 al australiano<\/h3>\n<\/p>\n<\/section>\n<\/div>\n<\/div>\n","protected":false},"excerpt":{"rendered":"<p>20\/01\/2025 11:02hs. Actualizado al 20\/01\/2025 11:03hs. Luego de pasar d\u00edas de vacaciones en Argentina con su familia, seres queridos y amigos, Franco Colapinto viaj\u00f3 a Europa para ponerse a las \u00f3rdenes de Alpine, su nuevo equipo. Deber\u00e1 ir al b\u00fanker del equipo franc\u00e9s en Inglaterra. Pero antes, para continuar distray\u00e9ndose, el pilarense hizo un stop [&hellip;]<\/p>\n","protected":false},"author":1,"featured_media":53033,"comment_status":"closed","ping_status":"closed","sticky":false,"template":"","format":"standard","meta":[],"categories":[10],"tags":[],"_links":{"self":[{"href":"http:\/\/nuevacordoba.net\/index.php\/wp-json\/wp\/v2\/posts\/53032"}],"collection":[{"href":"http:\/\/nuevacordoba.net\/index.php\/wp-json\/wp\/v2\/posts"}],"about":[{"href":"http:\/\/nuevacordoba.net\/index.php\/wp-json\/wp\/v2\/types\/post"}],"author":[{"embeddable":true,"href":"http:\/\/nuevacordoba.net\/index.php\/wp-json\/wp\/v2\/users\/1"}],"replies":[{"embeddable":true,"href":"http:\/\/nuevacordoba.net\/index.php\/wp-json\/wp\/v2\/comments?post=53032"}],"version-history":[{"count":0,"href":"http:\/\/nuevacordoba.net\/index.php\/wp-json\/wp\/v2\/posts\/53032\/revisions"}],"wp:featuredmedia":[{"embeddable":true,"href":"http:\/\/nuevacordoba.net\/index.php\/wp-json\/wp\/v2\/media\/53033"}],"wp:attachment":[{"href":"http:\/\/nuevacordoba.net\/index.php\/wp-json\/wp\/v2\/media?parent=53032"}],"wp:term":[{"taxonomy":"category","embeddable":true,"href":"http:\/\/nuevacordoba.net\/index.php\/wp-json\/wp\/v2\/categories?post=53032"},{"taxonomy":"post_tag","embeddable":true,"href":"http:\/\/nuevacordoba.net\/index.php\/wp-json\/wp\/v2\/tags?post=53032"}],"curies":[{"name":"wp","href":"https:\/\/api.w.org\/{rel}","templated":true}]}}