{"id":53041,"date":"2025-01-21T00:46:22","date_gmt":"2025-01-21T00:46:22","guid":{"rendered":"https:\/\/cordobaoutdoor.com.ar\/?p=2359"},"modified":"2025-01-21T00:46:22","modified_gmt":"2025-01-21T00:46:22","slug":"la-noche-mas-convocante-del-festival-de-jesus-maria-reunio-a-politicos-como-pretto-menem-y-bornoroni","status":"publish","type":"post","link":"http:\/\/nuevacordoba.net\/index.php\/2025\/01\/21\/la-noche-mas-convocante-del-festival-de-jesus-maria-reunio-a-politicos-como-pretto-menem-y-bornoroni\/","title":{"rendered":"La noche m\u00e1s convocante del Festival de Jes\u00fas Mar\u00eda reuni\u00f3 a pol\u00edticos como Pretto, Menem y Bornoroni"},"content":{"rendered":"<header class=\"news-headline\">\n<div class=\"news-headline__author-and-share-wrapper d-flex\">\n<div class=\"news-headline__author-wrapper \">\n<div class=\"news-headline__author-wrapper names d-flex align-items-center\">\n<div class=\"news-headline__author-name\">\n<p><strong>El Festival Nacional de Doma y Folklore de Jes\u00fas Mar\u00eda<\/strong> se ha consolidado como un evento \u00fanico que sigue atrayendo a miles de personas de todos los rincones del pa\u00eds. Este festival no solo es una celebraci\u00f3n de nuestras tradiciones, sino tambi\u00e9n un espacio donde se encuentran la destreza ecuestre, la m\u00fasica folkl\u00f3rica y la calidez de nuestra gente. Durante estos d\u00edas, quienes asisten tienen la oportunidad de disfrutar de espect\u00e1culos en vivo, una variada propuesta gastron\u00f3mica y, por supuesto, la doma.<\/p>\n<p>Nada de esto ser\u00eda posible sin el trabajo comprometido de la comisi\u00f3n directiva, los colaboradores y el p\u00fablico, que hacen que esta 59 edici\u00f3n sea una aut\u00e9ntica fiesta para todos. Cada noche se vive con una energ\u00eda m\u00e1gica lo que convierte a este evento en una verdadera expresi\u00f3n de nuestra identidad cultural. Un festival que sigue latiendo con mucha fuerza.<\/p>\n<p><img loading=\"lazy\" decoding=\"async\" class=\"aligncenter size-full wp-image-2387\" src=\"http:\/\/nuevacordoba.net\/wp-content\/uploads\/2025\/01\/la-noche-mas-convocante-del-festival-de-jesus-maria-reunio-a-politicos-como-pretto-menem-y-bornoroni.jpg\" alt width=\"1024\" height=\"681\" srcset=\"http:\/\/nuevacordoba.net\/wp-content\/uploads\/2025\/01\/la-noche-mas-convocante-del-festival-de-jesus-maria-reunio-a-politicos-como-pretto-menem-y-bornoroni.jpg 1024w, http:\/\/nuevacordoba.net\/wp-content\/uploads\/2025\/01\/la-noche-mas-convocante-del-festival-de-jesus-maria-reunio-a-politicos-como-pretto-menem-y-bornoroni-2.jpg 300w, http:\/\/nuevacordoba.net\/wp-content\/uploads\/2025\/01\/la-noche-mas-convocante-del-festival-de-jesus-maria-reunio-a-politicos-como-pretto-menem-y-bornoroni-3.jpg 768w, http:\/\/nuevacordoba.net\/wp-content\/uploads\/2025\/01\/la-noche-mas-convocante-del-festival-de-jesus-maria-reunio-a-politicos-como-pretto-menem-y-bornoroni-4.jpg 421w, http:\/\/nuevacordoba.net\/wp-content\/uploads\/2025\/01\/la-noche-mas-convocante-del-festival-de-jesus-maria-reunio-a-politicos-como-pretto-menem-y-bornoroni-5.jpg 272w\" sizes=\"(max-width: 1024px) 100vw, 1024px\"><\/p>\n<p>Este a\u00f1o, las noches de color y coraje tuvieron como protagonistas a Mart\u00edn Menem, el asesor de Karina Milei, Lule Menem y el diputado nacional por LLA, Gabriel Bornoroni, quienes hicieron su aparici\u00f3n en Jes\u00fas Mar\u00eda solo siete d\u00edas despu\u00e9s de la visita de la vicepresidenta Victoria Villarroel.<\/p>\n<\/div>\n<\/div>\n<p>Tambi\u00e9n estuvieron el viceintendente de C\u00f3rdoba, Javier Pretto, adem\u00e1s de la compa\u00f1era de bloque de Bornoroni, Mar\u00eda Celeste Ponce, la aliada del PRO y bullrichista Laura Rodr\u00edguez Machado, los radicales \u201ccon peluca\u201d Luis Picat y Soledad Carrizo, y la referente del MID, Mar\u00eda Cecilia Ib\u00e1\u00f1ez.<\/p>\n<p>Mart\u00edn Menem fue recibido por el intendente de Jes\u00fas Mar\u00eda, Federico Z\u00e1rate. La comitiva estuvo encabezada por el presidente de la C\u00e1mara de Diputados y Karina Milei no particip\u00f3 de la visita. Cabe destacar que Menem y la hermana del presidente est\u00e1n a la cabeza del armado territorial de La Libertad Avanza (LLA) a nivel nacional.<\/p>\n<div class=\"flex-shrink-0 flex flex-col relative items-end\">\n<div class=\"pt-0\">\n<div class=\"gizmo-bot-avatar flex h-8 w-8 items-center justify-center overflow-hidden rounded-full\">\n<div class=\"relative p-1 rounded-sm flex items-center justify-center bg-token-main-surface-primary text-token-text-primary h-8 w-8\">Mientras a escala nacional se discute una posible alianza electoral entre LLA y el PRO, en C\u00f3rdoba se perfila un panorama diferente. Gran parte de los l\u00edderes del PRO local han decidido alinearse con el cordobesismo del gobernador Mart\u00edn Llaryora, como Javier Pretto, Dar\u00edo Capitani, Pedro Dellarossa y Gabriel Frizza.<\/div>\n<div><img loading=\"lazy\" decoding=\"async\" class=\"aligncenter size-full wp-image-2388\" src=\"http:\/\/nuevacordoba.net\/wp-content\/uploads\/2025\/01\/la-noche-mas-convocante-del-festival-de-jesus-maria-reunio-a-politicos-como-pretto-menem-y-bornoroni-1.jpg\" alt width=\"592\" height=\"395\" srcset=\"http:\/\/nuevacordoba.net\/wp-content\/uploads\/2025\/01\/la-noche-mas-convocante-del-festival-de-jesus-maria-reunio-a-politicos-como-pretto-menem-y-bornoroni-1.jpg 592w, http:\/\/nuevacordoba.net\/wp-content\/uploads\/2025\/01\/la-noche-mas-convocante-del-festival-de-jesus-maria-reunio-a-politicos-como-pretto-menem-y-bornoroni-6.jpg 300w, http:\/\/nuevacordoba.net\/wp-content\/uploads\/2025\/01\/la-noche-mas-convocante-del-festival-de-jesus-maria-reunio-a-politicos-como-pretto-menem-y-bornoroni-7.jpg 421w, http:\/\/nuevacordoba.net\/wp-content\/uploads\/2025\/01\/la-noche-mas-convocante-del-festival-de-jesus-maria-reunio-a-politicos-como-pretto-menem-y-bornoroni-8.jpg 272w\" sizes=\"auto, (max-width: 592px) 100vw, 592px\"><\/div>\n<div class=\"relative p-1 rounded-sm flex items-center justify-center bg-token-main-surface-primary text-token-text-primary h-8 w-8\">Fuera de este grupo, Soher El Sukaria y Laura Rodr\u00edguez Machado se mueven dentro de La Libertad Avanza (LLA), siendo Rodr\u00edguez Machado una de las figuras que busca renovar su banca nacional con el apoyo de Patricia Bullrich. Este panorama podr\u00eda configurar un escenario m\u00e1s simple para Javier Milei en C\u00f3rdoba.<\/div>\n<\/div>\n<\/div>\n<\/div>\n<\/div>\n<p>En C\u00f3rdoba, el verdadero juego de alianzas del mile\u00edsmo se est\u00e1 jugando fuera del PRO. La verdadera disputa se dar\u00e1 entre Luis Juez y Rodrigo De Loredo.<\/p>\n<div class=\"news-headline__author-wrapper \">\n<div class=\"news-headline__author-wrapper names d-flex align-items-center\">\n<div class=\"news-headline__author-name\">\n<div class=\"detail-gallery\">\n<div class=\"detail-gallery__slide-wrapper\">\n<div class=\"detail-gallery__caption \">\n<p>Juez no tiene inconvenientes en negociar personalmente su candidatura a gobernador de la provincia de C\u00f3rdoba, a cambio de apoyo presidencial en 2027.<\/p>\n<p><img loading=\"lazy\" decoding=\"async\" class=\"aligncenter size-full wp-image-2389\" src=\"http:\/\/nuevacordoba.net\/wp-content\/uploads\/2025\/01\/la-noche-mas-convocante-del-festival-de-jesus-maria-reunio-a-politicos-como-pretto-menem-y-bornoroni.webp\" alt width=\"790\" height=\"592\" srcset=\"http:\/\/nuevacordoba.net\/wp-content\/uploads\/2025\/01\/la-noche-mas-convocante-del-festival-de-jesus-maria-reunio-a-politicos-como-pretto-menem-y-bornoroni.webp 790w, http:\/\/nuevacordoba.net\/wp-content\/uploads\/2025\/01\/la-noche-mas-convocante-del-festival-de-jesus-maria-reunio-a-politicos-como-pretto-menem-y-bornoroni-1.webp 300w, http:\/\/nuevacordoba.net\/wp-content\/uploads\/2025\/01\/la-noche-mas-convocante-del-festival-de-jesus-maria-reunio-a-politicos-como-pretto-menem-y-bornoroni-2.webp 768w, http:\/\/nuevacordoba.net\/wp-content\/uploads\/2025\/01\/la-noche-mas-convocante-del-festival-de-jesus-maria-reunio-a-politicos-como-pretto-menem-y-bornoroni-3.webp 400w\" sizes=\"auto, (max-width: 790px) 100vw, 790px\"><\/p>\n<p>Por su parte, De Loredo deber\u00e1 librar una batalla interna dentro del radicalismo cordob\u00e9s si quiere llevar a todo el partido hacia el apoyo a Milei. Cuando se pregunt\u00f3 por la ausencia del diputado nacional, la respuesta fue que est\u00e1 de vacaciones.<\/p>\n<p>En su visita a Jes\u00fas Mar\u00eda, Menem no revel\u00f3 detalles sobre cu\u00e1l ser\u00e1 finalmente la estrategia presidencial para C\u00f3rdoba, mientras mostr\u00f3 a su c\u00edrculo cercano, antes de que comience la fase decisiva de las negociaciones.<\/p>\n<p>Fuentes: www.letrap.com.ar, Prensa del Festival de Doma y folckore<\/p>\n<\/div>\n<\/div>\n<\/div>\n<\/div>\n<\/div>\n<\/div>\n<\/div>\n<\/header>\n","protected":false},"excerpt":{"rendered":"<p>El Festival Nacional de Doma y Folklore de Jes\u00fas Mar\u00eda se ha consolidado como un evento \u00fanico que sigue atrayendo a miles de personas de todos los rincones del pa\u00eds. Este festival no solo es una celebraci\u00f3n de nuestras tradiciones, sino tambi\u00e9n un espacio donde se encuentran la destreza ecuestre, la m\u00fasica folkl\u00f3rica y la [&hellip;]<\/p>\n","protected":false},"author":1,"featured_media":53042,"comment_status":"closed","ping_status":"closed","sticky":false,"template":"","format":"standard","meta":[],"categories":[11],"tags":[],"_links":{"self":[{"href":"http:\/\/nuevacordoba.net\/index.php\/wp-json\/wp\/v2\/posts\/53041"}],"collection":[{"href":"http:\/\/nuevacordoba.net\/index.php\/wp-json\/wp\/v2\/posts"}],"about":[{"href":"http:\/\/nuevacordoba.net\/index.php\/wp-json\/wp\/v2\/types\/post"}],"author":[{"embeddable":true,"href":"http:\/\/nuevacordoba.net\/index.php\/wp-json\/wp\/v2\/users\/1"}],"replies":[{"embeddable":true,"href":"http:\/\/nuevacordoba.net\/index.php\/wp-json\/wp\/v2\/comments?post=53041"}],"version-history":[{"count":0,"href":"http:\/\/nuevacordoba.net\/index.php\/wp-json\/wp\/v2\/posts\/53041\/revisions"}],"wp:featuredmedia":[{"embeddable":true,"href":"http:\/\/nuevacordoba.net\/index.php\/wp-json\/wp\/v2\/media\/53042"}],"wp:attachment":[{"href":"http:\/\/nuevacordoba.net\/index.php\/wp-json\/wp\/v2\/media?parent=53041"}],"wp:term":[{"taxonomy":"category","embeddable":true,"href":"http:\/\/nuevacordoba.net\/index.php\/wp-json\/wp\/v2\/categories?post=53041"},{"taxonomy":"post_tag","embeddable":true,"href":"http:\/\/nuevacordoba.net\/index.php\/wp-json\/wp\/v2\/tags?post=53041"}],"curies":[{"name":"wp","href":"https:\/\/api.w.org\/{rel}","templated":true}]}}