{"id":53045,"date":"2025-01-21T11:56:43","date_gmt":"2025-01-21T11:56:43","guid":{"rendered":"http:\/\/estaciontrip.com.ar\/?p=9841"},"modified":"2025-01-21T11:56:43","modified_gmt":"2025-01-21T11:56:43","slug":"asi-sera-la-participacion-de-cordoba-en-la-feria-de-turismo-de-madrid","status":"publish","type":"post","link":"http:\/\/nuevacordoba.net\/index.php\/2025\/01\/21\/asi-sera-la-participacion-de-cordoba-en-la-feria-de-turismo-de-madrid\/","title":{"rendered":"As\u00ed ser\u00e1 la participaci\u00f3n de C\u00f3rdoba en la Feria de Turismo de Madrid"},"content":{"rendered":"<div><img src=\"http:\/\/nuevacordoba.net\/wp-content\/uploads\/2025\/01\/asi-sera-la-participacion-de-cordoba-en-la-feria-de-turismo-de-madrid.jpg\" class=\"ff-og-image-inserted\"><\/div>\n<p><em>La delegaci\u00f3n estar\u00e1 encabezada por el presidente de C\u00f3rdoba Turismo, Dar\u00edo Capitani.<\/em> <em>Como novedad, se presentar\u00e1&nbsp;<strong>OceanMan Argentina<\/strong>, el campeonato mundial de aguas abiertas que tendr\u00e1 lugar en la localidad de Embalse de Calamuchita.<\/em><\/p>\n<p>La provincia de C\u00f3rdoba estar\u00e1 presente en la 45\u00aa edici\u00f3n de FITUR de Madrid, la feria internacional de turismo m\u00e1s importantes del mundo, que se desarrollar\u00e1 del 22 al 26 de enero en la capital de Espa\u00f1a.<\/p>\n<p>En el predio de Ifema, Argentina contar\u00e1 con un stand propio en el que se destacar\u00e1n sus atractivos tur\u00edsticos y se buscar\u00e1n consolidar acuerdos estrat\u00e9gicos con actores clave del sector. En ese espacio, C\u00f3rdoba Turismo estar\u00e1 presente para promocionar los atractivos provinciales ante los visitantes a la feria y la prensa internacional, as\u00ed como mantener reuniones de negocios.<\/p>\n<p>Por C\u00f3rdoba, participar\u00e1 el presidente de la Agencia C\u00f3rdoba Turismo, Dar\u00edo Capitani, junto al director Diego Barberis, quienes impulsar\u00e1n la proyecci\u00f3n internacional de la provincia a trav\u00e9s de reuniones estrat\u00e9gicas y presentaciones destacadas.<\/p>\n<p>Entre los operadores tur\u00edsticos cordobeses que acompa\u00f1an la promoci\u00f3n de la provincia se encuentran Trip South Am\u00e9rica, Siga Turismo, Juan Toselli International Tours, Mediterr\u00e1nea Turismo y SETIL. Su participaci\u00f3n refuerza el compromiso del sector privado en posicionar a C\u00f3rdoba como un destino atractivo en el mercado global, con una oferta de servicios y productos de alta calidad.<\/p>\n<p>A su vez, la delegaci\u00f3n argentina estar\u00e1 liderada por el secretario de Turismo, Deportes y Ambiente, Daniel Scioli, acompa\u00f1ado por representantes de doce provincias, seis c\u00e1maras del sector tur\u00edstico y cincuenta y siete empresas nacionales. <\/p>\n<p>Durante la feria, C\u00f3rdoba destacar\u00e1 sus principales propuestas tur\u00edsticas, como el turismo m\u00e9dico, de salud y bienestar; deportes extremos y golf; ecoturismo y turismo rural; los Caminos del Vino y del Olivo; rutas esc\u00e9nicas y el patrimonio jesu\u00edtico. Adem\u00e1s, se pondr\u00e1 en valor el Camino de Brochero y su relevancia cultural e hist\u00f3rica, as\u00ed como los festivales y el turismo MICE, que consolidan a la provincia como un destino integral y diverso.<\/p>\n<p>La agenda de reuniones incluir\u00e1 encuentros con empresas y actores destacados, como Civitatis, Destino Argentina, Air Europa, Latin Tours SL y El Corte Ingl\u00e9s, adem\u00e1s de la participaci\u00f3n en la presentaci\u00f3n de las Rutas de Sudam\u00e9rica y el Legado Jesuita organizada por FEDESUD. Estas actividades buscan fortalecer la conectividad a\u00e9rea, promover productos tur\u00edsticos espec\u00edficos y generar nuevas alianzas estrat\u00e9gicas para ampliar el alcance internacional de C\u00f3rdoba.<\/p>\n<p>Como novedad, en esta edici\u00f3n se presentar\u00e1&nbsp;<strong>OceanMan Argentina<\/strong>, el campeonato mundial de aguas abiertas que tendr\u00e1 lugar en la localidad de Embalse de Calamuchita, reconocida como la Capital de los Deportes N\u00e1uticos de C\u00f3rdoba. Este evento internacional se desarrollar\u00e1 en el imponente lago del valle azul de los grandes lagos, rodeado de paisajes espectaculares, bosques y monta\u00f1as.<\/p>\n<p>FITUR 2025 reunir\u00e1 a representantes de 145 pa\u00edses, cerca de 10 mil empresas y m\u00e1s de 150 mil profesionales del sector, consolid\u00e1ndose como un espacio clave para la promoci\u00f3n tur\u00edstica global.<\/p>\n","protected":false},"excerpt":{"rendered":"<p>La delegaci\u00f3n estar\u00e1 encabezada por el presidente de C\u00f3rdoba Turismo, Dar\u00edo Capitani. Como novedad, se presentar\u00e1&nbsp;OceanMan Argentina, el campeonato mundial de aguas abiertas que tendr\u00e1 lugar en la localidad de Embalse de Calamuchita. La provincia de C\u00f3rdoba estar\u00e1 presente en la 45\u00aa edici\u00f3n de FITUR de Madrid, la feria internacional de turismo m\u00e1s importantes del [&hellip;]<\/p>\n","protected":false},"author":1,"featured_media":53046,"comment_status":"closed","ping_status":"closed","sticky":false,"template":"","format":"standard","meta":[],"categories":[11],"tags":[],"_links":{"self":[{"href":"http:\/\/nuevacordoba.net\/index.php\/wp-json\/wp\/v2\/posts\/53045"}],"collection":[{"href":"http:\/\/nuevacordoba.net\/index.php\/wp-json\/wp\/v2\/posts"}],"about":[{"href":"http:\/\/nuevacordoba.net\/index.php\/wp-json\/wp\/v2\/types\/post"}],"author":[{"embeddable":true,"href":"http:\/\/nuevacordoba.net\/index.php\/wp-json\/wp\/v2\/users\/1"}],"replies":[{"embeddable":true,"href":"http:\/\/nuevacordoba.net\/index.php\/wp-json\/wp\/v2\/comments?post=53045"}],"version-history":[{"count":0,"href":"http:\/\/nuevacordoba.net\/index.php\/wp-json\/wp\/v2\/posts\/53045\/revisions"}],"wp:featuredmedia":[{"embeddable":true,"href":"http:\/\/nuevacordoba.net\/index.php\/wp-json\/wp\/v2\/media\/53046"}],"wp:attachment":[{"href":"http:\/\/nuevacordoba.net\/index.php\/wp-json\/wp\/v2\/media?parent=53045"}],"wp:term":[{"taxonomy":"category","embeddable":true,"href":"http:\/\/nuevacordoba.net\/index.php\/wp-json\/wp\/v2\/categories?post=53045"},{"taxonomy":"post_tag","embeddable":true,"href":"http:\/\/nuevacordoba.net\/index.php\/wp-json\/wp\/v2\/tags?post=53045"}],"curies":[{"name":"wp","href":"https:\/\/api.w.org\/{rel}","templated":true}]}}