{"id":53063,"date":"2025-01-21T12:48:18","date_gmt":"2025-01-21T12:48:18","guid":{"rendered":"https:\/\/www.bbc.com\/mundo\/articles\/cj91evvx21vo#1"},"modified":"2025-01-21T12:48:18","modified_gmt":"2025-01-21T12:48:18","slug":"el-papa-francisco-disuelve-el-sodalicio-la-organizacion-religiosa-peruana-acusada-de-decadas-de-abusos","status":"publish","type":"post","link":"http:\/\/nuevacordoba.net\/index.php\/2025\/01\/21\/el-papa-francisco-disuelve-el-sodalicio-la-organizacion-religiosa-peruana-acusada-de-decadas-de-abusos\/","title":{"rendered":"El papa Francisco disuelve el Sodalicio, la organizaci\u00f3n religiosa peruana acusada de d\u00e9cadas de abusos"},"content":{"rendered":"<figure class=\"bbc-1qn0xuy\" readability=\"1.5\">\n<div class=\"bbc-j1srjl\" readability=\"8\"><img loading=\"lazy\" src=\"http:\/\/nuevacordoba.net\/wp-content\/uploads\/2025\/01\/el-papa-francisco-disuelve-el-sodalicio-la-organizacion-religiosa-peruana-acusada-de-decadas-de-abusos.webp\" srcset=\"http:\/\/nuevacordoba.net\/wp-content\/uploads\/2025\/01\/el-papa-francisco-disuelve-el-sodalicio-la-organizacion-religiosa-peruana-acusada-de-decadas-de-abusos-3.webp 240w, http:\/\/nuevacordoba.net\/wp-content\/uploads\/2025\/01\/el-papa-francisco-disuelve-el-sodalicio-la-organizacion-religiosa-peruana-acusada-de-decadas-de-abusos-4.webp 320w, http:\/\/nuevacordoba.net\/wp-content\/uploads\/2025\/01\/el-papa-francisco-disuelve-el-sodalicio-la-organizacion-religiosa-peruana-acusada-de-decadas-de-abusos-5.webp 480w, http:\/\/nuevacordoba.net\/wp-content\/uploads\/2025\/01\/el-papa-francisco-disuelve-el-sodalicio-la-organizacion-religiosa-peruana-acusada-de-decadas-de-abusos-6.webp 624w, http:\/\/nuevacordoba.net\/wp-content\/uploads\/2025\/01\/el-papa-francisco-disuelve-el-sodalicio-la-organizacion-religiosa-peruana-acusada-de-decadas-de-abusos-7.webp 800w\" sizes=\"(min-width: 1008px) 760px, 100vw\" alt=\"El papa Francisco. \" width=\"1024\" height=\"783\" class=\"bbc-139onq\"><\/p>\n<p class=\"bbc-by8ykd\" role=\"text\"><span class=\"bbc-m04vo2\">Fuente de la imagen, <\/span><span lang=\"en-GB\">Getty Images<\/span><\/p>\n<\/div><figcaption class=\"bbc-15f1ujd\" dir=\"ltr\"><span role=\"text\"><span class=\"bbc-m04vo2\">Pie de foto, <\/span><span data-testid=\"caption-paragraph\">El papa Francisco confirm\u00f3 su decisi\u00f3n de disolver el Sodalicio.<\/span><\/span><\/figcaption><\/figure>\n<section role=\"region\" aria-labelledby=\"article-byline\" class=\"bbc-1vjaf6b\"><strong id=\"article-byline\" aria-hidden=\"true\" class=\"bbc-m04vo2\">Informaci\u00f3n del art\u00edculo<\/strong><\/p>\n<ul role=\"list\" class=\"bbc-1rvtlej\">\n<li><span role=\"text\"><span class=\"bbc-m04vo2\">Autor, <\/span><span class=\"bbc-1ypcc2\">Redacci\u00f3n <\/span><\/span><\/li>\n<li><span role=\"text\"><span class=\"bbc-m04vo2\">T\u00edtulo del autor, <!-- --> <\/span><span class=\"bbc-1y5sx98\">BBC News Mundo<\/span><\/span><\/li>\n<li class=\"bbc-v8pmqw\">\n<p><time datetime=\"2025-01-20\" class=\"bbc-1dafq0j e1mklfmt0\">20 enero 2025<\/time><\/p>\n<\/li>\n<\/ul>\n<\/section>\n<div dir=\"ltr\" class=\"bbc-19j92fr ebmt73l0\" readability=\"10\">\n<p dir=\"ltr\" class=\"bbc-hhl7in e17g058b0\"><b>El papa Francisco disolvi\u00f3 el Sodalicio de Vida Cristiana, la comunidad religiosa cat\u00f3lica con sede en Per\u00fa investigada durante a\u00f1os por denuncias de presuntos abusos sexuales y psicol\u00f3gicos por parte de su fundador y otros responsables.<\/b><\/p>\n<\/div>\n<div dir=\"ltr\" class=\"bbc-19j92fr ebmt73l0\" readability=\"8\">\n<p dir=\"ltr\" class=\"bbc-hhl7in e17g058b0\">Un comunicado de la Asamblea del Sodalicio confirm\u00f3 una noticia que se hab\u00eda filtrado d\u00edas antes en el portal especializado en informaci\u00f3n eclesi\u00e1stica Infovaticana.<\/p>\n<\/div>\n<div dir=\"ltr\" class=\"bbc-19j92fr ebmt73l0\" readability=\"8\">\n<p dir=\"ltr\" class=\"bbc-hhl7in e17g058b0\">El comunicado del Sodalicio no da detalles de una decisi\u00f3n sobre la que el Vaticano no ha hecho a\u00fan ning\u00fan anuncio oficial.<\/p>\n<\/div>\n<div dir=\"ltr\" class=\"bbc-19j92fr ebmt73l0\" readability=\"8\">\n<p dir=\"ltr\" class=\"bbc-hhl7in e17g058b0\">No es habitual que el Papa disuelva una comunidad religiosa cat\u00f3lica aunque est\u00e9 envuelta en un esc\u00e1ndalo.<\/p>\n<\/div>\n<div dir=\"ltr\" class=\"bbc-19j92fr ebmt73l0\" readability=\"13\">\n<p dir=\"ltr\" class=\"bbc-hhl7in e17g058b0\">Seg\u00fan muchos de los que pasaron por la organizaci\u00f3n, Figari y otros responsables del Sodalicio implantaron un sistema de fidelidad basado en la violencia, las agresiones, las vejaciones y los abusos sexuales que sufrieron decenas de j\u00f3venes que todav\u00eda hoy arrastran secuelas y nunca han encontrado justicia.<\/p>\n<\/div>\n<p><h2 id=\"Qu\u00e9-es-el-Sodalicio\" tabindex=\"-1\" class=\"bbc-1lgzob2 eglt09e0\">Qu\u00e9 es el Sodalicio<\/h2>\n<\/p>\n<div dir=\"ltr\" class=\"bbc-19j92fr ebmt73l0\" readability=\"8.9528795811518\">\n<p dir=\"ltr\" class=\"bbc-hhl7in e17g058b0\">El Sodalicio, formado por laicos y sacerdotes cat\u00f3licos, fue fundado en Per\u00fa por <a href=\"https:\/\/www.bbc.com\/mundo\/articles\/cy9ex83y37vo\" class=\"focusIndicatorReducedWidth bbc-n8oauk e1p3sufg0\">Luis Fernando Figari<\/a> en 1971 y lleg\u00f3 a contar con unos 20.000 miembros en Am\u00e9rica Latina y Estados Unidos.<\/p>\n<\/div>\n<div dir=\"ltr\" class=\"bbc-19j92fr ebmt73l0\" readability=\"9\">\n<p dir=\"ltr\" class=\"bbc-hhl7in e17g058b0\">Figari fund\u00f3 junto a Germ\u00e1n Doig y otros una comunidad en la que laicos consagrados y sacerdotes viven en com\u00fan bajo los compromisos declarados de celibato y obediencia. Sus integrantes reciben el nombre de sod\u00e1lites.<\/p>\n<\/div>\n<div dir=\"ltr\" class=\"bbc-19j92fr ebmt73l0\" readability=\"8\">\n<p dir=\"ltr\" class=\"bbc-hhl7in e17g058b0\">A la organizaci\u00f3n se le ha atribuido una ideolog\u00eda muy conservadora y v\u00ednculos con grupos de derecha cat\u00f3licos de Per\u00fa.<\/p>\n<\/div>\n<div dir=\"ltr\" class=\"bbc-19j92fr ebmt73l0\" readability=\"12\">\n<p dir=\"ltr\" class=\"bbc-hhl7in e17g058b0\">\u00abLos sod\u00e1lites se ven a s\u00ed mismos como los grandes soldados contra la izquierda\u00bb, le dijo a BBC Mundo Pao Ugaz, periodista coautora del libro \u00abMitad monjes, mitad soldados\u00bb sobre los esc\u00e1ndalos de la sociedad.<\/p>\n<\/div>\n<div dir=\"ltr\" class=\"bbc-19j92fr ebmt73l0\" readability=\"11\">\n<p dir=\"ltr\" class=\"bbc-hhl7in e17g058b0\">Reconocido oficialmente como comunidad religiosa por el papa Juan Pablo II en 1997, se convirti\u00f3 con el tiempo en una de las entidades religiosas m\u00e1s poderosas e influyentes de Per\u00fa, donde estableci\u00f3 conexiones con el poder pol\u00edtico y financiero. <\/p>\n<\/div>\n<div dir=\"ltr\" class=\"bbc-19j92fr ebmt73l0\" readability=\"7\">\n<p dir=\"ltr\" class=\"bbc-hhl7in e17g058b0\">El Sodalicio se expandi\u00f3 por 25 pa\u00edses.<\/p>\n<\/div>\n<div dir=\"ltr\" class=\"bbc-19j92fr ebmt73l0\" readability=\"8\">\n<p dir=\"ltr\" class=\"bbc-hhl7in e17g058b0\">Pero las denuncias llevaron a que el grupo haya sido objeto de varias investigaciones por parte de la fiscal\u00eda peruana y el Vaticano en la \u00faltima d\u00e9cada. <\/p>\n<\/div>\n<div dir=\"ltr\" class=\"bbc-19j92fr ebmt73l0\" readability=\"9\">\n<p dir=\"ltr\" class=\"bbc-hhl7in e17g058b0\">Seg\u00fan sus v\u00edctimas y sus detractores, son sus relaciones con el poder en Per\u00fa lo que explica que sus denuncias hayan sido sistem\u00e1ticamente ignoradas o silenciadas en su pa\u00eds.<\/p>\n<\/div>\n<p><h2 id=\"De-qu\u00e9-se-acusa-al-Sodalicio\" tabindex=\"-1\" class=\"bbc-1lgzob2 eglt09e0\">De qu\u00e9 se acusa al Sodalicio<\/h2>\n<\/p>\n<div dir=\"ltr\" class=\"bbc-19j92fr ebmt73l0\" readability=\"14\">\n<p dir=\"ltr\" class=\"bbc-hhl7in e17g058b0\">Las presuntas v\u00edctimas aseguraron que Figari instaur\u00f3 un sistema de sumisi\u00f3n total a su poder en el Sodalicio que, bajo el lema \u00abel que obedece nunca se equivoca\u00bb, llev\u00f3 a los j\u00f3venes a su cargo someterse a diversas pr\u00e1cticas degradantes, agresiones f\u00edsicas y psicol\u00f3gicas, y abusos sexuales.<\/p>\n<\/div>\n<div dir=\"ltr\" class=\"bbc-19j92fr ebmt73l0\" readability=\"7\">\n<p dir=\"ltr\" class=\"bbc-hhl7in e17g058b0\">Figari siempre ha negado las acusaciones en su contra.<\/p>\n<\/div>\n<div dir=\"ltr\" class=\"bbc-19j92fr ebmt73l0\" readability=\"12\">\n<p dir=\"ltr\" class=\"bbc-hhl7in e17g058b0\">Jos\u00e9 Enrique Escard\u00f3 Steck, quien denunci\u00f3 haber sido v\u00edctima de abusos por parte de Figari, Doig y otros responsables del Sodalicio, le cont\u00f3 a BBC Mundo que sus superiores lo obligaron a dormir un mes en una escalera y llegaron a amedrantarlo con una cuchilla en el cuello.<\/p>\n<\/div>\n<div dir=\"ltr\" class=\"bbc-19j92fr ebmt73l0\" readability=\"9\">\n<p dir=\"ltr\" class=\"bbc-hhl7in e17g058b0\">Tambi\u00e9n dijo que a veces \u00e9l y sus compa\u00f1eros eran obligados a golpear y recibir golpes de otros, en lo que describi\u00f3 como \u00abun sistema de <i class=\"bbc-h1y5j7 eih42320\">bullying<\/i> organizado\u00bb.<\/p>\n<\/div>\n<div dir=\"ltr\" class=\"bbc-19j92fr ebmt73l0\" readability=\"8\">\n<p dir=\"ltr\" class=\"bbc-hhl7in e17g058b0\">Otro denunciante dijo que Figari le mostr\u00f3 revistas pornogr\u00e1ficas y le pidi\u00f3 que se sentara sobre un palo.<\/p>\n<\/div>\n<div dir=\"ltr\" class=\"bbc-19j92fr ebmt73l0\" readability=\"8\">\n<p dir=\"ltr\" class=\"bbc-hhl7in e17g058b0\">En 2007 la polic\u00eda peruana detuvo al sod\u00e1lite Daniel Murgu\u00eda Ward en una habitaci\u00f3n de un hostal de un centro de Lima con un ni\u00f1o de 11 a\u00f1os al que se dispon\u00eda a fotografiar desnudo.<\/p>\n<\/div>\n<div dir=\"ltr\" class=\"bbc-19j92fr ebmt73l0\" readability=\"8\">\n<p dir=\"ltr\" class=\"bbc-hhl7in e17g058b0\">El Sodalicio anunci\u00f3 dos d\u00edas despu\u00e9s la expulsi\u00f3n de Murgu\u00eda y dijo en un comunicado que la situaci\u00f3n \u00absoprendi\u00f3 y golpe\u00f3 dolorosamente a toda nuestra comunidad\u00bb.<\/p>\n<\/div>\n<div dir=\"ltr\" class=\"bbc-19j92fr ebmt73l0\" readability=\"7\">\n<p dir=\"ltr\" class=\"bbc-hhl7in e17g058b0\">Murgu\u00eda fue puesto en libertad tres a\u00f1os despu\u00e9s por una decisi\u00f3n de la Corte Suprema de Per\u00fa.<\/p>\n<\/div>\n<figure class=\"bbc-1qn0xuy\" readability=\"1.5\">\n<div class=\"bbc-j1srjl\" readability=\"8\"><img src=\"http:\/\/nuevacordoba.net\/wp-content\/uploads\/2025\/01\/el-papa-francisco-disuelve-el-sodalicio-la-organizacion-religiosa-peruana-acusada-de-decadas-de-abusos-1.webp\" srcset=\"http:\/\/nuevacordoba.net\/wp-content\/uploads\/2025\/01\/el-papa-francisco-disuelve-el-sodalicio-la-organizacion-religiosa-peruana-acusada-de-decadas-de-abusos-8.webp 240w, http:\/\/nuevacordoba.net\/wp-content\/uploads\/2025\/01\/el-papa-francisco-disuelve-el-sodalicio-la-organizacion-religiosa-peruana-acusada-de-decadas-de-abusos-9.webp 320w, http:\/\/nuevacordoba.net\/wp-content\/uploads\/2025\/01\/el-papa-francisco-disuelve-el-sodalicio-la-organizacion-religiosa-peruana-acusada-de-decadas-de-abusos-10.webp 480w, http:\/\/nuevacordoba.net\/wp-content\/uploads\/2025\/01\/el-papa-francisco-disuelve-el-sodalicio-la-organizacion-religiosa-peruana-acusada-de-decadas-de-abusos-11.webp 624w, http:\/\/nuevacordoba.net\/wp-content\/uploads\/2025\/01\/el-papa-francisco-disuelve-el-sodalicio-la-organizacion-religiosa-peruana-acusada-de-decadas-de-abusos-12.webp 800w\" sizes=\"(min-width: 1008px) 760px, 100vw\" alt=\"El arzobispo de Malta, Charles Scicluna, (i) y al sacerdote espa\u00f1ol Jordi Bertomeu, los encargados de la investigaci\u00f3n ordenada por el papa. \" loading=\"lazy\" width=\"800\" height=\"533\" class=\"bbc-139onq\"><\/p>\n<p class=\"bbc-by8ykd\" role=\"text\"><span class=\"bbc-m04vo2\">Fuente de la imagen, <\/span><span lang=\"en-GB\">Getty Images<\/span><\/p>\n<\/div><figcaption class=\"bbc-15f1ujd\" dir=\"ltr\"><span role=\"text\"><span class=\"bbc-m04vo2\">Pie de foto, <\/span><span data-testid=\"caption-paragraph\">El Papa encarg\u00f3 al arzobispo de Malta, Charles Scicluna, (i) y al sacerdote espa\u00f1ol Jordi Bertomeu, investigar los abusos en el Sodalicio.<\/span><\/span><\/figcaption><\/figure>\n<p><h2 id=\"C\u00f3mo-se-ha-llegado-hasta-aqu\u00ed\" tabindex=\"-1\" class=\"bbc-1lgzob2 eglt09e0\">C\u00f3mo se ha llegado hasta aqu\u00ed<\/h2>\n<\/p>\n<div dir=\"ltr\" class=\"bbc-19j92fr ebmt73l0\" readability=\"9\">\n<p dir=\"ltr\" class=\"bbc-hhl7in e17g058b0\">Los esc\u00e1ndalos llevaron finalmente a la apertura de una investigaci\u00f3n de la Fiscal\u00eda sobre los presuntos delitos de Figari y en 2016 este prest\u00f3 declaraci\u00f3n ante una fiscal peruana en el consulado de su pa\u00eds en Roma.<\/p>\n<\/div>\n<div dir=\"ltr\" class=\"bbc-19j92fr ebmt73l0\" readability=\"10\">\n<p dir=\"ltr\" class=\"bbc-hhl7in e17g058b0\">A la salida, hizo sus \u00faltimos comentarios p\u00fablicos hasta la fecha. Se declar\u00f3 \u00abinocente, totalmente inocente\u00bb y dijo: \u00abA m\u00ed no me consta que haya v\u00edctimas\u00bb.<\/p>\n<\/div>\n<div dir=\"ltr\" class=\"bbc-19j92fr ebmt73l0\" readability=\"8\">\n<p dir=\"ltr\" class=\"bbc-hhl7in e17g058b0\">Un informe encargado por la sociedad publicado en 2017 concluy\u00f3 que Figari y otros exmiembros de alto rango hab\u00edan abusado de al menos 19 menores y 10 adultos.<\/p>\n<\/div>\n<div dir=\"ltr\" class=\"bbc-19j92fr ebmt73l0\" readability=\"14\">\n<p dir=\"ltr\" class=\"bbc-hhl7in e17g058b0\">En 2023, tras a\u00f1os de denuncias, el papa Francisco envi\u00f3 a Per\u00fa al arzobispo de Malta, Charles Scicluna, y al sacerdote espa\u00f1ol Jordi Bertomeu, con la misi\u00f3n de investigar los numerosos abusos presuntamente cometidos en el seno del Sodalicio.<\/p>\n<\/div>\n<div dir=\"ltr\" class=\"bbc-19j92fr ebmt73l0\" readability=\"9\">\n<p dir=\"ltr\" class=\"bbc-hhl7in e17g058b0\">En 2024, la Santa Sede expuls\u00f3 del grupo a Figari, que neg\u00f3 haber cometido delito alguno.<\/p>\n<\/div>\n<div dir=\"ltr\" class=\"bbc-19j92fr ebmt73l0\" readability=\"9\">\n<p dir=\"ltr\" class=\"bbc-hhl7in e17g058b0\">El Vaticano dijo que la decisi\u00f3n buscaba \u00abrestablecer la justicia da\u00f1ada\u00bb por el comportamiento durante \u00abmuchos a\u00f1os\u00bb de Figari y \u00abproteger en el futuro el bien individual de los fieles y de la Iglesia\u00bb.<\/p>\n<\/div>\n<div dir=\"ltr\" class=\"bbc-19j92fr ebmt73l0\" readability=\"9\">\n<p dir=\"ltr\" class=\"bbc-hhl7in e17g058b0\">Ugaz le dijo a BBC Mundo cuando se conoci\u00f3 la expulsi\u00f3n de Figari que se trataba de \u00abuna decisi\u00f3n valiente\u00bb que \u00abanuncia el principio del fin de una organizaci\u00f3n que hasta ahora hab\u00eda gozado de impunidad\u00bb.<\/p>\n<\/div>\n<div dir=\"ltr\" class=\"bbc-19j92fr ebmt73l0\" readability=\"8\">\n<p dir=\"ltr\" class=\"bbc-hhl7in e17g058b0\">La decisi\u00f3n final sobre una sociedad ampliamente percibida como ejemplo de abuso e impunidad era esperada desde hac\u00eda meses por sus cr\u00edticos.<\/p>\n<\/div>\n<figure class=\"bbc-1qn0xuy\">\n<div class=\"bbc-j1srjl\"><img src=\"http:\/\/nuevacordoba.net\/wp-content\/uploads\/2025\/01\/el-papa-francisco-disuelve-el-sodalicio-la-organizacion-religiosa-peruana-acusada-de-decadas-de-abusos-2.webp\" srcset=\"http:\/\/nuevacordoba.net\/wp-content\/uploads\/2025\/01\/el-papa-francisco-disuelve-el-sodalicio-la-organizacion-religiosa-peruana-acusada-de-decadas-de-abusos-13.webp 240w, http:\/\/nuevacordoba.net\/wp-content\/uploads\/2025\/01\/el-papa-francisco-disuelve-el-sodalicio-la-organizacion-religiosa-peruana-acusada-de-decadas-de-abusos-14.webp 320w, http:\/\/nuevacordoba.net\/wp-content\/uploads\/2025\/01\/el-papa-francisco-disuelve-el-sodalicio-la-organizacion-religiosa-peruana-acusada-de-decadas-de-abusos-15.webp 480w, http:\/\/nuevacordoba.net\/wp-content\/uploads\/2025\/01\/el-papa-francisco-disuelve-el-sodalicio-la-organizacion-religiosa-peruana-acusada-de-decadas-de-abusos-16.webp 624w, http:\/\/nuevacordoba.net\/wp-content\/uploads\/2025\/01\/el-papa-francisco-disuelve-el-sodalicio-la-organizacion-religiosa-peruana-acusada-de-decadas-de-abusos-17.webp 800w\" sizes=\"(min-width: 1008px) 760px, 100vw\" alt=\"L\u00ednea\" loading=\"lazy\" width=\"800\" height=\"100\" class=\"bbc-139onq\"><\/div>\n<\/figure>\n<div dir=\"ltr\" class=\"bbc-19j92fr ebmt73l0\" readability=\"5.9230769230769\">\n<p dir=\"ltr\" class=\"bbc-hhl7in e17g058b0\"><a href=\"https:\/\/www.bbc.com\/mundo\" class=\"focusIndicatorReducedWidth bbc-n8oauk e1p3sufg0\"><i class=\"bbc-h1y5j7 eih42320\">Haz clic<\/i><\/a><i class=\"bbc-h1y5j7 eih42320\"> para leer m\u00e1s historias de BBC News Mundo.<\/i><\/p>\n<\/div>\n<div dir=\"ltr\" class=\"bbc-19j92fr ebmt73l0\" readability=\"8\">\n<p dir=\"ltr\" class=\"bbc-hhl7in e17g058b0\"><i class=\"bbc-h1y5j7 eih42320\">Y recuerda que puedes recibir notificaciones en nuestra app. Descarga la \u00faltima versi\u00f3n y activarlas.<\/i><\/p>\n<\/div>\n","protected":false},"excerpt":{"rendered":"<p>Fuente de la imagen, Getty Images Pie de foto, El papa Francisco confirm\u00f3 su decisi\u00f3n de disolver el Sodalicio. Informaci\u00f3n del art\u00edculo Autor, Redacci\u00f3n T\u00edtulo del autor, BBC News Mundo 20 enero 2025 El papa Francisco disolvi\u00f3 el Sodalicio de Vida Cristiana, la comunidad religiosa cat\u00f3lica con sede en Per\u00fa investigada durante a\u00f1os por denuncias [&hellip;]<\/p>\n","protected":false},"author":1,"featured_media":0,"comment_status":"closed","ping_status":"closed","sticky":false,"template":"","format":"standard","meta":[],"categories":[13],"tags":[],"_links":{"self":[{"href":"http:\/\/nuevacordoba.net\/index.php\/wp-json\/wp\/v2\/posts\/53063"}],"collection":[{"href":"http:\/\/nuevacordoba.net\/index.php\/wp-json\/wp\/v2\/posts"}],"about":[{"href":"http:\/\/nuevacordoba.net\/index.php\/wp-json\/wp\/v2\/types\/post"}],"author":[{"embeddable":true,"href":"http:\/\/nuevacordoba.net\/index.php\/wp-json\/wp\/v2\/users\/1"}],"replies":[{"embeddable":true,"href":"http:\/\/nuevacordoba.net\/index.php\/wp-json\/wp\/v2\/comments?post=53063"}],"version-history":[{"count":0,"href":"http:\/\/nuevacordoba.net\/index.php\/wp-json\/wp\/v2\/posts\/53063\/revisions"}],"wp:attachment":[{"href":"http:\/\/nuevacordoba.net\/index.php\/wp-json\/wp\/v2\/media?parent=53063"}],"wp:term":[{"taxonomy":"category","embeddable":true,"href":"http:\/\/nuevacordoba.net\/index.php\/wp-json\/wp\/v2\/categories?post=53063"},{"taxonomy":"post_tag","embeddable":true,"href":"http:\/\/nuevacordoba.net\/index.php\/wp-json\/wp\/v2\/tags?post=53063"}],"curies":[{"name":"wp","href":"https:\/\/api.w.org\/{rel}","templated":true}]}}