{"id":53064,"date":"2025-01-21T03:04:11","date_gmt":"2025-01-21T03:04:11","guid":{"rendered":"https:\/\/puntoapunto.com.ar\/?p=369322"},"modified":"2025-01-21T03:04:11","modified_gmt":"2025-01-21T03:04:11","slug":"mano-a-mano-con-ivana-cavigliasso-la-cordobesa-que-lleva-el-mani-argentino-al-mundo","status":"publish","type":"post","link":"http:\/\/nuevacordoba.net\/index.php\/2025\/01\/21\/mano-a-mano-con-ivana-cavigliasso-la-cordobesa-que-lleva-el-mani-argentino-al-mundo\/","title":{"rendered":"Mano a mano con Ivana Cavigliasso, la cordobesa que lleva el man\u00ed argentino al mundo"},"content":{"rendered":"<p>&nbsp;<!-- \u00a1O bien no hay banners, estan desactivados o no estan programados para esta ubicaci\u00f3n! -->\n<\/p>\n<p>&nbsp;\n<\/p>\n<p>Desde General Cabrera, <strong>Prodeman<\/strong> se posiciona como uno de los<strong> referentes mundiales en la producci\u00f3n y comercializaci\u00f3n de man\u00ed.<\/strong> Con un equipo de m\u00e1s de <strong>650 colaboradores,<\/strong> la empresa liderada por <strong>Ivana Cavigliasso exporta el 90% de su producci\u00f3n a m\u00e1s de 40 pa\u00edses, entre ellos los Pa\u00edses Bajos, Reino Unido, Australia, Sud\u00e1frica y China.<\/strong>\n<\/p>\n<p>El man\u00ed cordob\u00e9s, considerado de los mejores del mundo, se ha convertido en un s\u00edmbolo de la provincia, al igual que el vino para Mendoza. \u201cEl man\u00ed argentino es elegido por su calidad, especialmente por la Comunidad Europea, que es la m\u00e1s exigente y eleva la vara para toda la industria\u201d, comenta Cavigliasso, destacando el desaf\u00edo constante de mantener est\u00e1ndares internacionales.\n<\/p>\n<p><strong>La apuesta por la industrializaci\u00f3n y el mercado interno<\/strong><!-- \u00a1O bien no hay banners, estan desactivados o no estan programados para esta ubicaci\u00f3n! -->\n<\/p>\n<p>Uno de los logros clave para el sector fue la eliminaci\u00f3n de las retenciones a los productos industrializados, lo que permiti\u00f3 fortalecer la inversi\u00f3n y la generaci\u00f3n de empleo. \u201cHoy migramos hacia productos elaborados. Aunque enfrentamos desaf\u00edos como la sequ\u00eda, la devaluaci\u00f3n y los cambios pol\u00edticos, seguimos trabajando para potenciar el sector\u201d, asegura la directora.<\/p>\n<p>En el mercado interno, <a href=\"https:\/\/puntoapunto.com.ar\/prodeman-nuevo-bayer-forwardfarming-de-argentina-para-impulsar-la-agricultura-regenerativa\/\">Prodeman<\/a> ha consolidado su marca <strong>Man\u00ed King<\/strong>, con productos que van desde man\u00ed confiter\u00eda hasta pastas y mantecas. \u201cLa pandemia modific\u00f3 h\u00e1bitos de consumo y descubrimos el potencial de la pasta de man\u00ed. Es un producto con alto valor nutricional que sigue sorprendiendo por su crecimiento\u201d, explica.\n<\/p>\n<p><img decoding=\"async\" class=\"aligncenter size-full wp-image-369325\" src=\"http:\/\/nuevacordoba.net\/wp-content\/uploads\/2025\/01\/mano-a-mano-con-ivana-cavigliasso-la-cordobesa-que-lleva-el-mani-argentino-al-mundo.jpg\" alt width=\"2048\" height=\"1152\" srcset=\"http:\/\/nuevacordoba.net\/wp-content\/uploads\/2025\/01\/mano-a-mano-con-ivana-cavigliasso-la-cordobesa-que-lleva-el-mani-argentino-al-mundo.jpg 2048w, http:\/\/nuevacordoba.net\/wp-content\/uploads\/2025\/01\/mano-a-mano-con-ivana-cavigliasso-la-cordobesa-que-lleva-el-mani-argentino-al-mundo-2.jpg 300w, http:\/\/nuevacordoba.net\/wp-content\/uploads\/2025\/01\/mano-a-mano-con-ivana-cavigliasso-la-cordobesa-que-lleva-el-mani-argentino-al-mundo-3.jpg 1024w, http:\/\/nuevacordoba.net\/wp-content\/uploads\/2025\/01\/mano-a-mano-con-ivana-cavigliasso-la-cordobesa-que-lleva-el-mani-argentino-al-mundo-4.jpg 768w, http:\/\/nuevacordoba.net\/wp-content\/uploads\/2025\/01\/mano-a-mano-con-ivana-cavigliasso-la-cordobesa-que-lleva-el-mani-argentino-al-mundo-5.jpg 1536w, http:\/\/nuevacordoba.net\/wp-content\/uploads\/2025\/01\/mano-a-mano-con-ivana-cavigliasso-la-cordobesa-que-lleva-el-mani-argentino-al-mundo-6.jpg 750w, http:\/\/nuevacordoba.net\/wp-content\/uploads\/2025\/01\/mano-a-mano-con-ivana-cavigliasso-la-cordobesa-que-lleva-el-mani-argentino-al-mundo-7.jpg 1140w\" sizes=\"(max-width: 2048px) 100vw, 2048px\" loading=\"lazy\">\n<\/p>\n<p><strong>Nuevos mercados y oportunidades<\/strong>\n<\/p>\n<p>Cavigliasso tambi\u00e9n resalta la importancia de expandir la presencia en mercados internacionales. \u201cLa Comunidad Europea siempre es clave, pero tambi\u00e9n queremos desarrollar Indonesia y profundizar en China, que, aunque es productor, necesita importar calidad superior para Europa. El sabor del man\u00ed argentino, dado por nuestra ubicaci\u00f3n geogr\u00e1fica, nos hace \u00fanicos\u201d.\n<\/p>\n<p><strong>-\u00bfC\u00f3mo est\u00e1n viendo el nuevo ciclo pol\u00edtico?<\/strong>\n<\/p>\n<p>-Creo que el objetivo principal del gobierno es lo econ\u00f3mico y luego avanzar en otras cosas. Yo valoro, al menos, que no pongan palos en la rueda, antes fue muy duro. Por momentos parec\u00eda que buscan cansarte. Ahora estamos m\u00e1s tranquilos, hay algo m\u00e1s de apoyo, hay un enfoque hacia el exterior, un acompa\u00f1amiento para buscar nuevos mercados. Es interesante porque se est\u00e1 volviendo a hablar de la necesidad de un acuerdo Mercosur con la Uni\u00f3n Europea. Argentina puede ofrecer muchos productos y de calidad. Y en C\u00f3rdoba hay que destacar y reconocer que siempre hubo un muy buen trabajo entre lo p\u00fablico y lo privado y, por ejemplo, el tema retenciones siempre est\u00e1 en la agenda del gobierno.\n<\/p>\n<p><strong>-Desarrollaron una marca fuerte con Man\u00ed King, y en los \u00faltimos a\u00f1os hicieron un viraje fuerte hacia el mercado dom\u00e9stico, \u00bfc\u00f3mo viene eso?<\/strong>\n<\/p>\n<p>-S\u00ed, porque consideramos que en Argentina se puede desarrollar mucho el mercado. El man\u00ed es un producto con un buen valor nutricional. En la pandemia hubo muchos cambios en la forma de comer. Creo que hay que ense\u00f1arle a la gente c\u00f3mo comer el man\u00ed. Y resolvimos darle al mercado interno un producto de exportaci\u00f3n. Y generamos nuevos productos. El consumo de pasta de man\u00ed a nosotros nos est\u00e1 sorprendiendo. Desde hace 5 a\u00f1os atr\u00e1s, cuando empezamos con la pasta para el mercado fue una evoluci\u00f3n permanente. <strong>Todav\u00eda hay que levantar el perfil del sector. Mucha gente no sabe, por ejemplo, que en los M&amp;M el man\u00ed es cordob\u00e9s.<\/strong>\n<\/p>\n<p><img decoding=\"async\" class=\"aligncenter size-full wp-image-369323\" src=\"http:\/\/nuevacordoba.net\/wp-content\/uploads\/2025\/01\/mano-a-mano-con-ivana-cavigliasso-la-cordobesa-que-lleva-el-mani-argentino-al-mundo-1.jpg\" alt width=\"1575\" height=\"1047\" srcset=\"http:\/\/nuevacordoba.net\/wp-content\/uploads\/2025\/01\/mano-a-mano-con-ivana-cavigliasso-la-cordobesa-que-lleva-el-mani-argentino-al-mundo-1.jpg 1575w, http:\/\/nuevacordoba.net\/wp-content\/uploads\/2025\/01\/mano-a-mano-con-ivana-cavigliasso-la-cordobesa-que-lleva-el-mani-argentino-al-mundo-8.jpg 300w, http:\/\/nuevacordoba.net\/wp-content\/uploads\/2025\/01\/mano-a-mano-con-ivana-cavigliasso-la-cordobesa-que-lleva-el-mani-argentino-al-mundo-9.jpg 1024w, http:\/\/nuevacordoba.net\/wp-content\/uploads\/2025\/01\/mano-a-mano-con-ivana-cavigliasso-la-cordobesa-que-lleva-el-mani-argentino-al-mundo-10.jpg 768w, http:\/\/nuevacordoba.net\/wp-content\/uploads\/2025\/01\/mano-a-mano-con-ivana-cavigliasso-la-cordobesa-que-lleva-el-mani-argentino-al-mundo-11.jpg 1536w, http:\/\/nuevacordoba.net\/wp-content\/uploads\/2025\/01\/mano-a-mano-con-ivana-cavigliasso-la-cordobesa-que-lleva-el-mani-argentino-al-mundo-12.jpg 750w, http:\/\/nuevacordoba.net\/wp-content\/uploads\/2025\/01\/mano-a-mano-con-ivana-cavigliasso-la-cordobesa-que-lleva-el-mani-argentino-al-mundo-13.jpg 1140w\" sizes=\"(max-width: 1575px) 100vw, 1575px\" loading=\"lazy\">\n<\/p>\n<p><strong>-\u00bfQu\u00e9 mercados ofrecen oportunidades?<\/strong>\n<\/p>\n<p>-Toda la Comunidad Europea es interesante. Y despu\u00e9s, donde hay mucha gente es interesante estar. El mundo come. Indonesia es un mercado interesante y que queremos desarrollar. <strong>China es un gran productor y un gran consumidor porque la calidad que tienen no alcanza para Europa. Europa le compra a Argentina y a EEUU<\/strong>. El sabor que tiene el man\u00ed argentino, por la ubicaci\u00f3n geogr\u00e1fica que tiene, lo hace especial.\n<\/p>\n<p><strong>-\u00bfQu\u00e9 rumbo te gustar\u00eda darle a la empresa y al pa\u00eds para lo que viene?<\/strong>\n<\/p>\n<p>-En la empresa ya tenemos en marcha los planes de sostenibilidad y de sustentabilidad, est\u00e1 claro que no podemos seguir tratando al mundo de esta forma. Ya no es conveniencia, es convicci\u00f3n. Tambi\u00e9n estamos muy enfocados en el protocolo familiar y en las personas. No queremos vender s\u00f3lo granos. Estamos volviendo a eso,<br \/>a enfocarnos en las personas y en las habilidades blandas y en la educaci\u00f3n. Queremos que los pueblos vuelvan a ser atractivos para la gente. No podemos mirar s\u00f3lo de la puerta de la planta para adentro, hay que involucrarse en la comunidad.\n<\/p>\n<div class=\"g g-38\">\n<div class=\"g-dyn a-12 c-1\"><a class=\"gofollow\" data-track=\"MTIsMzgsMSw2MA==\" href=\"https:\/\/hospitalprivado.com.ar\/blog\/institucional\/somos-la-primera-institucion-del-interior-del-pais-en-acreditar-joint-commission-international.html\" target=\"_blank\" rel=\"noopener\"><img src=\"http:\/\/nuevacordoba.net\/wp-content\/uploads\/2025\/01\/mano-a-mano-con-ivana-cavigliasso-la-cordobesa-que-lleva-el-mani-argentino-al-mundo.gif\" loading=\"lazy\"><\/a><\/div>\n<\/div>\n","protected":false},"excerpt":{"rendered":"<p>&nbsp; &nbsp; Desde General Cabrera, Prodeman se posiciona como uno de los referentes mundiales en la producci\u00f3n y comercializaci\u00f3n de man\u00ed. Con un equipo de m\u00e1s de 650 colaboradores, la empresa liderada por Ivana Cavigliasso exporta el 90% de su producci\u00f3n a m\u00e1s de 40 pa\u00edses, entre ellos los Pa\u00edses Bajos, Reino Unido, Australia, Sud\u00e1frica [&hellip;]<\/p>\n","protected":false},"author":1,"featured_media":53065,"comment_status":"open","ping_status":"closed","sticky":false,"template":"","format":"standard","meta":[],"categories":[14],"tags":[],"_links":{"self":[{"href":"http:\/\/nuevacordoba.net\/index.php\/wp-json\/wp\/v2\/posts\/53064"}],"collection":[{"href":"http:\/\/nuevacordoba.net\/index.php\/wp-json\/wp\/v2\/posts"}],"about":[{"href":"http:\/\/nuevacordoba.net\/index.php\/wp-json\/wp\/v2\/types\/post"}],"author":[{"embeddable":true,"href":"http:\/\/nuevacordoba.net\/index.php\/wp-json\/wp\/v2\/users\/1"}],"replies":[{"embeddable":true,"href":"http:\/\/nuevacordoba.net\/index.php\/wp-json\/wp\/v2\/comments?post=53064"}],"version-history":[{"count":0,"href":"http:\/\/nuevacordoba.net\/index.php\/wp-json\/wp\/v2\/posts\/53064\/revisions"}],"wp:featuredmedia":[{"embeddable":true,"href":"http:\/\/nuevacordoba.net\/index.php\/wp-json\/wp\/v2\/media\/53065"}],"wp:attachment":[{"href":"http:\/\/nuevacordoba.net\/index.php\/wp-json\/wp\/v2\/media?parent=53064"}],"wp:term":[{"taxonomy":"category","embeddable":true,"href":"http:\/\/nuevacordoba.net\/index.php\/wp-json\/wp\/v2\/categories?post=53064"},{"taxonomy":"post_tag","embeddable":true,"href":"http:\/\/nuevacordoba.net\/index.php\/wp-json\/wp\/v2\/tags?post=53064"}],"curies":[{"name":"wp","href":"https:\/\/api.w.org\/{rel}","templated":true}]}}