{"id":53066,"date":"2025-01-21T14:10:36","date_gmt":"2025-01-21T14:10:36","guid":{"rendered":"http:\/\/cordobanewsnet.wordpress.com\/?p=12390"},"modified":"2025-01-21T14:10:36","modified_gmt":"2025-01-21T14:10:36","slug":"la-provincia-nego-la-privatizacion-de-epec-pero-el-sindicato-desconfia","status":"publish","type":"post","link":"http:\/\/nuevacordoba.net\/index.php\/2025\/01\/21\/la-provincia-nego-la-privatizacion-de-epec-pero-el-sindicato-desconfia\/","title":{"rendered":"La Provincia neg\u00f3 la privatizaci\u00f3n de Epec pero el sindicato desconf\u00eda"},"content":{"rendered":"<p><strong>La decisi\u00f3n del gobierno de C\u00f3rdoba de avanzar en un proceso de transformaci\u00f3n en la&nbsp;(Epec) provoc\u00f3 el primer cortocircuito pol\u00edtico del a\u00f1o con el Sindicato de Luz y Fuerza de C\u00f3rdoba.<\/strong>&nbsp;Ocurre que el gremio advirti\u00f3 que en realidad se tratar\u00eda de un<strong>&nbsp;intento por convertir a la firma en una sociedad an\u00f3nima<\/strong>. Y record\u00f3 que ello est\u00e1 amparado en el DNU 70\/2023 del presidente&nbsp;<strong>Javier Milei<\/strong>\u2013 que dispuso la emergencia econ\u00f3mica por dos a\u00f1os y habilita la venta de empresas p\u00fablicas- al cual adhiri\u00f3 la Provincia.<\/p>\n<p>En tal sentido, la secretaria de Prensa de Luz y Fuerza,&nbsp;<strong>Roxana Maldonado<\/strong>, expres\u00f3 que rechazan&nbsp;<strong>\u00abrotundamente la pretensi\u00f3n del gobierno provincial\u00bb. \u00abQue se convierta en una sociedad an\u00f3nima implica que pasa a manos de privados, cuyo principal objetivo es generar ganancias, no garantizar un servicio p\u00fablico a todos los cordobeses\u00bb<\/strong>, explic\u00f3.<\/p>\n<p>Adem\u00e1s, afirm\u00f3: \u00abRechazamos de forma categ\u00f3rica todo intento de privatizaci\u00f3n de la empresa p\u00fablica, estatal e integrada, no solo por nuestros derechos como trabajadores, sino por todos los cordobeses\u00bb. A continuaci\u00f3n, anticip\u00f3 que impulsan una reuni\u00f3n con el cuerpo de delegados para \u00abdefinir las acciones a seguir\u00bb.<\/p>\n<p>A su turno, el ministro de Comunicaciones provincial, Daniel Pastore, dijo que \u00abel gobierno provincial inici\u00f3, desde hace un tiempo, un proceso de adecuaci\u00f3n de los entes provinciales a la nueva normativa vigente, sancionada el a\u00f1o pasado en la Ley Bases. Hay una normativa que obliga a los estados a adecuar a sus entes a estas nuevas reglas. Estamos en ese proceso en este momento con todas las agencias, con Loter\u00eda de C\u00f3rdoba, con la Terminal de \u00d3mnibus, y se encuentra tambi\u00e9n en este proceso Epec\u201d.<\/p>\n<p>El funcionario tambi\u00e9n aclar\u00f3 que \u00abel Gobierno considera que Epec est\u00e1 funcionando bien. No hay inter\u00e9s en privatizar ni en incorporar capital privado\u00bb. Pastore detall\u00f3 que uno de los cambios que se est\u00e1n discutiendo est\u00e1 la \u201campliaci\u00f3n de funciones\u201d.<\/p>\n<p>Sobre el particular, precis\u00f3 que Caminos de las Sierras y Bancor son sociedades an\u00f3nimas y no est\u00e1n privatizados. Finalmente, Pastore insisti\u00f3 en que no hay un proyecto para que Epec pase a manos privadas. \u201cNo hay empresas interesadas porque no tenemos inter\u00e9s de privatizar Epec. Debemos adaptarnos a la legislaci\u00f3n vigente\u201d, sintetiz\u00f3.<\/p>\n<h2 class=\"wp-block-heading\"><strong>\u201cAdherir es una cosa, obligar es otra\u201d<\/strong><\/h2>\n<p>La decisi\u00f3n del gobierno de Mart\u00edn Llaryora gener\u00f3 un fuerte rechazo por parte de Luz y Fuerza, cuyo titular, Gabriel Molina, cuestion\u00f3 la medida. \u201cNos dijeron que es una decisi\u00f3n del Poder Ejecutivo de la Provincia. Nos extra\u00f1\u00f3 much\u00edsimo porque venimos trabajando en conjunto con ellos. La Epec est\u00e1 saneada, estamos muy bien, no entendemos por qu\u00e9 transformarla en sociedad an\u00f3nima\u201d, se quej\u00f3.<\/p>\n<p>Molina tambi\u00e9n advirti\u00f3 que esta determinaci\u00f3n no es obligatoria para las provincias, a pesar de la adhesi\u00f3n a la Ley Bases. \u201cAdherir es una cosa, obligar es otra\u201d, enfatiz\u00f3, agregando que no existe motivo para un cambio que, a su juicio, compromete el car\u00e1cter estatal de la empresa.<\/p>\n<figure class=\"wp-block-image size-large\"><img loading=\"lazy\" data-attachment-id=\"12391\" data-permalink=\"https:\/\/cordobanewsnet.wordpress.com\/2025\/01\/21\/la-provincia-nego-la-privatizacion-de-epec-pero-el-sindicato-desconfia\/image-607\/\" data-orig-file=\"http:\/\/nuevacordoba.net\/wp-content\/uploads\/2025\/01\/la-provincia-nego-la-privatizacion-de-epec-pero-el-sindicato-desconfia.png\" data-orig-size=\"800,502\" data-comments-opened=\"1\" data-image-meta=\"{&quot;aperture&quot;:&quot;0&quot;,&quot;credit&quot;:&quot;&quot;,&quot;camera&quot;:&quot;&quot;,&quot;caption&quot;:&quot;&quot;,&quot;created_timestamp&quot;:&quot;0&quot;,&quot;copyright&quot;:&quot;&quot;,&quot;focal_length&quot;:&quot;0&quot;,&quot;iso&quot;:&quot;0&quot;,&quot;shutter_speed&quot;:&quot;0&quot;,&quot;title&quot;:&quot;&quot;,&quot;orientation&quot;:&quot;0&quot;}\" data-image-title=\"image\" data-image-description data-image-caption data-medium-file=\"http:\/\/nuevacordoba.net\/wp-content\/uploads\/2025\/01\/la-provincia-nego-la-privatizacion-de-epec-pero-el-sindicato-desconfia.png?w=300\" data-large-file=\"http:\/\/nuevacordoba.net\/wp-content\/uploads\/2025\/01\/la-provincia-nego-la-privatizacion-de-epec-pero-el-sindicato-desconfia.png?w=736\" width=\"800\" height=\"502\" src=\"http:\/\/nuevacordoba.net\/wp-content\/uploads\/2025\/01\/la-provincia-nego-la-privatizacion-de-epec-pero-el-sindicato-desconfia.png\" alt class=\"wp-image-12391\" srcset=\"http:\/\/nuevacordoba.net\/wp-content\/uploads\/2025\/01\/la-provincia-nego-la-privatizacion-de-epec-pero-el-sindicato-desconfia.png 800w, http:\/\/nuevacordoba.net\/wp-content\/uploads\/2025\/01\/la-provincia-nego-la-privatizacion-de-epec-pero-el-sindicato-desconfia.png?w=150 150w, http:\/\/nuevacordoba.net\/wp-content\/uploads\/2025\/01\/la-provincia-nego-la-privatizacion-de-epec-pero-el-sindicato-desconfia.png?w=300 300w, http:\/\/nuevacordoba.net\/wp-content\/uploads\/2025\/01\/la-provincia-nego-la-privatizacion-de-epec-pero-el-sindicato-desconfia.png?w=768 768w\" sizes=\"(max-width: 800px) 100vw, 800px\"><\/figure>\n<p>Fuente : Hoy D\u00eda C\u00f3rdoba Argentina<\/p>\n<p><span id=\"wordads-inline-marker\"><\/span> <\/p>\n<div id=\"jp-post-flair\" class=\"sharedaddy sd-like-enabled sd-sharing-enabled\">\n<div class=\"sharedaddy sd-sharing-enabled\">\n<div class=\"robots-nocontent sd-block sd-social sd-social-icon-text sd-sharing\">\n<h3 class=\"sd-title\">Comparte esto:<\/h3>\n<\/div>\n<\/div>\n<div class=\"sharedaddy sd-block sd-like jetpack-likes-widget-wrapper jetpack-likes-widget-unloaded\" id=\"like-post-wrapper-143108178-12390-678fb5a134869\" data-src=\"\/\/widgets.wp.com\/likes\/index.html?ver=20250121#blog_id=143108178&amp;post_id=12390&amp;origin=cordobanewsnet.wordpress.com&amp;obj_id=143108178-12390-678fb5a134869\" data-name=\"like-post-frame-143108178-12390-678fb5a134869\" data-title=\"Me gusta o Compartir\">\n<p><span class=\"button\"><span>Me gusta<\/span><\/span> <span class=\"loading\">Cargando&#8230;<\/span><\/p>\n<p><span class=\"sd-text-color\"><\/span><\/div>\n<p><h3 class=\"jp-relatedposts-headline\"><em>Relacionado<\/em><\/h3>\n<\/p>\n<\/div>\n","protected":false},"excerpt":{"rendered":"<p>La decisi\u00f3n del gobierno de C\u00f3rdoba de avanzar en un proceso de transformaci\u00f3n en la&nbsp;(Epec) provoc\u00f3 el primer cortocircuito pol\u00edtico del a\u00f1o con el Sindicato de Luz y Fuerza de C\u00f3rdoba.&nbsp;Ocurre que el gremio advirti\u00f3 que en realidad se tratar\u00eda de un&nbsp;intento por convertir a la firma en una sociedad an\u00f3nima. Y record\u00f3 que ello [&hellip;]<\/p>\n","protected":false},"author":1,"featured_media":53067,"comment_status":"closed","ping_status":"closed","sticky":false,"template":"","format":"standard","meta":[],"categories":[14],"tags":[],"_links":{"self":[{"href":"http:\/\/nuevacordoba.net\/index.php\/wp-json\/wp\/v2\/posts\/53066"}],"collection":[{"href":"http:\/\/nuevacordoba.net\/index.php\/wp-json\/wp\/v2\/posts"}],"about":[{"href":"http:\/\/nuevacordoba.net\/index.php\/wp-json\/wp\/v2\/types\/post"}],"author":[{"embeddable":true,"href":"http:\/\/nuevacordoba.net\/index.php\/wp-json\/wp\/v2\/users\/1"}],"replies":[{"embeddable":true,"href":"http:\/\/nuevacordoba.net\/index.php\/wp-json\/wp\/v2\/comments?post=53066"}],"version-history":[{"count":0,"href":"http:\/\/nuevacordoba.net\/index.php\/wp-json\/wp\/v2\/posts\/53066\/revisions"}],"wp:featuredmedia":[{"embeddable":true,"href":"http:\/\/nuevacordoba.net\/index.php\/wp-json\/wp\/v2\/media\/53067"}],"wp:attachment":[{"href":"http:\/\/nuevacordoba.net\/index.php\/wp-json\/wp\/v2\/media?parent=53066"}],"wp:term":[{"taxonomy":"category","embeddable":true,"href":"http:\/\/nuevacordoba.net\/index.php\/wp-json\/wp\/v2\/categories?post=53066"},{"taxonomy":"post_tag","embeddable":true,"href":"http:\/\/nuevacordoba.net\/index.php\/wp-json\/wp\/v2\/tags?post=53066"}],"curies":[{"name":"wp","href":"https:\/\/api.w.org\/{rel}","templated":true}]}}