{"id":53072,"date":"2025-01-21T00:00:15","date_gmt":"2025-01-21T00:00:15","guid":{"rendered":"https:\/\/www.ole.com.ar\/futbol-ascenso\/ascenso-primera-nacional-deportivo-madryn-boca-pedro-velurtas_0_lnKNttqMz6.html"},"modified":"2025-01-21T00:00:15","modified_gmt":"2025-01-21T00:00:15","slug":"el-pibe-de-boca-que-fue-capitan-en-reserva-debuto-con-battaglia-y-jugara-el-nacional","status":"publish","type":"post","link":"http:\/\/nuevacordoba.net\/index.php\/2025\/01\/21\/el-pibe-de-boca-que-fue-capitan-en-reserva-debuto-con-battaglia-y-jugara-el-nacional\/","title":{"rendered":"El pibe de Boca que fue capit\u00e1n en Reserva, debut\u00f3 con Battaglia y jugar\u00e1 el Nacional"},"content":{"rendered":"<p><time class=\"createDate\" datetime=\"2025-01-20T21:00:15-03:00\">20\/01\/2025 21:00hs.<\/time><\/p>\n<div id=\"storyBody\">\n<div class=\"custom-text \" readability=\"33.111464968153\">\n<p><strong>El gran objetivo de <a href=\"https:\/\/www.ole.com.ar\/tema\/deportivo-madryn.html\" title=\"Deportivo Madryn\" alt=\"Deportivo Madryn\" class=\"slug\">Deportivo Madryn<\/a> en esta temporada es repetir la campa\u00f1a del a\u00f1o pasado<\/strong>, donde fue uno de los protagonistas inesperados de la zona B y pele\u00f3 el ascenso hasta el final. Pero claro, ahora quiere que la historia termine de forma feliz y se concrete el tan ansiado ascenso a la <a href=\"https:\/\/www.ole.com.ar\/tema\/liga-profesional.html\" title=\"Liga Profesional\" alt=\"Liga Profesional\" class=\"slug\">Liga Profesional. <\/a><\/p>\n<\/div>\n<div class=\"custom-text \" readability=\"37.092391304348\">\n<p>Con esto en el horizonte, la Comisi\u00f3n Directiva apost\u00f3 fuerte en el mercado de pases y se la jug\u00f3 por jugadores de renombre para la divisional como Nazareno Sol\u00eds o Luis Silba, ambos de muy buen paso por Gimnasia de Mendoza en el 2024. Ahora, sum\u00f3 otro player interesante a sus fila<strong>s:<a href=\"https:\/\/www.ole.com.ar\/tema\/pedro-velurtas.html\" title=\"Pedro Velurtas\" alt=\"Pedro Velurtas\" class=\"slug\"> Pedro Velurtas<\/a>, lateral derecho de 23 a\u00f1os surgido de las inferiores de <a href=\"https:\/\/www.ole.com.ar\/tema\/boca-juniors.html\" title=\"Boca Juniors\" alt=\"Boca Juniors\" class=\"slug\">Boca<\/a>. <\/strong><\/p>\n<\/div>\n<div class=\"custom-text \" readability=\"37\">\n<p>El marcador de punta diestro, cuyo pase pertenece al Xeneize, <strong>llega al conjunto aurinegro en calidad de cedido por un a\u00f1o, sin cargo ni opci\u00f3n de compra. <\/strong>Ya fue oficializado por el equipo sure\u00f1o y se sum\u00f3 a los entrenamientos a la par del plantel en Buenos Aires. <\/p>\n<\/div>\n<div class=\"sc-e7b891c4-0 ifHnQL image-embed\"><img alt=\"Pedro Velurtas, de Boca, a Deportivo Madryn. \" loading=\"lazy\" width=\"720\" height=\"100\" decoding=\"async\" data-nimg=\"1\" src=\"http:\/\/nuevacordoba.net\/wp-content\/uploads\/2025\/01\/el-pibe-de-boca-que-fue-capitan-en-reserva-debuto-con-battaglia-y-jugara-el-nacional.jpg\"><span class=\"epigraphe\">Pedro Velurtas, de Boca, a Deportivo Madryn. <\/span><\/div>\n<p><h2><strong>El paso de Pedro Velurtas por Boca<\/strong><\/h2>\n<\/p>\n<div class=\"custom-text \" readability=\"37\">\n<p>El oriundo de Campana lleg\u00f3 al cuadro de La Ribera en 2017 y realiz\u00f3 gran parte de las divisiones juveniles all\u00ed. Comenz\u00f3 como volante ofensivo y se fue reconvirtiendo en un todoterreno, para luego terminar como lateral derecho. <strong>Poco a poco se gan\u00f3 su lugar y termin\u00f3 siendo una fija en la Reserva de Sebasti\u00e1n Battaglia (y luego dirigida por Hugo Ibarra), que supo ser bicampeona en 2021. <\/strong><\/p>\n<\/div>\n<div class=\"custom-text \" readability=\"36\">\n<p>Con la Tercera de Boca se hizo un nombre, fue capit\u00e1n y sum\u00f3 un total de 44 encuentros. El buen andar lo llev\u00f3 a entrar en los planes del propio Battaglia para la Primera: el 2 de marzo del 2022 tuvo su estreno como profesional. <strong>Fue en el triunfo por 4-1 frente a Central C\u00f3rdoba de Rosario por la Copa Argentina de aquel a\u00f1o. <\/strong><\/p>\n<\/div>\n<div class=\"sc-e7b891c4-0 ifHnQL image-embed\"><img alt=\"Pedro Velurtas debut\u00f3 en Boca en 2022. \" loading=\"lazy\" width=\"720\" height=\"100\" decoding=\"async\" data-nimg=\"1\" src=\"http:\/\/nuevacordoba.net\/wp-content\/uploads\/2025\/01\/el-pibe-de-boca-que-fue-capitan-en-reserva-debuto-con-battaglia-y-jugara-el-nacional-1.jpg\"><span class=\"epigraphe\">Pedro Velurtas debut\u00f3 en Boca en 2022. <\/span><\/div>\n<div class=\"custom-text \" readability=\"38\">\n<p>Sin embargo, con el paso del tiempo perdi\u00f3 terreno y no tuvo m\u00e1s oportunidades con la casaca azul y oro. <strong>Esto gener\u00f3 que a comienzos del 2024 salga cedido a Barracas Central, donde sum\u00f3 728 minutos distribuidos en 13 encuentros.<\/strong> Ahora, llega a Deportivo Madryn con el objetivo de ganar rodaje y reposicionarse en la \u00f3rbita de Fernando Gago. <\/p>\n<\/div>\n<p><h2><strong>El mercado de pases de Deportivo Madryn<\/strong><\/h2>\n<\/p>\n<div class=\"custom-text \" readability=\"44\">\n<p><strong>ALTAS<\/strong>: Lucas Pruzzo, Mat\u00edas Nouet, Bruno Juncos, Agust\u00edn Sosa, Diego Mart\u00ednez, Nazareno Sol\u00eds, Pablo Minissale, Juan Galeano, Luis Silba, Alejandro Guti\u00e9rrez, Abel Bustos, Pedro Velurtas.<\/p>\n<\/div>\n<div class=\"custom-text \" readability=\"44\">\n<p><strong>BAJAS:<\/strong> Enzo Arregu\u00edn, Mauro Peinipil, Juli\u00e1n Eseiza, Jonatan Palacio, Marcos Rivadero, Jer\u00f3nimo Porto Lapeg\u00fce, Joaqu\u00edn Rojas, Nicol\u00e1s S\u00e1nchez, Hern\u00e1n Zuliani, Brian Ferreyra, Pablo Calder\u00f3n y Alan Moreno.<\/p>\n<\/div>\n<\/div>\n","protected":false},"excerpt":{"rendered":"<p>20\/01\/2025 21:00hs. El gran objetivo de Deportivo Madryn en esta temporada es repetir la campa\u00f1a del a\u00f1o pasado, donde fue uno de los protagonistas inesperados de la zona B y pele\u00f3 el ascenso hasta el final. Pero claro, ahora quiere que la historia termine de forma feliz y se concrete el tan ansiado ascenso a [&hellip;]<\/p>\n","protected":false},"author":1,"featured_media":53073,"comment_status":"closed","ping_status":"closed","sticky":false,"template":"","format":"standard","meta":[],"categories":[10],"tags":[],"_links":{"self":[{"href":"http:\/\/nuevacordoba.net\/index.php\/wp-json\/wp\/v2\/posts\/53072"}],"collection":[{"href":"http:\/\/nuevacordoba.net\/index.php\/wp-json\/wp\/v2\/posts"}],"about":[{"href":"http:\/\/nuevacordoba.net\/index.php\/wp-json\/wp\/v2\/types\/post"}],"author":[{"embeddable":true,"href":"http:\/\/nuevacordoba.net\/index.php\/wp-json\/wp\/v2\/users\/1"}],"replies":[{"embeddable":true,"href":"http:\/\/nuevacordoba.net\/index.php\/wp-json\/wp\/v2\/comments?post=53072"}],"version-history":[{"count":0,"href":"http:\/\/nuevacordoba.net\/index.php\/wp-json\/wp\/v2\/posts\/53072\/revisions"}],"wp:featuredmedia":[{"embeddable":true,"href":"http:\/\/nuevacordoba.net\/index.php\/wp-json\/wp\/v2\/media\/53073"}],"wp:attachment":[{"href":"http:\/\/nuevacordoba.net\/index.php\/wp-json\/wp\/v2\/media?parent=53072"}],"wp:term":[{"taxonomy":"category","embeddable":true,"href":"http:\/\/nuevacordoba.net\/index.php\/wp-json\/wp\/v2\/categories?post=53072"},{"taxonomy":"post_tag","embeddable":true,"href":"http:\/\/nuevacordoba.net\/index.php\/wp-json\/wp\/v2\/tags?post=53072"}],"curies":[{"name":"wp","href":"https:\/\/api.w.org\/{rel}","templated":true}]}}