{"id":53136,"date":"2025-01-23T03:03:53","date_gmt":"2025-01-23T03:03:53","guid":{"rendered":"https:\/\/puntoapunto.com.ar\/?p=369427"},"modified":"2025-01-23T03:03:53","modified_gmt":"2025-01-23T03:03:53","slug":"patricia-jebsen-de-gerente-a-influencer-en-tiktok-y-referente-del-mundo-corpo","status":"publish","type":"post","link":"http:\/\/nuevacordoba.net\/index.php\/2025\/01\/23\/patricia-jebsen-de-gerente-a-influencer-en-tiktok-y-referente-del-mundo-corpo\/","title":{"rendered":"Patricia Jebsen, de gerente a influencer en TikTok y referente del \u00abmundo corpo\u00bb"},"content":{"rendered":"<p>&nbsp;<!-- \u00a1O bien no hay banners, estan desactivados o no estan programados para esta ubicaci\u00f3n! -->\n<\/p>\n<p>&nbsp;\n<\/p>\n<p><strong>Patricia Jebsen<\/strong> es una destacada ejecutiva argentina con m\u00e1s de 30 a\u00f1os de experiencia en diversas industrias, especialmente en el \u00e1mbito de la tecnolog\u00eda y el comercio electr\u00f3nico. En su trayectoria lider\u00f3 equipos en empresas como <strong>Clar\u00edn, Falabella, Mercado Libre, Cencosud, BEAT y Rappi en Argentina y Am\u00e9rica Latina.<\/strong>\n<\/p>\n<p>Fue la primera mujer en asumir el rol de presidenta de la C\u00e1mara Argentina de Comercio Electr\u00f3nico (<a href=\"https:\/\/cace.org.ar\/\">CACE<\/a>). Durante su gesti\u00f3n, se llevaron a cabo el primer <strong>Cyber Monday y Hot Sale en Argentina<\/strong>, adem\u00e1s de desarrollar el primer estudio nacional sobre comercio electr\u00f3nico.\n<\/p>\n<p>En el \u00e1mbito acad\u00e9mico, Patricia fue docente y conferencista en instituciones como la Universidad de Buenos Aires (UBA), Universidad de San Andr\u00e9s (UDESA), Universidad del Salvador (USAL) y directora del Programa de Negocios Digitales en la Universidad Torcuato Di Tella (UTDT). Actualmente,<strong> es miembro de siete directorios y se desempe\u00f1a como consultora especializada en comercio electr\u00f3nico y estrategias omnicanal.<\/strong><!-- \u00a1O bien no hay banners, estan desactivados o no estan programados para esta ubicaci\u00f3n! -->\n<\/p>\n<p><strong>\u201cPato\u201d como la conocen en las redes sociales se convirti\u00f3 en una influencer inesperada del mundo corporativo a trav\u00e9s de TikTok<\/strong> en donde logr\u00f3 un impacto significativo al publicar videos sobre temas como liderazgo, el mundo corporativo y viajes. Su estilo aut\u00e9ntico y din\u00e1mico le permiti\u00f3 conectarse con un p\u00fablico m\u00e1s joven, acumulando m\u00e1s de <strong>169,000 seguidores<\/strong><strong> y 3.5 millones de \u00abme gusta\u00bb<\/strong> en la plataforma.<\/p>\n<p><img decoding=\"async\" class=\"aligncenter size-full wp-image-369430\" src=\"http:\/\/nuevacordoba.net\/wp-content\/uploads\/2025\/01\/patricia-jebsen-de-gerente-a-influencer-en-tiktok-y-referente-del-mundo-corpo.jpg\" alt width=\"1066\" height=\"1600\" srcset=\"http:\/\/nuevacordoba.net\/wp-content\/uploads\/2025\/01\/patricia-jebsen-de-gerente-a-influencer-en-tiktok-y-referente-del-mundo-corpo.jpg 1066w, http:\/\/nuevacordoba.net\/wp-content\/uploads\/2025\/01\/patricia-jebsen-de-gerente-a-influencer-en-tiktok-y-referente-del-mundo-corpo-1.jpg 200w, http:\/\/nuevacordoba.net\/wp-content\/uploads\/2025\/01\/patricia-jebsen-de-gerente-a-influencer-en-tiktok-y-referente-del-mundo-corpo-2.jpg 682w, http:\/\/nuevacordoba.net\/wp-content\/uploads\/2025\/01\/patricia-jebsen-de-gerente-a-influencer-en-tiktok-y-referente-del-mundo-corpo-3.jpg 768w, http:\/\/nuevacordoba.net\/wp-content\/uploads\/2025\/01\/patricia-jebsen-de-gerente-a-influencer-en-tiktok-y-referente-del-mundo-corpo-4.jpg 1023w, http:\/\/nuevacordoba.net\/wp-content\/uploads\/2025\/01\/patricia-jebsen-de-gerente-a-influencer-en-tiktok-y-referente-del-mundo-corpo-5.jpg 750w\" sizes=\"(max-width: 1066px) 100vw, 1066px\" loading=\"lazy\">\n<\/p>\n<p><strong>De Gerente General a Gur\u00fa de TikTok<\/strong>\n<\/p>\n<p>Jebsen, quien estudi\u00f3 Relaciones P\u00fablicas y cuenta con un posgrado en Marketing y Administraci\u00f3n de Empresas en Alemania, relata que su carrera siempre estuvo marcada por el trabajo duro. Desde sus inicios en la universidad, donde colabor\u00f3 en eventos y en el \u00e1rea de prensa, hasta su paso por grandes empresas como Novartis y Siemens, Jebsen se dedic\u00f3 por completo a su desarrollo profesional.\n<\/p>\n<p>Sin embargo, un punto de inflexi\u00f3n lleg\u00f3 con la enfermedad de su marido en 2004. Este evento la llev\u00f3 a replantearse sus prioridades y buscar un mayor equilibrio entre su vida personal y profesional.\n<\/p>\n<p>Tras a\u00f1os de \u00e9xito en el mundo corporativo, decidi\u00f3 dar un giro a su carrera. \u00ab<strong>Un d\u00eda me despert\u00e9 y me di cuenta de que quer\u00eda empezar a diversificar un poco y tambi\u00e9n ten\u00eda esa necesidad de devolver, de dejar un legado<\/strong>\u00ab, explica.\n<\/p>\n<p><strong>Acercando el mundo corporativo a las nuevas generaciones<\/strong>\n<\/p>\n<p><strong>Jebsen se ha convertido en una figura de referencia para j\u00f3venes que buscan orientaci\u00f3n en el mundo laboral.<\/strong> \u00abMucha gente no tiene acceso al mundo corporativo y lo ve como algo aspiracional e inalcanzable\u00bb, comenta. A trav\u00e9s de sus videos, busca<strong> derribar esos mitos y mostrar la realidad del trabajo en empresas, destacando la importancia del esfuerzo, el estudio y el aprendizaje de idiomas.<\/strong>\n<\/p>\n<p>La clave de su \u00e9xito en TikTok radica en la autenticidad y cercan\u00eda con sus seguidores. \u201cPato\u201d responde personalmente a las preguntas y comentarios, generando una comunidad s\u00f3lida y comprometida.\n<\/p>\n<p><strong>El Networking: un pilar fundamental<\/strong>\n<\/p>\n<p>Jebsen destaca la importancia del networking en el \u00e1mbito profesional. \u00abNo se trata solo de hacer contactos, sino de cultivar relaciones a largo plazo\u00bb, afirma. Recomienda aprovechar las oportunidades de networking dentro de las empresas, en c\u00e1maras empresariales, en eventos educativos y a trav\u00e9s de plataformas como LinkedIn.\n<\/p>\n<p><iframe id=\"_ytid_55160\" width=\"480\" height=\"270\" data-origwidth=\"480\" data-origheight=\"270\" src=\"https:\/\/www.youtube.com\/embed\/yFjY-U24W1E?enablejsapi=1&amp;autoplay=0&amp;cc_load_policy=0&amp;cc_lang_pref=&amp;iv_load_policy=1&amp;loop=0&amp;modestbranding=0&amp;rel=0&amp;fs=1&amp;playsinline=0&amp;autohide=2&amp;theme=dark&amp;color=red&amp;controls=1&amp;\" class=\"__youtube_prefs__ epyt-is-override no-lazyload\" title=\"YouTube player\" allow=\"fullscreen; accelerometer; autoplay; clipboard-write; encrypted-media; gyroscope; picture-in-picture\" allowfullscreen data-no-lazy=\"1\" data-skipgform_ajax_framebjll>[embedded content]<\/iframe>\n<\/p>\n<p><strong>El Futuro del empleo en la era digital<\/strong>\n<\/p>\n<p>Jebsen analiza las tendencias del mercado laboral y c\u00f3mo la tecnolog\u00eda est\u00e1 impactando en el futuro del trabajo. <strong>La<a href=\"https:\/\/puntoapunto.com.ar\/empresario2024-la-ia-no-se-va-a-ir-ni-enfriar-el-analisis-de-juan-santiago\/\"> inteligencia artificial<\/a> y la automatizaci\u00f3n est\u00e1n transformando los procesos de selecci\u00f3n y eliminando puestos de trabajo repetitivos.<\/strong>\n<\/p>\n<p><strong>\u00abLas empresas van a elegir lo que sea m\u00e1s rentable y mejor para el cliente, y nosotros como personas debemos adaptarnos a este nuevo ecosistema\u00bb,<\/strong> reflexiona.\n<\/p>\n<p>Aconseja a las nuevas generaciones a buscar carreras que impliquen el uso del pensamiento cr\u00edtico y la creatividad, ya que esas habilidades ser\u00e1n cada vez m\u00e1s demandadas.\n<\/p>\n<p><strong>Diversidad de g\u00e9nero en el mundo corporativo<\/strong>\n<\/p>\n<p>Si bien reconoce los avances en materia de inclusi\u00f3n de mujeres en el mundo laboral, considera que a\u00fan queda mucho por hacer para lograr una verdadera igualdad de oportunidades.\n<\/p>\n<p>\u00abHay muchas mujeres en posiciones de liderazgo, pero no tienen la misma visibilidad que los hombres\u00bb, sostiene. Jebsen se ha propuesto utilizar su plataforma para visibilizar el talento femenino y motivar a las mujeres a ocupar espacios de decisi\u00f3n.\n<\/p>\n<div class=\"g g-38\">\n<div class=\"g-dyn a-12 c-1\"><a class=\"gofollow\" data-track=\"MTIsMzgsMSw2MA==\" href=\"https:\/\/hospitalprivado.com.ar\/blog\/institucional\/somos-la-primera-institucion-del-interior-del-pais-en-acreditar-joint-commission-international.html\" target=\"_blank\" rel=\"noopener\"><img src=\"http:\/\/nuevacordoba.net\/wp-content\/uploads\/2025\/01\/patricia-jebsen-de-gerente-a-influencer-en-tiktok-y-referente-del-mundo-corpo.gif\" loading=\"lazy\"><\/a><\/div>\n<\/div>\n","protected":false},"excerpt":{"rendered":"<p>&nbsp; &nbsp; Patricia Jebsen es una destacada ejecutiva argentina con m\u00e1s de 30 a\u00f1os de experiencia en diversas industrias, especialmente en el \u00e1mbito de la tecnolog\u00eda y el comercio electr\u00f3nico. En su trayectoria lider\u00f3 equipos en empresas como Clar\u00edn, Falabella, Mercado Libre, Cencosud, BEAT y Rappi en Argentina y Am\u00e9rica Latina. Fue la primera mujer [&hellip;]<\/p>\n","protected":false},"author":1,"featured_media":53137,"comment_status":"open","ping_status":"closed","sticky":false,"template":"","format":"standard","meta":[],"categories":[14],"tags":[],"_links":{"self":[{"href":"http:\/\/nuevacordoba.net\/index.php\/wp-json\/wp\/v2\/posts\/53136"}],"collection":[{"href":"http:\/\/nuevacordoba.net\/index.php\/wp-json\/wp\/v2\/posts"}],"about":[{"href":"http:\/\/nuevacordoba.net\/index.php\/wp-json\/wp\/v2\/types\/post"}],"author":[{"embeddable":true,"href":"http:\/\/nuevacordoba.net\/index.php\/wp-json\/wp\/v2\/users\/1"}],"replies":[{"embeddable":true,"href":"http:\/\/nuevacordoba.net\/index.php\/wp-json\/wp\/v2\/comments?post=53136"}],"version-history":[{"count":0,"href":"http:\/\/nuevacordoba.net\/index.php\/wp-json\/wp\/v2\/posts\/53136\/revisions"}],"wp:featuredmedia":[{"embeddable":true,"href":"http:\/\/nuevacordoba.net\/index.php\/wp-json\/wp\/v2\/media\/53137"}],"wp:attachment":[{"href":"http:\/\/nuevacordoba.net\/index.php\/wp-json\/wp\/v2\/media?parent=53136"}],"wp:term":[{"taxonomy":"category","embeddable":true,"href":"http:\/\/nuevacordoba.net\/index.php\/wp-json\/wp\/v2\/categories?post=53136"},{"taxonomy":"post_tag","embeddable":true,"href":"http:\/\/nuevacordoba.net\/index.php\/wp-json\/wp\/v2\/tags?post=53136"}],"curies":[{"name":"wp","href":"https:\/\/api.w.org\/{rel}","templated":true}]}}