{"id":53536,"date":"2025-02-04T14:44:58","date_gmt":"2025-02-04T14:44:58","guid":{"rendered":"https:\/\/es.digitaltrends.com\/?p=1055827"},"modified":"2025-02-04T14:44:58","modified_gmt":"2025-02-04T14:44:58","slug":"sarah-michelle-gellar-se-embarca-en-el-reboot-de-buffy-la-cazavampiros","status":"publish","type":"post","link":"http:\/\/nuevacordoba.net\/index.php\/2025\/02\/04\/sarah-michelle-gellar-se-embarca-en-el-reboot-de-buffy-la-cazavampiros\/","title":{"rendered":"Sarah Michelle Gellar se embarca en el reboot de Buffy\u00a0La Cazavampiros"},"content":{"rendered":"<div><img src=\"http:\/\/nuevacordoba.net\/wp-content\/uploads\/2025\/02\/sarah-michelle-gellar-se-embarca-en-el-reboot-de-buffy-la-cazavampiros.jpg\" class=\"ff-og-image-inserted\"><\/div>\n<p>Desde que <a href=\"https:\/\/es.digitaltrends.com\/entretenimiento\/sarah-michelle-gellar-abierta-revivir-buffy-cazavampiros\/\"><em><strong>Buffy la Cazavampiro<\/strong><\/em><\/a><em>s<\/em>&nbsp;concluy\u00f3 en 2003, la protagonista de la serie, Sarah Michelle Gellar, no parec\u00eda dispuesta a volver a visitar a su ic\u00f3nico personaje. Pero tan recientemente como el mes pasado,&nbsp;Gellar suaviz\u00f3 su postura&nbsp;hacia un posible renacimiento. Ahora, se ha corrido la voz de que Gellar ha firmado para un reinicio&nbsp;<em>de Buffy the Vampire Slayer<\/em>, que est\u00e1 en proceso en Hulu.<\/p>\n<p><a href=\"https:\/\/www.hollywoodreporter.com\/tv\/tv-news\/buffy-reboot-sarah-michelle-gellar-hulu-1236126335\" target=\"_blank\" rel=\"noopener\">Seg\u00fan The Hollywood Reporter<\/a>, Gellar es actualmente la \u00fanica int\u00e9rprete adjunta a la nueva serie, pero su personaje, Buffy Summers, no ser\u00e1 el personaje principal. En cambio, la serie se describe como \u00abel pr\u00f3ximo cap\u00edtulo del Buffyverso\u00bb, con un nuevo asesino a la vanguardia.<\/p>\n<div class=\"b-connatix b-connatix--video\" id=\"dt-cnx-container-67a22b0842c80\">\n<div class=\"b-connatix__label\"> Recommended Videos <\/div>\n<div class=\"b-connatix__container\"> <\/div>\n<\/div>\n<p>La serie original fue creada por el director de&nbsp;<em>los Vengadores<\/em>, Joss Whedon. Sin embargo, Whedon no participar\u00e1 en la serie despu\u00e9s de enfrentar acusaciones de que maltrat\u00f3 a las miembros femeninas del elenco de&nbsp;<em>Buffy<\/em>&nbsp;y su spin-off,&nbsp;<em>Angel<\/em>. Esas acusaciones fueron amplificadas por una investigaci\u00f3n sobre la conducta de Whedon mientras dirig\u00eda los reshoots de Justice&nbsp;<em>League<\/em>, y su carrera en Hollywood ha estado estancada desde que dej\u00f3&nbsp;<em>The Nevers<\/em>&nbsp;de HBO.<\/p>\n<p>Gellar se distanci\u00f3 p\u00fablicamente de Whedon, al igual que muchos de sus antiguos compa\u00f1eros de reparto. Pero por ahora, no est\u00e1 claro si alguno de los otros miembros del elenco de<em>&nbsp;Buffy<\/em>&nbsp;o&nbsp;<em>Angel<\/em>&nbsp;regresar\u00e1 para el nuevo programa. Las veteranas de&nbsp;<em>Poker Face<\/em>, Nora y Lilla Zuckerman, son las creadoras y showrunners del reinicio de Buffy, con la directora&nbsp;<em>de Eternals,<\/em>&nbsp;Chlo\u00e9 Zhao, programada para dirigir el proyecto.<\/p>\n<p>Gellar y Zhao ser\u00e1n productores ejecutivos del proyecto junto a los Zuckerman y Gail Berman, una de las productoras ejecutivas de la serie original. Fran y Kaz Kuzui, productores de la pel\u00edcula&nbsp;<em>Buffy the Vampire Slayer<\/em>&nbsp;y la posterior serie de televisi\u00f3n, tambi\u00e9n se unir\u00e1n como productores para este programa, al igual que Dolly Parton a trav\u00e9s de su estudio de producci\u00f3n Sandollar.<\/p>\n<p> <span id=\"publisher-md\" itemprop=\"publisher\" itemscope itemtype=\"https:\/\/schema.org\/Organization\"> <span itemprop=\"url\" itemtype=\"https:\/\/schema.org\/Url\" content=\"https:\/\/es.digitaltrends.com\"> <span itemprop=\"logo\" itemscope itemtype=\"https:\/\/schema.org\/ImageObject\"> <meta itemprop=\"url\" content=\"https:\/\/cdn.dtcn.com\/dt\/dt-logo-small.png\"> <meta itemprop=\"width\" content=\"0\"> <meta itemprop=\"height\" content=\"0\"> <\/span> <meta itemprop=\"name\" content=\"Digital Trends Espa\u00f1ol\"> <\/span> <span itemprop=\"image\" itemscope itemtype=\"https:\/\/schema.org\/ImageObject\"> <meta itemprop=\"url\" content=\"https:\/\/es.digitaltrends.com\/wp-content\/uploads\/2025\/02\/Buffy-La-Cazavampiros.jpeg?p=1\"> <\/span> <\/span> <\/p>\n","protected":false},"excerpt":{"rendered":"<p>Desde que Buffy la Cazavampiros&nbsp;concluy\u00f3 en 2003, la protagonista de la serie, Sarah Michelle Gellar, no parec\u00eda dispuesta a volver a visitar a su ic\u00f3nico personaje. Pero tan recientemente como el mes pasado,&nbsp;Gellar suaviz\u00f3 su postura&nbsp;hacia un posible renacimiento. Ahora, se ha corrido la voz de que Gellar ha firmado para un reinicio&nbsp;de Buffy the [&hellip;]<\/p>\n","protected":false},"author":1,"featured_media":53537,"comment_status":"open","ping_status":"closed","sticky":false,"template":"","format":"standard","meta":[],"categories":[7],"tags":[],"_links":{"self":[{"href":"http:\/\/nuevacordoba.net\/index.php\/wp-json\/wp\/v2\/posts\/53536"}],"collection":[{"href":"http:\/\/nuevacordoba.net\/index.php\/wp-json\/wp\/v2\/posts"}],"about":[{"href":"http:\/\/nuevacordoba.net\/index.php\/wp-json\/wp\/v2\/types\/post"}],"author":[{"embeddable":true,"href":"http:\/\/nuevacordoba.net\/index.php\/wp-json\/wp\/v2\/users\/1"}],"replies":[{"embeddable":true,"href":"http:\/\/nuevacordoba.net\/index.php\/wp-json\/wp\/v2\/comments?post=53536"}],"version-history":[{"count":0,"href":"http:\/\/nuevacordoba.net\/index.php\/wp-json\/wp\/v2\/posts\/53536\/revisions"}],"wp:featuredmedia":[{"embeddable":true,"href":"http:\/\/nuevacordoba.net\/index.php\/wp-json\/wp\/v2\/media\/53537"}],"wp:attachment":[{"href":"http:\/\/nuevacordoba.net\/index.php\/wp-json\/wp\/v2\/media?parent=53536"}],"wp:term":[{"taxonomy":"category","embeddable":true,"href":"http:\/\/nuevacordoba.net\/index.php\/wp-json\/wp\/v2\/categories?post=53536"},{"taxonomy":"post_tag","embeddable":true,"href":"http:\/\/nuevacordoba.net\/index.php\/wp-json\/wp\/v2\/tags?post=53536"}],"curies":[{"name":"wp","href":"https:\/\/api.w.org\/{rel}","templated":true}]}}