{"id":53542,"date":"2025-02-04T13:43:19","date_gmt":"2025-02-04T13:43:19","guid":{"rendered":"http:\/\/cordobanewsnet.wordpress.com\/?p=12436"},"modified":"2025-02-04T13:43:19","modified_gmt":"2025-02-04T13:43:19","slug":"cordoba-llega-un-alivio-a-la-ciudad-tras-la-ola-de-calor","status":"publish","type":"post","link":"http:\/\/nuevacordoba.net\/index.php\/2025\/02\/04\/cordoba-llega-un-alivio-a-la-ciudad-tras-la-ola-de-calor\/","title":{"rendered":"C\u00f3rdoba: llega un alivio a la ciudad tras la ola de calor"},"content":{"rendered":"<p><!-- \/featured-media --> <\/p>\n<div class=\"post-content clear\" readability=\"44.99416909621\">\n<p>Este martes 4 de febrero llega con un respiro para los cordobeses, seg\u00fan inform\u00f3 el pron\u00f3stico del Servicio Meteorol\u00f3gico Nacional (SMN). Si bien el calor se mantiene, se espera una temperatura&nbsp;<strong>m\u00ednima de 25\u00b0C y una m\u00e1xima de 34\u00b0C<\/strong>.<\/p>\n<p>El cielo estar\u00e1 nublado durante toda la jornada y se anuncian&nbsp;<strong>posibles tormentas aisladas para la tarde y noche<\/strong>, acompa\u00f1adas de vientos del sector sur de entre 13 y 31 km\/h.<\/p>\n<p>Tras la intensa jornada del lunes, este descenso de temperatura marca un alivio para los ciudadanos y se espera que la temperatura se mantenga similar el resto de la semana<\/p>\n<figure class=\"wp-block-image size-large\"><img loading=\"lazy\" data-attachment-id=\"12437\" data-permalink=\"https:\/\/cordobanewsnet.wordpress.com\/2025\/02\/04\/cordoba-llega-un-alivio-a-la-ciudad-tras-la-ola-de-calor\/image-619\/\" data-orig-file=\"http:\/\/nuevacordoba.net\/wp-content\/uploads\/2025\/02\/cordoba-llega-un-alivio-a-la-ciudad-tras-la-ola-de-calor.png\" data-orig-size=\"929,523\" data-comments-opened=\"1\" data-image-meta=\"{&quot;aperture&quot;:&quot;0&quot;,&quot;credit&quot;:&quot;&quot;,&quot;camera&quot;:&quot;&quot;,&quot;caption&quot;:&quot;&quot;,&quot;created_timestamp&quot;:&quot;0&quot;,&quot;copyright&quot;:&quot;&quot;,&quot;focal_length&quot;:&quot;0&quot;,&quot;iso&quot;:&quot;0&quot;,&quot;shutter_speed&quot;:&quot;0&quot;,&quot;title&quot;:&quot;&quot;,&quot;orientation&quot;:&quot;0&quot;}\" data-image-title=\"image\" data-image-description data-image-caption data-medium-file=\"http:\/\/nuevacordoba.net\/wp-content\/uploads\/2025\/02\/cordoba-llega-un-alivio-a-la-ciudad-tras-la-ola-de-calor.png?w=300\" data-large-file=\"http:\/\/nuevacordoba.net\/wp-content\/uploads\/2025\/02\/cordoba-llega-un-alivio-a-la-ciudad-tras-la-ola-de-calor.png?w=736\" width=\"929\" height=\"523\" src=\"http:\/\/nuevacordoba.net\/wp-content\/uploads\/2025\/02\/cordoba-llega-un-alivio-a-la-ciudad-tras-la-ola-de-calor.png\" alt class=\"wp-image-12437\" srcset=\"http:\/\/nuevacordoba.net\/wp-content\/uploads\/2025\/02\/cordoba-llega-un-alivio-a-la-ciudad-tras-la-ola-de-calor.png 929w, http:\/\/nuevacordoba.net\/wp-content\/uploads\/2025\/02\/cordoba-llega-un-alivio-a-la-ciudad-tras-la-ola-de-calor.png?w=150 150w, http:\/\/nuevacordoba.net\/wp-content\/uploads\/2025\/02\/cordoba-llega-un-alivio-a-la-ciudad-tras-la-ola-de-calor.png?w=300 300w, http:\/\/nuevacordoba.net\/wp-content\/uploads\/2025\/02\/cordoba-llega-un-alivio-a-la-ciudad-tras-la-ola-de-calor.png?w=768 768w\" sizes=\"(max-width: 929px) 100vw, 929px\"><\/figure>\n<p>Fuente : Telefe C\u00f3rdoba Argentina<\/p>\n<p><span id=\"wordads-inline-marker\"><\/span> <\/p>\n<div id=\"jp-post-flair\" class=\"sharedaddy sd-like-enabled sd-sharing-enabled\">\n<div class=\"sharedaddy sd-sharing-enabled\">\n<div class=\"robots-nocontent sd-block sd-social sd-social-icon-text sd-sharing\">\n<h3 class=\"sd-title\">Comparte esto:<\/h3>\n<\/div>\n<\/div>\n<div class=\"sharedaddy sd-block sd-like jetpack-likes-widget-wrapper jetpack-likes-widget-unloaded\" id=\"like-post-wrapper-143108178-12436-67a2ab3a108fd\" data-src=\"\/\/widgets.wp.com\/likes\/index.html?ver=20250205#blog_id=143108178&amp;post_id=12436&amp;origin=cordobanewsnet.wordpress.com&amp;obj_id=143108178-12436-67a2ab3a108fd\" data-name=\"like-post-frame-143108178-12436-67a2ab3a108fd\" data-title=\"Me gusta o Compartir\">\n<p><span class=\"button\"><span>Me gusta<\/span><\/span> <span class=\"loading\">Cargando&#8230;<\/span><\/p>\n<p><span class=\"sd-text-color\"><\/span><\/div>\n<p><h3 class=\"jp-relatedposts-headline\"><em>Relacionado<\/em><\/h3>\n<\/p>\n<\/div><\/div>\n<p><!--\/.post-content--> <\/p>\n<footer class=\"post-meta-container clear\" readability=\"0.34536082474227\">\n<div class=\"entry-author author-avatar-show\" readability=\"13.114754098361\">\n<div class=\"author-avatar\"> <img alt src=\"http:\/\/nuevacordoba.net\/wp-content\/uploads\/2025\/02\/cordoba-llega-un-alivio-a-la-ciudad-tras-la-ola-de-calor-1.png\" srcset=\"http:\/\/nuevacordoba.net\/wp-content\/uploads\/2025\/02\/cordoba-llega-un-alivio-a-la-ciudad-tras-la-ola-de-calor-1.png 1x, http:\/\/nuevacordoba.net\/wp-content\/uploads\/2025\/02\/cordoba-llega-un-alivio-a-la-ciudad-tras-la-ola-de-calor-5.png 1.5x, http:\/\/nuevacordoba.net\/wp-content\/uploads\/2025\/02\/cordoba-llega-un-alivio-a-la-ciudad-tras-la-ola-de-calor-6.png 2x, http:\/\/nuevacordoba.net\/wp-content\/uploads\/2025\/02\/cordoba-llega-un-alivio-a-la-ciudad-tras-la-ola-de-calor-7.png 3x, http:\/\/nuevacordoba.net\/wp-content\/uploads\/2025\/02\/cordoba-llega-un-alivio-a-la-ciudad-tras-la-ola-de-calor-8.png 4x\" class=\"avatar avatar-90\" height=\"90\" width=\"90\" loading=\"lazy\" decoding=\"async\"> <\/div>\n<p><!-- .author-avatar --> <\/p>\n<p><h2 class=\"author-title\"> Publicado por <span class=\"author-name\">Redacci\u00f3n<\/span> <\/h2>\n<\/p>\n<p><!-- .author-heading --> <\/p>\n<p class=\"author-bio\"> <a class=\"author-link\" href=\"https:\/\/cordobanewsnet.wordpress.com\/author\/prettomatias\/\" rel=\"author\"> Ver todas las entradas de Redacci\u00f3n <\/a> <\/p>\n<p><!-- .author-bio --> <\/div>\n<p><!-- .entry-auhtor --> <\/footer>\n<p> <!-- \/post-meta-container --> <!-- #respond --> <\/p>\n","protected":false},"excerpt":{"rendered":"<p>Este martes 4 de febrero llega con un respiro para los cordobeses, seg\u00fan inform\u00f3 el pron\u00f3stico del Servicio Meteorol\u00f3gico Nacional (SMN). Si bien el calor se mantiene, se espera una temperatura&nbsp;m\u00ednima de 25\u00b0C y una m\u00e1xima de 34\u00b0C. El cielo estar\u00e1 nublado durante toda la jornada y se anuncian&nbsp;posibles tormentas aisladas para la tarde y [&hellip;]<\/p>\n","protected":false},"author":1,"featured_media":53543,"comment_status":"closed","ping_status":"closed","sticky":false,"template":"","format":"standard","meta":[],"categories":[14],"tags":[],"_links":{"self":[{"href":"http:\/\/nuevacordoba.net\/index.php\/wp-json\/wp\/v2\/posts\/53542"}],"collection":[{"href":"http:\/\/nuevacordoba.net\/index.php\/wp-json\/wp\/v2\/posts"}],"about":[{"href":"http:\/\/nuevacordoba.net\/index.php\/wp-json\/wp\/v2\/types\/post"}],"author":[{"embeddable":true,"href":"http:\/\/nuevacordoba.net\/index.php\/wp-json\/wp\/v2\/users\/1"}],"replies":[{"embeddable":true,"href":"http:\/\/nuevacordoba.net\/index.php\/wp-json\/wp\/v2\/comments?post=53542"}],"version-history":[{"count":0,"href":"http:\/\/nuevacordoba.net\/index.php\/wp-json\/wp\/v2\/posts\/53542\/revisions"}],"wp:featuredmedia":[{"embeddable":true,"href":"http:\/\/nuevacordoba.net\/index.php\/wp-json\/wp\/v2\/media\/53543"}],"wp:attachment":[{"href":"http:\/\/nuevacordoba.net\/index.php\/wp-json\/wp\/v2\/media?parent=53542"}],"wp:term":[{"taxonomy":"category","embeddable":true,"href":"http:\/\/nuevacordoba.net\/index.php\/wp-json\/wp\/v2\/categories?post=53542"},{"taxonomy":"post_tag","embeddable":true,"href":"http:\/\/nuevacordoba.net\/index.php\/wp-json\/wp\/v2\/tags?post=53542"}],"curies":[{"name":"wp","href":"https:\/\/api.w.org\/{rel}","templated":true}]}}