{"id":53559,"date":"2025-02-05T12:23:24","date_gmt":"2025-02-05T12:23:24","guid":{"rendered":"https:\/\/puntoapunto.com.ar\/?p=369779"},"modified":"2025-02-05T12:23:24","modified_gmt":"2025-02-05T12:23:24","slug":"martin-llaryora-es-hora-de-eliminar-las-paso","status":"publish","type":"post","link":"http:\/\/nuevacordoba.net\/index.php\/2025\/02\/05\/martin-llaryora-es-hora-de-eliminar-las-paso\/","title":{"rendered":"Mart\u00edn Llaryora: \u00abEs hora de eliminar las PASO\u00bb"},"content":{"rendered":"\n<p><em>Por Jos\u00e9 P\u00e9rez<\/em>. El gobernador Mart\u00edn Llaryora consider\u00f3 que <strong>\u00abes hora de eliminar las PASO\u00bb<\/strong>&nbsp;y le pidi\u00f3 a los legisladores nacionales por C\u00f3rdoba&nbsp;<strong>\u00abque apoyen la iniciativa de dejar sin efecto su funcionamiento\u00bb<\/strong>.<\/p>\n<p>\u00abLas Primarias Abiertas, Simult\u00e1neas y Obligatorias (PASO) en Argentina&nbsp;<strong>han perdido su raz\u00f3n de ser<\/strong>\u00ab, sostuvo el mandatario provincial en una publicaci\u00f3n de \u00ab<strong>X<\/strong>\u00ab.<\/p>\n<p>\u00abEn lugar de funcionar como una instancia de competencia interna entre candidatos de un mismo partido,&nbsp;<strong>se han convertido en una elecci\u00f3n general anticipada, distorsionando su prop\u00f3sito original<\/strong>\u00ab, agreg\u00f3 Llaryora.<\/p>\n<p><img decoding=\"async\" class=\"aligncenter size-full wp-image-369783\" src=\"http:\/\/nuevacordoba.net\/wp-content\/uploads\/2025\/02\/martin-llaryora-es-hora-de-eliminar-las-paso.jpg\" alt width=\"599\" height=\"455\" srcset=\"http:\/\/nuevacordoba.net\/wp-content\/uploads\/2025\/02\/martin-llaryora-es-hora-de-eliminar-las-paso.jpg 599w, http:\/\/nuevacordoba.net\/wp-content\/uploads\/2025\/02\/martin-llaryora-es-hora-de-eliminar-las-paso-1.jpg 300w\" sizes=\"(max-width: 599px) 100vw, 599px\" loading=\"lazy\"><\/p>\n<p>Adem\u00e1s se\u00f1al\u00f3 que \u00ab<strong>su costo resulta irracional en el actual contexto que atraviesa el pa\u00eds<\/strong>\u00ab.<\/p>\n<p>\u00ab<strong>Por eso, le pido a los legisladores de C\u00f3rdoba que apoyen la iniciativa de dejar sin efecto su funcionamiento<\/strong>\u00ab, concluy\u00f3 el gobernador.<\/p>\n<p><strong>Dictamen<\/strong><\/p>\n<p>La&nbsp;<strong>Libertad Avanza&nbsp;<\/strong>(LLA)&nbsp;consigui\u00f3 el martes el dictamen para poder suspender las PASO&nbsp;gracias al respaldo de los bloques dialoguistas y de cuatro legisladores de<strong>&nbsp;Uni\u00f3n por la Patria<\/strong>&nbsp;(UxP).<\/p>\n<p>Los diputados por Santiago del Estero y Catamarca posibilitaron que el oficialismo alcanzara las mayor\u00edas en las comisiones. De este modo la iniciativa se tratar\u00e1 el <strong>pr\u00f3ximo jueves en la C\u00e1mara de Diputados.<\/strong><\/p>\n","protected":false},"excerpt":{"rendered":"<p>Por Jos\u00e9 P\u00e9rez. El gobernador Mart\u00edn Llaryora consider\u00f3 que \u00abes hora de eliminar las PASO\u00bb&nbsp;y le pidi\u00f3 a los legisladores nacionales por C\u00f3rdoba&nbsp;\u00abque apoyen la iniciativa de dejar sin efecto su funcionamiento\u00bb. \u00abLas Primarias Abiertas, Simult\u00e1neas y Obligatorias (PASO) en Argentina&nbsp;han perdido su raz\u00f3n de ser\u00ab, sostuvo el mandatario provincial en una publicaci\u00f3n de \u00abX\u00ab. [&hellip;]<\/p>\n","protected":false},"author":1,"featured_media":53560,"comment_status":"open","ping_status":"closed","sticky":false,"template":"","format":"standard","meta":[],"categories":[12,14],"tags":[],"_links":{"self":[{"href":"http:\/\/nuevacordoba.net\/index.php\/wp-json\/wp\/v2\/posts\/53559"}],"collection":[{"href":"http:\/\/nuevacordoba.net\/index.php\/wp-json\/wp\/v2\/posts"}],"about":[{"href":"http:\/\/nuevacordoba.net\/index.php\/wp-json\/wp\/v2\/types\/post"}],"author":[{"embeddable":true,"href":"http:\/\/nuevacordoba.net\/index.php\/wp-json\/wp\/v2\/users\/1"}],"replies":[{"embeddable":true,"href":"http:\/\/nuevacordoba.net\/index.php\/wp-json\/wp\/v2\/comments?post=53559"}],"version-history":[{"count":0,"href":"http:\/\/nuevacordoba.net\/index.php\/wp-json\/wp\/v2\/posts\/53559\/revisions"}],"wp:featuredmedia":[{"embeddable":true,"href":"http:\/\/nuevacordoba.net\/index.php\/wp-json\/wp\/v2\/media\/53560"}],"wp:attachment":[{"href":"http:\/\/nuevacordoba.net\/index.php\/wp-json\/wp\/v2\/media?parent=53559"}],"wp:term":[{"taxonomy":"category","embeddable":true,"href":"http:\/\/nuevacordoba.net\/index.php\/wp-json\/wp\/v2\/categories?post=53559"},{"taxonomy":"post_tag","embeddable":true,"href":"http:\/\/nuevacordoba.net\/index.php\/wp-json\/wp\/v2\/tags?post=53559"}],"curies":[{"name":"wp","href":"https:\/\/api.w.org\/{rel}","templated":true}]}}