{"id":5379,"date":"2021-06-05T02:24:08","date_gmt":"2021-06-05T02:24:08","guid":{"rendered":"http:\/\/cordobanewsnet.wordpress.com\/?p=5694"},"modified":"2021-06-05T02:24:08","modified_gmt":"2021-06-05T02:24:08","slug":"uta-cordoba-anuncia-paro-para-este-sabado","status":"publish","type":"post","link":"http:\/\/nuevacordoba.net\/index.php\/2021\/06\/05\/uta-cordoba-anuncia-paro-para-este-sabado\/","title":{"rendered":"UTA C\u00f3rdoba anuncia paro para este s\u00e1bado"},"content":{"rendered":"<div><img src=\"http:\/\/nuevacordoba.net\/wp-content\/uploads\/2021\/06\/uta-cordoba-anuncia-paro-para-este-sabado.jpg\" class=\"ff-og-image-inserted\"><\/div>\n<p>La titular de la&nbsp;<a rel=\"noreferrer noopener\" href=\"https:\/\/www.cadena3.com\/pagina\/tag\/?q=Uni%C3%B3n%20Tranviarios%20Automotor\" target=\"_blank\">Uni\u00f3n Tranviarios Automotor<\/a>&nbsp;(UTA), Carla Esteban, informo que la decisi\u00f3n es porque \u201clas empresas incumplieron el acuerdo del pago salarial\u201d.<\/p>\n<p>\u201c<strong>Tamse (empresa municipal) no realiz\u00f3 ning\u00fan dep\u00f3sito<\/strong>, por ejemplo, y en el caso del resto&nbsp;<strong>han pagado s\u00f3lo una parte<\/strong>&nbsp;de lo que tendr\u00edan que haber depositado hoy\u201d, se\u00f1al\u00f3.<\/p>\n<h6>Estamos sorprendidos como todos porque ya lo hab\u00edamos acordado y todav\u00eda no han pagado la totalidad de los sueldos de los compa\u00f1eros<\/h6>\n<p>Y en ese sentido, agreg\u00f3: \u201cEste fin de semana, hay restricciones. Hay quienes dicen que somos \u2018esenciales\u2019, pero la realidad es que a\u00fan no hemos sido vacunados. Y encima no nos pagan todo el salario. No nos dejan m\u00e1s opciones que realizar un paro\u201d.<\/p>\n<p>Esteban remarc\u00f3, adem\u00e1s, que se decidi\u00f3 llevar a cabo la medida fuerza porque, a pesar del acuerdo pactado,&nbsp;<strong>la respuesta de los empresarios es que \u201cya no tienen m\u00e1s para depositar\u201d<\/strong>.<\/p>\n<p>\u201cEllos dicen ya han depositado todo lo que ten\u00edan y que ya no tienen m\u00e1s para depositar\u201d, complet\u00f3.<\/p>\n<p>Esteban reiter\u00f3 que el paro de servicio rige desde las 00 de este s\u00e1bado y que como es una medida por tiempo indefinido, al menos este fin de semana no habr\u00e1 colectivos.<\/p>\n<div id=\"jp-post-flair\" class=\"sharedaddy sd-like-enabled sd-sharing-enabled\">\n<div class=\"sharedaddy sd-sharing-enabled\">\n<div class=\"robots-nocontent sd-block sd-social sd-social-icon-text sd-sharing\">\n<h3 class=\"sd-title\">Share this:<\/h3>\n<\/div>\n<\/div>\n<div class=\"sharedaddy sd-block sd-like jetpack-likes-widget-wrapper jetpack-likes-widget-unloaded\" id=\"like-post-wrapper-143108178-5694-60bb61e9733b3\" data-src=\"\/\/widgets.wp.com\/likes\/index.html?ver=20210413#blog_id=143108178&amp;post_id=5694&amp;origin=cordobanewsnet.wordpress.com&amp;obj_id=143108178-5694-60bb61e9733b3\" data-name=\"like-post-frame-143108178-5694-60bb61e9733b3\">\n<h3 class=\"sd-title\">Me gusta esto:<\/h3>\n<p><span class=\"button\"><span>Me gusta<\/span><\/span> <span class=\"loading\">Cargando&#8230;<\/span><\/p>\n<p><span class=\"sd-text-color\"><\/span><\/div>\n<p><h3 class=\"jp-relatedposts-headline\"><em>Relacionado<\/em><\/h3>\n<\/p>\n<\/div>\n","protected":false},"excerpt":{"rendered":"<p>La titular de la&nbsp;Uni\u00f3n Tranviarios Automotor&nbsp;(UTA), Carla Esteban, informo que la decisi\u00f3n es porque \u201clas empresas incumplieron el acuerdo del pago salarial\u201d. \u201cTamse (empresa municipal) no realiz\u00f3 ning\u00fan dep\u00f3sito, por ejemplo, y en el caso del resto&nbsp;han pagado s\u00f3lo una parte&nbsp;de lo que tendr\u00edan que haber depositado hoy\u201d, se\u00f1al\u00f3. Estamos sorprendidos como todos porque ya [&hellip;]<\/p>\n","protected":false},"author":1,"featured_media":5380,"comment_status":"closed","ping_status":"closed","sticky":false,"template":"","format":"standard","meta":[],"categories":[14],"tags":[],"_links":{"self":[{"href":"http:\/\/nuevacordoba.net\/index.php\/wp-json\/wp\/v2\/posts\/5379"}],"collection":[{"href":"http:\/\/nuevacordoba.net\/index.php\/wp-json\/wp\/v2\/posts"}],"about":[{"href":"http:\/\/nuevacordoba.net\/index.php\/wp-json\/wp\/v2\/types\/post"}],"author":[{"embeddable":true,"href":"http:\/\/nuevacordoba.net\/index.php\/wp-json\/wp\/v2\/users\/1"}],"replies":[{"embeddable":true,"href":"http:\/\/nuevacordoba.net\/index.php\/wp-json\/wp\/v2\/comments?post=5379"}],"version-history":[{"count":0,"href":"http:\/\/nuevacordoba.net\/index.php\/wp-json\/wp\/v2\/posts\/5379\/revisions"}],"wp:featuredmedia":[{"embeddable":true,"href":"http:\/\/nuevacordoba.net\/index.php\/wp-json\/wp\/v2\/media\/5380"}],"wp:attachment":[{"href":"http:\/\/nuevacordoba.net\/index.php\/wp-json\/wp\/v2\/media?parent=5379"}],"wp:term":[{"taxonomy":"category","embeddable":true,"href":"http:\/\/nuevacordoba.net\/index.php\/wp-json\/wp\/v2\/categories?post=5379"},{"taxonomy":"post_tag","embeddable":true,"href":"http:\/\/nuevacordoba.net\/index.php\/wp-json\/wp\/v2\/tags?post=5379"}],"curies":[{"name":"wp","href":"https:\/\/api.w.org\/{rel}","templated":true}]}}