{"id":54050,"date":"2025-02-18T17:51:33","date_gmt":"2025-02-18T17:51:33","guid":{"rendered":"https:\/\/www.ole.com.ar\/autos\/max-verstappen-declaraciones-titulo-red-bull-formula-1_0_fgbGHWpDZR.html"},"modified":"2025-02-18T17:51:33","modified_gmt":"2025-02-18T17:51:33","slug":"que-dijo-verstappen-sobre-el-auto-no-ser-favoritos-y-la-chance-de-repetir-el-titulo","status":"publish","type":"post","link":"http:\/\/nuevacordoba.net\/index.php\/2025\/02\/18\/que-dijo-verstappen-sobre-el-auto-no-ser-favoritos-y-la-chance-de-repetir-el-titulo\/","title":{"rendered":"Qu\u00e9 dijo Verstappen sobre el auto, no ser favoritos y la chance de repetir el t\u00edtulo"},"content":{"rendered":"<p><time class=\"createDate\" datetime=\"2025-02-18T14:51:33-03:00\">18\/02\/2025 14:51hs.<\/time><\/p>\n<div id=\"storyBody\">\n<div class=\"custom-text \" readability=\"37\">\n<p>La conferencia de prensa en la que <strong>estuvieron todos los equipos menos Ferrari<\/strong> (dijeron que hab\u00edan arreglado otro compromiso antes) cerr\u00f3 con el campe\u00f3n, Red Bull. Fue el \u00fanico equipo que, al mismo tiempo, present\u00f3 a sus dos pilotos y el jefe de la escuder\u00eda.<\/p>\n<\/div>\n<div class=\"custom-text \" readability=\"38.46017699115\">\n<p>Por supuesto, la estrella en el medio, <strong><a href=\"https:\/\/www.ole.com.ar\/tema\/max-verstappen.html\" title=\"Max Verstappen\" alt=\"Max Verstappen\" class=\"slug\">Max Verstappen<\/a><\/strong>. De las ocho preguntas que se les hizo, cinco fueron a \u00e9l, tanto que cuando le consultaron algo a <strong>Liam Lawson<\/strong>, el neozeland\u00e9s y el jefe de prensa, en broma, festejaron\u2026<\/p>\n<\/div>\n<div class=\"custom-text \" readability=\"36\">\n<p>A diferencia de cuando le toc\u00f3 a <strong>McLaren<\/strong>, cuyos pilotos asumieron el favoritismo, el neerland\u00e9s fue por la recta de la cautela, sin estridencias ni pron\u00f3sticos.<\/p>\n<\/div>\n<div class=\"sc-e7b891c4-0 ifHnQL image-embed\"><img alt=\"Lawson, Verstappen y Horner.\" loading=\"lazy\" width=\"720\" height=\"100\" decoding=\"async\" data-nimg=\"1\" src=\"http:\/\/nuevacordoba.net\/wp-content\/uploads\/2025\/02\/que-dijo-verstappen-sobre-el-auto-no-ser-favoritos-y-la-chance-de-repetir-el-titulo.jpg\"><span class=\"epigraphe\">Lawson, Verstappen y Horner.<\/span><\/div>\n<div class=\"custom-text \" readability=\"39\">\n<p><strong>Ol\u00e9 <\/strong>le pregunt\u00f3 si era mejor que no se hablara tanto de red Bull y s\u00ed m\u00e1s de McLaren, Ferrari, incluso Mercedes\u2026. \u201c<strong>No importa. Realmente no importa de lo que se habla<\/strong>, ya sabes, simplemente nos centramos en nosotros mismos\u201d, contest\u00f3.<\/p>\n<\/div>\n<div class=\"custom-text \" readability=\"34\">\n<p>Respecto de las expectativas, dijo: \u201cCada a\u00f1o aprendes lo que quieres mejorar en tu coche y eso es lo que intentaremos hacer este a\u00f1o.<\/p>\n<\/div>\n<div class=\"custom-text \" readability=\"39\">\n<p>Bueno, honestamente, solo esperamos ser competitivos como equipo. Si somos competitivos como equipo, entonces <strong>estoy seguro de que podremos ganarlo de nuevo<\/strong> porque creo que somos un equipo muy fuerte. Tenemos mucha experiencia y creo que tambi\u00e9n lo demostramos el a\u00f1o pasado, en momentos en los que fue un poco m\u00e1s dif\u00edcil para nosotros. Todav\u00eda est\u00e1bamos maximizando nuestros resultados\u201d.<\/p>\n<\/div>\n<div class=\"custom-text \" readability=\"35\">\n<p>En cuanto a la previa, admiti\u00f3: \u201cRealmente no hemos dedicado mucho tiempo a hablar sobre el auto. S\u00ed nos hemos visto en las sesiones de fotos, jaja. Pero <strong>estoy seguro de que todo ir\u00e1 bien<\/strong>\u201d.<\/p>\n<\/div>\n<div class=\"sc-e7b891c4-0 ifHnQL image-embed\"><img alt=\"El Red Bull del a\u00f1o pasado.\" loading=\"lazy\" width=\"720\" height=\"100\" decoding=\"async\" data-nimg=\"1\" src=\"http:\/\/nuevacordoba.net\/wp-content\/uploads\/2025\/02\/que-dijo-verstappen-sobre-el-auto-no-ser-favoritos-y-la-chance-de-repetir-el-titulo-1.jpg\"><span class=\"epigraphe\">El Red Bull del a\u00f1o pasado.<\/span><\/div>\n<div class=\"custom-text \" readability=\"38\">\n<p>Al hablar de Lawson, elogi\u00f3: <strong>\u201cLo he visto crecer en el equipo junior y definitivamente merece la oportunidad<\/strong>. As\u00ed que estoy muy emocionado de ponerme a trabajar, y s\u00ed, trabajar junto con el equipo, intentar mejorar el coche y hacer una gran temporada juntos\u201d.<\/p>\n<\/div>\n<div class=\"custom-text \" readability=\"34\">\n<p>Hasta ac\u00e1 llegaron las palabras de los pilotos. Desde las 17, hablar\u00e1n los autos en el lanzamiento de la 75a temporada de la F\u00f3rmula 1\u2026<\/p>\n<\/div>\n<div class=\"sc-a7166897-0 eoLsBE\" readability=\"6\">\n<section readability=\"2\"><picture><img alt=\"Efecto Colapinto: Alpine cort\u00f3 una pregunta a Doohan sobre Franco\" loading=\"lazy\" width=\"290\" height=\"290\" decoding=\"async\" data-nimg=\"1\" src=\"http:\/\/nuevacordoba.net\/wp-content\/uploads\/2025\/02\/que-dijo-verstappen-sobre-el-auto-no-ser-favoritos-y-la-chance-de-repetir-el-titulo-2.jpg\"><\/picture>\n<p><span>Mir\u00e1 tambi\u00e9n<\/span><\/p>\n<hr>\n<h3>Efecto Colapinto: Alpine cort\u00f3 una pregunta a Doohan sobre Franco<\/h3>\n<\/p>\n<\/section>\n<\/div>\n<div class=\"sc-a7166897-0 eoLsBE\" readability=\"6.5\">\n<section readability=\"3\"><picture><img alt=\"Doohan sobre Colapinto: &quot;Me han dicho que es piloto de reserva, nada m\u00e1s&quot;\" loading=\"lazy\" width=\"290\" height=\"290\" decoding=\"async\" data-nimg=\"1\" src=\"http:\/\/nuevacordoba.net\/wp-content\/uploads\/2025\/02\/que-dijo-verstappen-sobre-el-auto-no-ser-favoritos-y-la-chance-de-repetir-el-titulo-3.jpg\"><\/picture>\n<p><span>Mir\u00e1 tambi\u00e9n<\/span><\/p>\n<hr>\n<h3>Doohan sobre Colapinto: \u00abMe han dicho que es piloto de reserva, nada m\u00e1s\u00bb<\/h3>\n<\/p>\n<\/section>\n<\/div>\n<div class=\"sc-a7166897-0 eoLsBE\" readability=\"6\">\n<section readability=\"2\"><picture><img alt=\"Lando Norris a Ol\u00e9: &quot;Aceptamos la presi\u00f3n y eso me incluye&quot;\" loading=\"lazy\" width=\"290\" height=\"290\" decoding=\"async\" data-nimg=\"1\" src=\"http:\/\/nuevacordoba.net\/wp-content\/uploads\/2025\/02\/que-dijo-verstappen-sobre-el-auto-no-ser-favoritos-y-la-chance-de-repetir-el-titulo-4.jpg\"><\/picture>\n<p><span>Mir\u00e1 tambi\u00e9n<\/span><\/p>\n<hr>\n<h3>Lando Norris a Ol\u00e9: \u00abAceptamos la presi\u00f3n y eso me incluye\u00bb<\/h3>\n<\/p>\n<\/section>\n<\/div>\n<\/div>\n","protected":false},"excerpt":{"rendered":"<p>18\/02\/2025 14:51hs. La conferencia de prensa en la que estuvieron todos los equipos menos Ferrari (dijeron que hab\u00edan arreglado otro compromiso antes) cerr\u00f3 con el campe\u00f3n, Red Bull. Fue el \u00fanico equipo que, al mismo tiempo, present\u00f3 a sus dos pilotos y el jefe de la escuder\u00eda. Por supuesto, la estrella en el medio, Max [&hellip;]<\/p>\n","protected":false},"author":1,"featured_media":54051,"comment_status":"closed","ping_status":"closed","sticky":false,"template":"","format":"standard","meta":[],"categories":[10],"tags":[],"_links":{"self":[{"href":"http:\/\/nuevacordoba.net\/index.php\/wp-json\/wp\/v2\/posts\/54050"}],"collection":[{"href":"http:\/\/nuevacordoba.net\/index.php\/wp-json\/wp\/v2\/posts"}],"about":[{"href":"http:\/\/nuevacordoba.net\/index.php\/wp-json\/wp\/v2\/types\/post"}],"author":[{"embeddable":true,"href":"http:\/\/nuevacordoba.net\/index.php\/wp-json\/wp\/v2\/users\/1"}],"replies":[{"embeddable":true,"href":"http:\/\/nuevacordoba.net\/index.php\/wp-json\/wp\/v2\/comments?post=54050"}],"version-history":[{"count":0,"href":"http:\/\/nuevacordoba.net\/index.php\/wp-json\/wp\/v2\/posts\/54050\/revisions"}],"wp:featuredmedia":[{"embeddable":true,"href":"http:\/\/nuevacordoba.net\/index.php\/wp-json\/wp\/v2\/media\/54051"}],"wp:attachment":[{"href":"http:\/\/nuevacordoba.net\/index.php\/wp-json\/wp\/v2\/media?parent=54050"}],"wp:term":[{"taxonomy":"category","embeddable":true,"href":"http:\/\/nuevacordoba.net\/index.php\/wp-json\/wp\/v2\/categories?post=54050"},{"taxonomy":"post_tag","embeddable":true,"href":"http:\/\/nuevacordoba.net\/index.php\/wp-json\/wp\/v2\/tags?post=54050"}],"curies":[{"name":"wp","href":"https:\/\/api.w.org\/{rel}","templated":true}]}}