{"id":54128,"date":"2025-02-20T22:23:35","date_gmt":"2025-02-20T22:23:35","guid":{"rendered":"https:\/\/cordoba.gob.ar\/?p=74691"},"modified":"2025-02-20T22:23:35","modified_gmt":"2025-02-20T22:23:35","slug":"carnavales-barriales-2025-de-viernes-a-domingo-un-fin-de-semana-a-puro-ritmo","status":"publish","type":"post","link":"http:\/\/nuevacordoba.net\/index.php\/2025\/02\/20\/carnavales-barriales-2025-de-viernes-a-domingo-un-fin-de-semana-a-puro-ritmo\/","title":{"rendered":"Carnavales Barriales 2025: de viernes a domingo, un fin de semana a puro ritmo"},"content":{"rendered":"<div><img src=\"http:\/\/nuevacordoba.net\/wp-content\/uploads\/2025\/02\/carnavales-barriales-2025-de-viernes-a-domingo-un-fin-de-semana-a-puro-ritmo.jpg\" class=\"ff-og-image-inserted\"><\/div>\n<ul>\n<li data-prosemirror-content-type=\"node\" data-prosemirror-node-name=\"paragraph\" data-prosemirror-node-block=\"true\"><strong><strong>Habr\u00e1 presentaciones de murgas, comparsas y batucadas en Arg\u00fcello Lourdes, Granadero Pringles, Cerveceros, Yapey\u00fa, Observatorio, Alto Alberdi y Ameghino Norte.<\/strong><\/strong><br \/>\n<hr>\n<\/li>\n<\/ul>\n<p data-prosemirror-content-type=\"node\" data-prosemirror-node-name=\"paragraph\" data-prosemirror-node-block=\"true\">La Municipalidad de C\u00f3rdoba invita a disfrutar del tercer fin de semana de festividad popular, en el marco de la edici\u00f3n 2025 de los Carnavales Barriales, a puro ritmo con murgas, batucadas y comparsas que dan color e identidad a la ciudad.<\/p>\n<p data-prosemirror-content-type=\"node\" data-prosemirror-node-name=\"paragraph\" data-prosemirror-node-block=\"true\">En la primera jornada de viernes, a partir de las 18:00 recibe los festejos el barrio Arg\u00fcello Lourdes. Ser\u00e1 sobre las calles Cabalen esq. Manuel Calvi\u00f1o, con la presentaci\u00f3n del \u201cCarnaval Retumba Arg\u00fcello\u201d, organizado por la Mesa de Carnaval Retumba Arg\u00fcello.<\/p>\n<p data-prosemirror-content-type=\"node\" data-prosemirror-node-name=\"paragraph\" data-prosemirror-node-block=\"true\">El s\u00e1bado 22, tendr\u00e1n festejos de carnavales los barrios Granadero Pringles, Cerveceros, y Yapey\u00fa.<\/p>\n<p data-prosemirror-content-type=\"node\" data-prosemirror-node-name=\"paragraph\" data-prosemirror-node-block=\"true\">Sobre la calle Bernis 3300, en barrio Granadero Pringles, desfilar\u00e1 la 4\u00b0 Edici\u00f3n Corso Inclusivo Granadero Pringles. Organiza: Fundaci\u00f3n Compromiso por la Justicia Social, Polideportivo Social Granadero Pringles.<\/p>\n<p data-prosemirror-content-type=\"node\" data-prosemirror-node-name=\"paragraph\" data-prosemirror-node-block=\"true\">En barrio Cerveceros, de 18 a 22.00 sobre Av. Celso Barrios del 2800 al 3000, se disfrutar\u00e1 del Carnaval \u201cCoco la Catrina\u201d. Organiza: Centros vecinales de Cerveceros, Obras Sanitarias, San Carlos de Horizonte, Ampliaci\u00f3n San Pablo, Docente y Jardines del Sur.<\/p>\n<p data-prosemirror-content-type=\"node\" data-prosemirror-node-name=\"paragraph\" data-prosemirror-node-block=\"true\">Y en el mismo horario, llega el carnaval a barrio Yapey\u00fa, con la alegr\u00eda del Corso Inquieto Poderoso. Organiza: Asamblea de vecinos del Espacio Cultural \u201cLa Choza Poderosa\u201d.<\/p>\n<p data-prosemirror-content-type=\"node\" data-prosemirror-node-name=\"paragraph\" data-prosemirror-node-block=\"true\">Por su parte, el domingo 23, de 18:00 a 22:00 tambi\u00e9n habr\u00e1 carnaval en los barrios Observatorio, Alto Alberdi y Ameghino Norte.<\/p>\n<p data-prosemirror-content-type=\"node\" data-prosemirror-node-name=\"paragraph\" data-prosemirror-node-block=\"true\">En barrio Observatorio, sobre calle Mariano Moreno entre Pueyrred\u00f3n y Ach\u00e1val Rodr\u00edguez, se llevar\u00e1 a cabo el Carnaval con el Corso Popular de del barrio y barrios Aleda\u00f1os. Organiza: Murga Los Infernales. Centro Cultural Los Infernales. Instituciones como: Centro Vecinal de Barrio Observatorio. Barrio Adentro. Redes Territoriales: Mesa de trabajo de G\u00fcemes, Observatorio y Cupani.<\/p>\n<p data-prosemirror-content-type=\"node\" data-prosemirror-node-name=\"paragraph\" data-prosemirror-node-block=\"true\">Tambi\u00e9n en el tradicional barrio de Alto Alberdi, sobre las calles Juan Cafferata esquina Humberto Primo, desfilar\u00e1 el carnaval, \u201cCarnavales improvisados.\u201d. &nbsp;Organiza: \u201cLa Chochi y La Improvisada\u201d.<\/p>\n<p data-prosemirror-content-type=\"node\" data-prosemirror-node-name=\"paragraph\" data-prosemirror-node-block=\"true\">Y en el mismo horario, sobre la calle Graham Bell al 1700, de barrio Ameghino Norte, se presenta el Carnaval en Ameghino. Organiza: Comparsa Los Halcones.<\/p>\n","protected":false},"excerpt":{"rendered":"<p>Habr\u00e1 presentaciones de murgas, comparsas y batucadas en Arg\u00fcello Lourdes, Granadero Pringles, Cerveceros, Yapey\u00fa, Observatorio, Alto Alberdi y Ameghino Norte. La Municipalidad de C\u00f3rdoba invita a disfrutar del tercer fin de semana de festividad popular, en el marco de la edici\u00f3n 2025 de los Carnavales Barriales, a puro ritmo con murgas, batucadas y comparsas que [&hellip;]<\/p>\n","protected":false},"author":1,"featured_media":54129,"comment_status":"closed","ping_status":"closed","sticky":false,"template":"","format":"standard","meta":[],"categories":[14],"tags":[],"_links":{"self":[{"href":"http:\/\/nuevacordoba.net\/index.php\/wp-json\/wp\/v2\/posts\/54128"}],"collection":[{"href":"http:\/\/nuevacordoba.net\/index.php\/wp-json\/wp\/v2\/posts"}],"about":[{"href":"http:\/\/nuevacordoba.net\/index.php\/wp-json\/wp\/v2\/types\/post"}],"author":[{"embeddable":true,"href":"http:\/\/nuevacordoba.net\/index.php\/wp-json\/wp\/v2\/users\/1"}],"replies":[{"embeddable":true,"href":"http:\/\/nuevacordoba.net\/index.php\/wp-json\/wp\/v2\/comments?post=54128"}],"version-history":[{"count":0,"href":"http:\/\/nuevacordoba.net\/index.php\/wp-json\/wp\/v2\/posts\/54128\/revisions"}],"wp:featuredmedia":[{"embeddable":true,"href":"http:\/\/nuevacordoba.net\/index.php\/wp-json\/wp\/v2\/media\/54129"}],"wp:attachment":[{"href":"http:\/\/nuevacordoba.net\/index.php\/wp-json\/wp\/v2\/media?parent=54128"}],"wp:term":[{"taxonomy":"category","embeddable":true,"href":"http:\/\/nuevacordoba.net\/index.php\/wp-json\/wp\/v2\/categories?post=54128"},{"taxonomy":"post_tag","embeddable":true,"href":"http:\/\/nuevacordoba.net\/index.php\/wp-json\/wp\/v2\/tags?post=54128"}],"curies":[{"name":"wp","href":"https:\/\/api.w.org\/{rel}","templated":true}]}}