{"id":54152,"date":"2025-02-21T18:14:39","date_gmt":"2025-02-21T18:14:39","guid":{"rendered":"https:\/\/www.ole.com.ar\/autos\/tn-parana-hora-ver-tv-primera-carrera-turismo-nacional_0_nlsSpmoI1R.html"},"modified":"2025-02-21T18:14:39","modified_gmt":"2025-02-21T18:14:39","slug":"tn-en-parana-a-que-hora-es-y-como-ver-por-tv-la-primera-carrera-del-turismo-nacional","status":"publish","type":"post","link":"http:\/\/nuevacordoba.net\/index.php\/2025\/02\/21\/tn-en-parana-a-que-hora-es-y-como-ver-por-tv-la-primera-carrera-del-turismo-nacional\/","title":{"rendered":"TN en Paran\u00e1: a qu\u00e9 hora es y c\u00f3mo ver por TV la primera carrera del Turismo Nacional"},"content":{"rendered":"<p><time class=\"createDate\" datetime=\"2025-02-21T15:14:39-03:00\">21\/02\/2025 15:14hs.<\/time><\/p>\n<div id=\"storyBody\">\n<div class=\"custom-text \" readability=\"42\">\n<p>Se termin\u00f3 la espera para los amantes del chapa-chapa. Hace una semana, el ruido lo puso el Turismo Carretera. <strong>Este finde, en Paran\u00e1, lo har\u00e1 el TN<\/strong>, que comparte varias figuras con la m\u00e1xima divisional argentina (entre los m\u00e1s destacados, Mariano Werner y Jonatan Castellano, que viene de ganar en el debut tece\u00edsta). Enterate <strong>a qu\u00e9 hora<\/strong> se van a disputar los entrenamientos, la clasificaci\u00f3n y la carrera y <strong>c\u00f3mo se va a poder ver por TV<\/strong>.<\/p>\n<\/div>\n<div class=\"custom-text \" readability=\"40\">\n<p>En suelo entrerriano, donde la acci\u00f3n est\u00e1 garantizada (tiene como insignia su primera curva peraltada),<strong> la Clase 3 -la principal- comenzar\u00e1 a girar el s\u00e1bado. <\/strong>El s\u00e1bado, entre las 9.30 y las 16.10, se disputar\u00e1n los dos libres y la clasificaci\u00f3n, en tanto que el domingo estar\u00e1 reservado para las series y la final. <strong>La transmisi\u00f3n correr\u00e1 a cuenta de TV P\u00fablica.<\/strong><\/p>\n<\/div>\n<div class=\"sc-e7b891c4-0 ifHnQL image-embed\"><img alt=\"Mariano Werner ya est\u00e1 en Paran\u00e1 para el debut del Turismo Nacional. (Prensa TN \/ @agenciava)\" loading=\"lazy\" width=\"720\" height=\"100\" decoding=\"async\" data-nimg=\"1\" src=\"http:\/\/nuevacordoba.net\/wp-content\/uploads\/2025\/02\/tn-en-parana-a-que-hora-es-y-como-ver-por-tv-la-primera-carrera-del-turismo-nacional.jpg\"><span class=\"epigraphe\">Mariano Werner ya est\u00e1 en Paran\u00e1 para el debut del Turismo Nacional. (Prensa TN \/ @agenciava)<\/span><\/div>\n<p><h2><strong>Horarios y d\u00f3nde ver la primera fecha del TN en Paran\u00e1<\/strong><\/h2>\n<\/p>\n<p><h3><strong>S\u00e1bado (Clase 3)<\/strong><\/h3>\n<\/p>\n<div class=\"custom-text \">\n<ul>\n<li>9.30 | Primer entrenamiento<\/li>\n<li>12.00 | Segundo entrenamiento<\/li>\n<li>16.10 | Clasificaci\u00f3n<\/li>\n<\/ul>\n<\/div>\n<p><h3><strong>Domingo (Clase 3)<\/strong><\/h3>\n<\/p>\n<div class=\"custom-text \">\n<ul>\n<li>10.10 | Series, a cinco vueltas cada una<\/li>\n<li>13.33 | Final, a 18 vueltas (o 40 minutos)<\/li>\n<\/ul>\n<\/div>\n<p><h3><strong>Toda la actividad ser\u00e1 transmitida por la pantalla de TV P\u00fablica<\/strong><\/h3>\n<\/p>\n<div class=\"sc-e7b891c4-0 ifHnQL image-embed\"><img alt=\"El Turismo Nacional pondr\u00e1 primera en Entre R\u00edos. (Prensa TN \/ @agenciava)\" loading=\"lazy\" width=\"720\" height=\"100\" decoding=\"async\" data-nimg=\"1\" src=\"http:\/\/nuevacordoba.net\/wp-content\/uploads\/2025\/02\/tn-en-parana-a-que-hora-es-y-como-ver-por-tv-la-primera-carrera-del-turismo-nacional-1.jpg\"><span class=\"epigraphe\">El Turismo Nacional pondr\u00e1 primera en Entre R\u00edos. (Prensa TN \/ @agenciava)<\/span><\/div>\n<div class=\"sc-a7166897-0 eoLsBE\" readability=\"6\">\n<section readability=\"2\"><picture><img alt=\"\u00bfJack Doohan est\u00e1 afectado por la rivalidad con Franco Colapinto?\" loading=\"lazy\" width=\"290\" height=\"290\" decoding=\"async\" data-nimg=\"1\" src=\"http:\/\/nuevacordoba.net\/wp-content\/uploads\/2025\/02\/tn-en-parana-a-que-hora-es-y-como-ver-por-tv-la-primera-carrera-del-turismo-nacional-2.jpg\"><\/picture>\n<p><span>Mir\u00e1 tambi\u00e9n<\/span><\/p>\n<hr>\n<h3>\u00bfJack Doohan est\u00e1 afectado por la rivalidad con Franco Colapinto?<\/h3>\n<\/p>\n<\/section>\n<\/div>\n<div class=\"sc-a7166897-0 eoLsBE\" readability=\"6\">\n<section readability=\"2\"><picture><img alt=\"El ilusionante mensaje de Briatore sobre el futuro de Colapinto en la F1\" loading=\"lazy\" width=\"290\" height=\"290\" decoding=\"async\" data-nimg=\"1\" src=\"http:\/\/nuevacordoba.net\/wp-content\/uploads\/2025\/02\/tn-en-parana-a-que-hora-es-y-como-ver-por-tv-la-primera-carrera-del-turismo-nacional-3.jpg\"><\/picture>\n<p><span>Mir\u00e1 tambi\u00e9n<\/span><\/p>\n<hr>\n<h3>El ilusionante mensaje de Briatore sobre el futuro de Colapinto en la F1<\/h3>\n<\/p>\n<\/section>\n<\/div>\n<div class=\"sc-a7166897-0 eoLsBE\" readability=\"6.5\">\n<section readability=\"3\"><picture><img alt=\"La Exhibici\u00f3n de la F\u00f3rmula 1 por dentro: de qu\u00e9 trata y qu\u00e9 se ver\u00e1 en Buenos Aires\" loading=\"lazy\" width=\"290\" height=\"290\" decoding=\"async\" data-nimg=\"1\" src=\"http:\/\/nuevacordoba.net\/wp-content\/uploads\/2025\/02\/tn-en-parana-a-que-hora-es-y-como-ver-por-tv-la-primera-carrera-del-turismo-nacional-4.jpg\"><\/picture>\n<p><span>Mir\u00e1 tambi\u00e9n<\/span><\/p>\n<hr>\n<h3>La Exhibici\u00f3n de la F\u00f3rmula 1 por dentro: de qu\u00e9 trata y qu\u00e9 se ver\u00e1 en Buenos Aires<\/h3>\n<\/p>\n<\/section>\n<\/div>\n<div class=\"sc-a7166897-0 eoLsBE\" readability=\"6.5\">\n<section readability=\"3\"><picture><img alt=\"Con un argentino, la FIA eligi\u00f3 a los mejores 14 pilotos de la historia de la F1\" loading=\"lazy\" width=\"290\" height=\"290\" decoding=\"async\" data-nimg=\"1\" src=\"http:\/\/nuevacordoba.net\/wp-content\/uploads\/2025\/02\/tn-en-parana-a-que-hora-es-y-como-ver-por-tv-la-primera-carrera-del-turismo-nacional-5.jpg\"><\/picture>\n<p><span>Mir\u00e1 tambi\u00e9n<\/span><\/p>\n<hr>\n<h3>Con un argentino, la FIA eligi\u00f3 a los mejores 14 pilotos de la historia de la F1<\/h3>\n<\/p>\n<\/section>\n<\/div>\n<\/div>\n","protected":false},"excerpt":{"rendered":"<p>21\/02\/2025 15:14hs. Se termin\u00f3 la espera para los amantes del chapa-chapa. Hace una semana, el ruido lo puso el Turismo Carretera. Este finde, en Paran\u00e1, lo har\u00e1 el TN, que comparte varias figuras con la m\u00e1xima divisional argentina (entre los m\u00e1s destacados, Mariano Werner y Jonatan Castellano, que viene de ganar en el debut tece\u00edsta). [&hellip;]<\/p>\n","protected":false},"author":1,"featured_media":54153,"comment_status":"closed","ping_status":"closed","sticky":false,"template":"","format":"standard","meta":[],"categories":[10],"tags":[],"_links":{"self":[{"href":"http:\/\/nuevacordoba.net\/index.php\/wp-json\/wp\/v2\/posts\/54152"}],"collection":[{"href":"http:\/\/nuevacordoba.net\/index.php\/wp-json\/wp\/v2\/posts"}],"about":[{"href":"http:\/\/nuevacordoba.net\/index.php\/wp-json\/wp\/v2\/types\/post"}],"author":[{"embeddable":true,"href":"http:\/\/nuevacordoba.net\/index.php\/wp-json\/wp\/v2\/users\/1"}],"replies":[{"embeddable":true,"href":"http:\/\/nuevacordoba.net\/index.php\/wp-json\/wp\/v2\/comments?post=54152"}],"version-history":[{"count":0,"href":"http:\/\/nuevacordoba.net\/index.php\/wp-json\/wp\/v2\/posts\/54152\/revisions"}],"wp:featuredmedia":[{"embeddable":true,"href":"http:\/\/nuevacordoba.net\/index.php\/wp-json\/wp\/v2\/media\/54153"}],"wp:attachment":[{"href":"http:\/\/nuevacordoba.net\/index.php\/wp-json\/wp\/v2\/media?parent=54152"}],"wp:term":[{"taxonomy":"category","embeddable":true,"href":"http:\/\/nuevacordoba.net\/index.php\/wp-json\/wp\/v2\/categories?post=54152"},{"taxonomy":"post_tag","embeddable":true,"href":"http:\/\/nuevacordoba.net\/index.php\/wp-json\/wp\/v2\/tags?post=54152"}],"curies":[{"name":"wp","href":"https:\/\/api.w.org\/{rel}","templated":true}]}}