{"id":54162,"date":"2025-02-21T15:48:19","date_gmt":"2025-02-21T15:48:19","guid":{"rendered":"http:\/\/cordobanewsnet.wordpress.com\/?p=12468"},"modified":"2025-02-21T15:48:19","modified_gmt":"2025-02-21T15:48:19","slug":"picada-fatal-familiares-apuntan-contra-la-policia-y-aseguran-que-hay-mas-involucrados","status":"publish","type":"post","link":"http:\/\/nuevacordoba.net\/index.php\/2025\/02\/21\/picada-fatal-familiares-apuntan-contra-la-policia-y-aseguran-que-hay-mas-involucrados\/","title":{"rendered":"Picada fatal: familiares apuntan contra la polic\u00eda y aseguran que hay m\u00e1s involucrados"},"content":{"rendered":"<p>La t\u00eda de Enzo Pfister dio m\u00e1s detalles del siniestro que conmocion\u00f3 a la provincia.<\/p>\n<p>La muerte de Fabi\u00e1n Facundo Donat (19) en una picada en la zona del Aeropuerto de C\u00f3rdoba conmocion\u00f3 a toda la provincia.<\/p>\n<p>La t\u00eda de Joel Enzo Pfister (25), uno de los detenidos, asegur\u00f3 en Telefe C\u00f3rdoba que \u00e9l no estaba participando de la picada y que hay m\u00e1s involucrados que no fueron detenidos.<\/p>\n<p>Adem\u00e1s, explic\u00f3 que su sobrino estuvo internado con amnesia y el jueves por la tarde le dieron el alta y lo detuvieron.<\/p>\n<p>\u201cMe lo llevan en menos de 12 horas. Una psic\u00f3loga me dijo que tiene una laguna, \u00e9l no recuerda nada. Nos parece un poco abrupta su detenci\u00f3n, no est\u00e1 en condiciones\u201d.<\/p>\n<p>En tanto, reconoci\u00f3 que la Polic\u00eda pas\u00f3 por la zona donde se realizaban las carreras clandestinas, pero no hizo nada para evitar que sucedieran.<\/p>\n<p>\u201cSab\u00edan que estaban corriendo picadas a esa hora. Pas\u00f3 un patrullero con la sirena y los vecinos denunciaron, pero hicieron o\u00eddos sordos\u201d, apunt\u00f3.<\/p>\n<figure class=\"wp-block-image size-large\"><img loading=\"lazy\" data-attachment-id=\"12469\" data-permalink=\"https:\/\/cordobanewsnet.wordpress.com\/2025\/02\/21\/picada-fatal-familiares-apuntan-contra-la-policia-y-aseguran-que-hay-mas-involucrados\/image-625\/\" data-orig-file=\"http:\/\/nuevacordoba.net\/wp-content\/uploads\/2025\/02\/picada-fatal-familiares-apuntan-contra-la-policia-y-aseguran-que-hay-mas-involucrados.png\" data-orig-size=\"929,523\" data-comments-opened=\"1\" data-image-meta=\"{&quot;aperture&quot;:&quot;0&quot;,&quot;credit&quot;:&quot;&quot;,&quot;camera&quot;:&quot;&quot;,&quot;caption&quot;:&quot;&quot;,&quot;created_timestamp&quot;:&quot;0&quot;,&quot;copyright&quot;:&quot;&quot;,&quot;focal_length&quot;:&quot;0&quot;,&quot;iso&quot;:&quot;0&quot;,&quot;shutter_speed&quot;:&quot;0&quot;,&quot;title&quot;:&quot;&quot;,&quot;orientation&quot;:&quot;0&quot;}\" data-image-title=\"image\" data-image-description data-image-caption data-medium-file=\"http:\/\/nuevacordoba.net\/wp-content\/uploads\/2025\/02\/picada-fatal-familiares-apuntan-contra-la-policia-y-aseguran-que-hay-mas-involucrados.png?w=300\" data-large-file=\"http:\/\/nuevacordoba.net\/wp-content\/uploads\/2025\/02\/picada-fatal-familiares-apuntan-contra-la-policia-y-aseguran-que-hay-mas-involucrados.png?w=736\" width=\"929\" height=\"523\" src=\"http:\/\/nuevacordoba.net\/wp-content\/uploads\/2025\/02\/picada-fatal-familiares-apuntan-contra-la-policia-y-aseguran-que-hay-mas-involucrados.png\" alt class=\"wp-image-12469\" srcset=\"http:\/\/nuevacordoba.net\/wp-content\/uploads\/2025\/02\/picada-fatal-familiares-apuntan-contra-la-policia-y-aseguran-que-hay-mas-involucrados.png 929w, http:\/\/nuevacordoba.net\/wp-content\/uploads\/2025\/02\/picada-fatal-familiares-apuntan-contra-la-policia-y-aseguran-que-hay-mas-involucrados.png?w=150 150w, http:\/\/nuevacordoba.net\/wp-content\/uploads\/2025\/02\/picada-fatal-familiares-apuntan-contra-la-policia-y-aseguran-que-hay-mas-involucrados.png?w=300 300w, http:\/\/nuevacordoba.net\/wp-content\/uploads\/2025\/02\/picada-fatal-familiares-apuntan-contra-la-policia-y-aseguran-que-hay-mas-involucrados.png?w=768 768w\" sizes=\"(max-width: 929px) 100vw, 929px\"><\/figure>\n<p>Fuente : Telefe C\u00f3rdoba Argentina<\/p>\n<p><span id=\"wordads-inline-marker\"><\/span> <\/p>\n<div id=\"jp-post-flair\" class=\"sharedaddy sd-like-enabled sd-sharing-enabled\">\n<div class=\"sharedaddy sd-sharing-enabled\">\n<div class=\"robots-nocontent sd-block sd-social sd-social-icon-text sd-sharing\">\n<h3 class=\"sd-title\">Comparte esto:<\/h3>\n<\/div>\n<\/div>\n<div class=\"sharedaddy sd-block sd-like jetpack-likes-widget-wrapper jetpack-likes-widget-unloaded\" id=\"like-post-wrapper-143108178-12468-67b93c7c83b68\" data-src=\"\/\/widgets.wp.com\/likes\/index.html?ver=20250222#blog_id=143108178&amp;post_id=12468&amp;origin=cordobanewsnet.wordpress.com&amp;obj_id=143108178-12468-67b93c7c83b68\" data-name=\"like-post-frame-143108178-12468-67b93c7c83b68\" data-title=\"Me gusta o Compartir\">\n<p><span class=\"button\"><span>Me gusta<\/span><\/span> <span class=\"loading\">Cargando&#8230;<\/span><\/p>\n<p><span class=\"sd-text-color\"><\/span><\/div>\n<p><h3 class=\"jp-relatedposts-headline\"><em>Relacionado<\/em><\/h3>\n<\/p>\n<\/div>\n","protected":false},"excerpt":{"rendered":"<p>La t\u00eda de Enzo Pfister dio m\u00e1s detalles del siniestro que conmocion\u00f3 a la provincia. La muerte de Fabi\u00e1n Facundo Donat (19) en una picada en la zona del Aeropuerto de C\u00f3rdoba conmocion\u00f3 a toda la provincia. La t\u00eda de Joel Enzo Pfister (25), uno de los detenidos, asegur\u00f3 en Telefe C\u00f3rdoba que \u00e9l no [&hellip;]<\/p>\n","protected":false},"author":1,"featured_media":54163,"comment_status":"closed","ping_status":"closed","sticky":false,"template":"","format":"standard","meta":[],"categories":[14],"tags":[],"_links":{"self":[{"href":"http:\/\/nuevacordoba.net\/index.php\/wp-json\/wp\/v2\/posts\/54162"}],"collection":[{"href":"http:\/\/nuevacordoba.net\/index.php\/wp-json\/wp\/v2\/posts"}],"about":[{"href":"http:\/\/nuevacordoba.net\/index.php\/wp-json\/wp\/v2\/types\/post"}],"author":[{"embeddable":true,"href":"http:\/\/nuevacordoba.net\/index.php\/wp-json\/wp\/v2\/users\/1"}],"replies":[{"embeddable":true,"href":"http:\/\/nuevacordoba.net\/index.php\/wp-json\/wp\/v2\/comments?post=54162"}],"version-history":[{"count":0,"href":"http:\/\/nuevacordoba.net\/index.php\/wp-json\/wp\/v2\/posts\/54162\/revisions"}],"wp:featuredmedia":[{"embeddable":true,"href":"http:\/\/nuevacordoba.net\/index.php\/wp-json\/wp\/v2\/media\/54163"}],"wp:attachment":[{"href":"http:\/\/nuevacordoba.net\/index.php\/wp-json\/wp\/v2\/media?parent=54162"}],"wp:term":[{"taxonomy":"category","embeddable":true,"href":"http:\/\/nuevacordoba.net\/index.php\/wp-json\/wp\/v2\/categories?post=54162"},{"taxonomy":"post_tag","embeddable":true,"href":"http:\/\/nuevacordoba.net\/index.php\/wp-json\/wp\/v2\/tags?post=54162"}],"curies":[{"name":"wp","href":"https:\/\/api.w.org\/{rel}","templated":true}]}}