{"id":54211,"date":"2025-02-21T03:03:49","date_gmt":"2025-02-21T03:03:49","guid":{"rendered":"https:\/\/puntoapunto.com.ar\/?p=370318"},"modified":"2025-02-21T03:03:49","modified_gmt":"2025-02-21T03:03:49","slug":"el-escandalo-de-libra-sacude-la-imagen-de-milei-que-dicen-los-argentinos","status":"publish","type":"post","link":"http:\/\/nuevacordoba.net\/index.php\/2025\/02\/21\/el-escandalo-de-libra-sacude-la-imagen-de-milei-que-dicen-los-argentinos\/","title":{"rendered":"El esc\u00e1ndalo de $LIBRA sacude la imagen de Milei: \u00bfqu\u00e9 dicen los argentinos?"},"content":{"rendered":"<p data-start=\"227\" data-end=\"747\">Una <a href=\"https:\/\/cbconsultoraop.com\/encuesta-nacional-ad-hoc-j-milei-y-polemica-libra-1125-casos-febrero-2025\/\">encuesta nacional realizada por CB Consultora<\/a> Opini\u00f3n P\u00fablica revel\u00f3 que <strong>el 83,9% de los argentinos est\u00e1 al tanto del esc\u00e1ndalo que involucra al presidente Javier Milei con la criptomoneda $LIBRA.<\/strong> El estudio, basado en 1.125 casos y con un margen de error de +\/- 2,9%, analiz\u00f3 la<strong> percepci\u00f3n de la sociedad sobre la responsabilidad en el caso, la necesidad de una investigaci\u00f3n judicial y el posible impacto en la imagen del mandatario,<\/strong> tanto a nivel nacional como internacional.<!-- \u00a1O bien no hay banners, estan desactivados o no estan programados para esta ubicaci\u00f3n! -->\n<\/p>\n<p data-start=\"749\" data-end=\"824\"><strong data-start=\"752\" data-end=\"822\">Responsabilidad: \u00bfMilei, los inversores o los creadores de $LIBRA?<\/strong>\n<\/p>\n<p data-start=\"826\" data-end=\"1093\">Uno de los principales ejes del estudio fue determinar a qui\u00e9n atribuye la sociedad la responsabilidad por las p\u00e9rdidas sufridas por los inversores en <a href=\"https:\/\/puntoapunto.com.ar\/milei-y-el-escandalo-libra-un-golpe-a-su-imagen-pero-con-una-base-de-apoyo-firme\/\">$LIBRA<\/a>. Los resultados muestran una distribuci\u00f3n de opiniones marcada por la afinidad pol\u00edtica de los encuestados:\n<\/p>\n<ul data-start=\"1095\" data-end=\"1572\">\n<li data-start=\"1095\" data-end=\"1260\"><strong data-start=\"1097\" data-end=\"1173\">37,9% cree que la responsabilidad principal recae en el presidente Milei<\/strong>, cifra que se eleva al 70,1% entre los votantes de Sergio Massa en el balotaje 2023.<\/li>\n<li data-start=\"1261\" data-end=\"1403\"><strong data-start=\"1263\" data-end=\"1363\">35% considera que los propios inversores son responsables por no haber investigado adecuadamente<\/strong> antes de apostar por la criptomoneda.<\/li>\n<li data-start=\"1404\" data-end=\"1535\"><strong data-start=\"1406\" data-end=\"1456\">22,8% responsabiliza a los creadores de $LIBRA<\/strong>, argumentando que el dise\u00f1o y promoci\u00f3n del activo digital fueron enga\u00f1osos.<\/li>\n<li data-start=\"1536\" data-end=\"1572\">Un 4,4% mencion\u00f3 otras opciones.<\/li>\n<\/ul>\n<p><img decoding=\"async\" class=\"aligncenter size-full wp-image-370319\" src=\"http:\/\/nuevacordoba.net\/wp-content\/uploads\/2025\/02\/el-escandalo-de-libra-sacude-la-imagen-de-milei-que-dicen-los-argentinos-1.jpg\" alt width=\"837\" height=\"453\" srcset=\"http:\/\/nuevacordoba.net\/wp-content\/uploads\/2025\/02\/el-escandalo-de-libra-sacude-la-imagen-de-milei-que-dicen-los-argentinos-1.jpg 837w, http:\/\/nuevacordoba.net\/wp-content\/uploads\/2025\/02\/el-escandalo-de-libra-sacude-la-imagen-de-milei-que-dicen-los-argentinos-3.jpg 300w, http:\/\/nuevacordoba.net\/wp-content\/uploads\/2025\/02\/el-escandalo-de-libra-sacude-la-imagen-de-milei-que-dicen-los-argentinos-4.jpg 768w, http:\/\/nuevacordoba.net\/wp-content\/uploads\/2025\/02\/el-escandalo-de-libra-sacude-la-imagen-de-milei-que-dicen-los-argentinos-5.jpg 750w\" sizes=\"(max-width: 837px) 100vw, 837px\" loading=\"lazy\">\n<\/p>\n<p data-start=\"1574\" data-end=\"1634\"><strong data-start=\"1577\" data-end=\"1632\">\u00bfMilei promovi\u00f3 $LIBRA a conciencia o fue un error?<\/strong><!-- \u00a1O bien no hay banners, estan desactivados o no estan programados para esta ubicaci\u00f3n! -->\n<\/p>\n<p data-start=\"1636\" data-end=\"1909\">Otro aspecto clave del estudio fue la percepci\u00f3n sobre el rol del presidente en la difusi\u00f3n de la criptomoneda. El 49,1% de los encuestados cree que Milei promovi\u00f3 $LIBRA de manera <strong data-start=\"1817\" data-end=\"1831\">deliberada<\/strong>, mientras que un 39,5% considera que se trat\u00f3 de un <strong data-start=\"1884\" data-end=\"1906\">error involuntario<\/strong>.<\/p>\n<p data-start=\"1911\" data-end=\"1999\">Al segmentar los datos seg\u00fan el voto en el balotaje 2023, la polarizaci\u00f3n es evidente:\n<\/p>\n<ul data-start=\"2000\" data-end=\"2170\">\n<li data-start=\"2000\" data-end=\"2088\"><strong data-start=\"2002\" data-end=\"2086\">El 68,7% de quienes votaron a Milei creen que se trat\u00f3 de un error involuntario.<\/strong><\/li>\n<li data-start=\"2089\" data-end=\"2170\"><strong data-start=\"2091\" data-end=\"2168\">El 89,9% de los votantes de Massa sostiene que fue una acci\u00f3n deliberada.<\/strong><\/li>\n<\/ul>\n<p data-start=\"2172\" data-end=\"2269\">Un 11,4% de los encuestados respondi\u00f3 que no sabe o no tiene una opini\u00f3n formada sobre el tema.\n<\/p>\n<p data-start=\"2271\" data-end=\"2323\"><strong data-start=\"2274\" data-end=\"2321\">Investigaci\u00f3n judicial y confianza en Milei<\/strong>\n<\/p>\n<p data-start=\"2325\" data-end=\"2641\">La encuesta tambi\u00e9n indag\u00f3 sobre la posibilidad de una investigaci\u00f3n judicial. El <strong data-start=\"2407\" data-end=\"2538\">77,3% de los consultados considera que la Justicia deber\u00eda investigar a fondo la relaci\u00f3n entre Milei y los creadores de $LIBRA<\/strong>, mientras que un <strong data-start=\"2556\" data-end=\"2594\">19,4% se opone a una investigaci\u00f3n<\/strong> y un <strong data-start=\"2600\" data-end=\"2638\">3,3% no tiene una postura definida<\/strong>.\n<\/p>\n<p data-start=\"2643\" data-end=\"2768\">En t\u00e9rminos de impacto pol\u00edtico, el estudio se\u00f1ala que la confianza en el presidente podr\u00eda verse afectada por la pol\u00e9mica:\n<\/p>\n<ul data-start=\"2769\" data-end=\"2991\">\n<li data-start=\"2769\" data-end=\"2825\"><strong data-start=\"2771\" data-end=\"2823\">30,4% cree que su imagen se ver\u00e1 \u00abmuy afectada\u00bb.<\/strong><\/li>\n<li data-start=\"2826\" data-end=\"2886\"><strong data-start=\"2828\" data-end=\"2884\">30,7% considera que \u00abalgo afectar\u00e1\u00bb su credibilidad.<\/strong><\/li>\n<li data-start=\"2887\" data-end=\"2950\"><strong data-start=\"2889\" data-end=\"2948\">33,4% sostiene que la confianza en Milei no disminuir\u00e1.<\/strong><\/li>\n<li data-start=\"2951\" data-end=\"2991\"><strong data-start=\"2953\" data-end=\"2989\">5,6% no sabe o no tiene opini\u00f3n.<\/strong><\/li>\n<\/ul>\n<p data-start=\"2993\" data-end=\"3236\">A nivel internacional, la percepci\u00f3n es similar: el <strong data-start=\"3045\" data-end=\"3144\">63,2% de los encuestados cree que el esc\u00e1ndalo afectar\u00e1 la imagen del presidente en el exterior<\/strong>, con un 34,9% que opina que el da\u00f1o ser\u00e1 significativo y un 28,3% que cree que ser\u00e1 leve.\n<\/p>\n<p data-start=\"2993\" data-end=\"3236\"><img loading=\"lazy\" decoding=\"async\" class=\"aligncenter size-full wp-image-370320\" src=\"http:\/\/nuevacordoba.net\/wp-content\/uploads\/2025\/02\/el-escandalo-de-libra-sacude-la-imagen-de-milei-que-dicen-los-argentinos-2.jpg\" alt width=\"836\" height=\"463\" srcset=\"http:\/\/nuevacordoba.net\/wp-content\/uploads\/2025\/02\/el-escandalo-de-libra-sacude-la-imagen-de-milei-que-dicen-los-argentinos-2.jpg 836w, http:\/\/nuevacordoba.net\/wp-content\/uploads\/2025\/02\/el-escandalo-de-libra-sacude-la-imagen-de-milei-que-dicen-los-argentinos-6.jpg 300w, http:\/\/nuevacordoba.net\/wp-content\/uploads\/2025\/02\/el-escandalo-de-libra-sacude-la-imagen-de-milei-que-dicen-los-argentinos-7.jpg 768w, http:\/\/nuevacordoba.net\/wp-content\/uploads\/2025\/02\/el-escandalo-de-libra-sacude-la-imagen-de-milei-que-dicen-los-argentinos-8.jpg 750w\" sizes=\"auto, (max-width: 836px) 100vw, 836px\">\n<\/p>\n<p data-start=\"3238\" data-end=\"3282\"><strong data-start=\"3241\" data-end=\"3280\">Juicio pol\u00edtico: un debate dividido<\/strong>\n<\/p>\n<p data-start=\"3284\" data-end=\"3390\">Finalmente, el sondeo consult\u00f3 sobre el pedido de juicio pol\u00edtico impulsado por diputados kirchneristas.\n<\/p>\n<ul data-start=\"3391\" data-end=\"3592\">\n<li data-start=\"3391\" data-end=\"3469\"><strong data-start=\"3393\" data-end=\"3448\">33,9% de los encuestados se mostr\u00f3 \u00abmuy de acuerdo\u00bb<\/strong> con la iniciativa.<\/li>\n<li data-start=\"3470\" data-end=\"3516\"><strong data-start=\"3472\" data-end=\"3514\">12,4% expres\u00f3 estar \u00abalgo de acuerdo\u00bb.<\/strong><\/li>\n<li data-start=\"3517\" data-end=\"3560\"><strong data-start=\"3519\" data-end=\"3558\">49,4% dijo estar \u00abnada de acuerdo\u00bb.<\/strong><\/li>\n<li data-start=\"3561\" data-end=\"3592\"><strong data-start=\"3563\" data-end=\"3590\">4,3% no supo responder.<\/strong><\/li>\n<\/ul>\n<p data-start=\"3664\" data-end=\"4040\">El estudio de CB Consultora Opini\u00f3n P\u00fablica deja en evidencia que la pol\u00e9mica en torno a la criptomoneda $LIBRA refuerza la divisi\u00f3n de opiniones en la sociedad argentina. Mientras que <strong>los votantes de Milei tienden a minimizar su responsabilidad en el caso, los opositores lo consideran un esc\u00e1ndalo grave que amerita una investigaci\u00f3n judicial e incluso un juicio pol\u00edtico.<\/strong>\n<\/p>\n<p data-start=\"4042\" data-end=\"4272\">El impacto a largo plazo en la imagen del presidente depender\u00e1 de c\u00f3mo evolucione la situaci\u00f3n y de si la justicia avanza en una causa formal. Por el momento, la controversia sigue ocupando un lugar central en el debate p\u00fablico.\n<\/p>\n<div class=\"g g-38\">\n<div class=\"g-dyn a-12 c-1\"><a class=\"gofollow\" data-track=\"MTIsMzgsMSw2MA==\" href=\"https:\/\/hospitalprivado.com.ar\/blog\/institucional\/somos-la-primera-institucion-del-interior-del-pais-en-acreditar-joint-commission-international.html\" target=\"_blank\" rel=\"noopener\"><img src=\"http:\/\/nuevacordoba.net\/wp-content\/uploads\/2025\/02\/el-escandalo-de-libra-sacude-la-imagen-de-milei-que-dicen-los-argentinos.gif\" loading=\"lazy\"><\/a><\/div>\n<\/div>\n","protected":false},"excerpt":{"rendered":"<p>Una encuesta nacional realizada por CB Consultora Opini\u00f3n P\u00fablica revel\u00f3 que el 83,9% de los argentinos est\u00e1 al tanto del esc\u00e1ndalo que involucra al presidente Javier Milei con la criptomoneda $LIBRA. El estudio, basado en 1.125 casos y con un margen de error de +\/- 2,9%, analiz\u00f3 la percepci\u00f3n de la sociedad sobre la responsabilidad [&hellip;]<\/p>\n","protected":false},"author":1,"featured_media":54212,"comment_status":"open","ping_status":"closed","sticky":false,"template":"","format":"standard","meta":[],"categories":[12,14],"tags":[],"_links":{"self":[{"href":"http:\/\/nuevacordoba.net\/index.php\/wp-json\/wp\/v2\/posts\/54211"}],"collection":[{"href":"http:\/\/nuevacordoba.net\/index.php\/wp-json\/wp\/v2\/posts"}],"about":[{"href":"http:\/\/nuevacordoba.net\/index.php\/wp-json\/wp\/v2\/types\/post"}],"author":[{"embeddable":true,"href":"http:\/\/nuevacordoba.net\/index.php\/wp-json\/wp\/v2\/users\/1"}],"replies":[{"embeddable":true,"href":"http:\/\/nuevacordoba.net\/index.php\/wp-json\/wp\/v2\/comments?post=54211"}],"version-history":[{"count":0,"href":"http:\/\/nuevacordoba.net\/index.php\/wp-json\/wp\/v2\/posts\/54211\/revisions"}],"wp:featuredmedia":[{"embeddable":true,"href":"http:\/\/nuevacordoba.net\/index.php\/wp-json\/wp\/v2\/media\/54212"}],"wp:attachment":[{"href":"http:\/\/nuevacordoba.net\/index.php\/wp-json\/wp\/v2\/media?parent=54211"}],"wp:term":[{"taxonomy":"category","embeddable":true,"href":"http:\/\/nuevacordoba.net\/index.php\/wp-json\/wp\/v2\/categories?post=54211"},{"taxonomy":"post_tag","embeddable":true,"href":"http:\/\/nuevacordoba.net\/index.php\/wp-json\/wp\/v2\/tags?post=54211"}],"curies":[{"name":"wp","href":"https:\/\/api.w.org\/{rel}","templated":true}]}}