{"id":54219,"date":"2025-02-21T03:02:22","date_gmt":"2025-02-21T03:02:22","guid":{"rendered":"https:\/\/puntoapunto.com.ar\/?p=370266"},"modified":"2025-02-21T03:02:22","modified_gmt":"2025-02-21T03:02:22","slug":"en-numeros-los-planes-de-ualabee-en-2025-y-el-foco-en-la-region","status":"publish","type":"post","link":"http:\/\/nuevacordoba.net\/index.php\/2025\/02\/21\/en-numeros-los-planes-de-ualabee-en-2025-y-el-foco-en-la-region\/","title":{"rendered":"En n\u00fameros: los planes de Ualabee en 2025 y el foco en la regi\u00f3n"},"content":{"rendered":"<p>&nbsp;<!-- \u00a1O bien no hay banners, estan desactivados o no estan programados para esta ubicaci\u00f3n! -->\n<\/p>\n<p>&nbsp;\n<\/p>\n<p><strong>Joaqu\u00edn Di Mario, CEO &amp; Cofundador de Ualabee<\/strong> adelant\u00f3 en un reciente posteo cu\u00e1les ser\u00e1n los planes, objetivos y prioridades de la startup cordobesa que se consolid\u00f3 como una de las principales referencias para brindar soluciones de movilidad en la regi\u00f3n.\n<\/p>\n<p>Aqu\u00ed, algunos de esos planes y los n\u00fameros detr\u00e1s de las proyecciones y expectativas de Ualabbe para este a\u00f1o:\n<\/p>\n<p>-Consolidar operaciones en<a href=\"https:\/\/ualabee.com\/gobiernos-y-operadores\/\"> <strong>12 ciudades<\/strong><\/a> de la regi\u00f3n, fortaleciendo presencia en mercados estrat\u00e9gicos y afianzando posici\u00f3n como l\u00edderes en tecnolog\u00eda de movilidad.<!-- \u00a1O bien no hay banners, estan desactivados o no estan programados para esta ubicaci\u00f3n! -->\n<\/p>\n<p><img decoding=\"async\" class=\"aligncenter size-full wp-image-370267\" src=\"http:\/\/nuevacordoba.net\/wp-content\/uploads\/2025\/02\/en-numeros-los-planes-de-ualabee-en-2025-y-el-foco-en-la-region.png\" alt width=\"600\" height=\"400\" srcset=\"http:\/\/nuevacordoba.net\/wp-content\/uploads\/2025\/02\/en-numeros-los-planes-de-ualabee-en-2025-y-el-foco-en-la-region.png 600w, http:\/\/nuevacordoba.net\/wp-content\/uploads\/2025\/02\/en-numeros-los-planes-de-ualabee-en-2025-y-el-foco-en-la-region-1.png 300w\" sizes=\"(max-width: 600px) 100vw, 600px\" loading=\"lazy\"><\/p>\n<p>-Aspiran a alcanzar los <strong>5 millones de usuarios<\/strong> \u00fanicos en la plataforma, conectando m\u00e1s personas con soluciones multimodales que hagan sus desplazamientos m\u00e1s simples y eficientes.\n<\/p>\n<p>-Ampliar su red a m\u00e1s de <strong>1000 operadores<\/strong>, ofreciendo herramientas tecnol\u00f3gicas avanzadas que digitalicen sus operaciones y optimicen la experiencia de los pasajeros.\n<\/p>\n<p>-Estas alianzas les permitir\u00edan superar los <strong>US$ 2 millones de facturaci\u00f3n<\/strong>, con m\u00e1s del 70% de los ingresos provenientes de acuerdos con operadores de transporte p\u00fablico y privado.\n<\/p>\n<p>\u201cAdem\u00e1s, vemos con gran potencial nuestra <strong>expansi\u00f3n hacia Colombia, Ecuador y Centroam\u00e9rica,<\/strong> mercados que consideramos estrat\u00e9gicos para llevar nuestras soluciones y nuestra visi\u00f3n a nuevas audiencias, mientras generamos las relaciones en <a href=\"https:\/\/puntoapunto.com.ar\/ualabee-sale-a-buscar-us-1-millon-para-activar-operaciones-en-chile-y-mexico\/\"><strong>M\u00e9xico<\/strong><\/a> de cara a lo que ser\u00e1 nuestra pr\u00f3xima ronda de inversi\u00f3n.\n<\/p>\n<p><img loading=\"lazy\" decoding=\"async\" class=\"aligncenter size-full wp-image-370270\" src=\"http:\/\/nuevacordoba.net\/wp-content\/uploads\/2025\/02\/en-numeros-los-planes-de-ualabee-en-2025-y-el-foco-en-la-region.jpg\" alt width=\"2560\" height=\"1709\" srcset=\"http:\/\/nuevacordoba.net\/wp-content\/uploads\/2025\/02\/en-numeros-los-planes-de-ualabee-en-2025-y-el-foco-en-la-region.jpg 2560w, http:\/\/nuevacordoba.net\/wp-content\/uploads\/2025\/02\/en-numeros-los-planes-de-ualabee-en-2025-y-el-foco-en-la-region-1.jpg 300w, http:\/\/nuevacordoba.net\/wp-content\/uploads\/2025\/02\/en-numeros-los-planes-de-ualabee-en-2025-y-el-foco-en-la-region-2.jpg 1024w, http:\/\/nuevacordoba.net\/wp-content\/uploads\/2025\/02\/en-numeros-los-planes-de-ualabee-en-2025-y-el-foco-en-la-region-3.jpg 768w, http:\/\/nuevacordoba.net\/wp-content\/uploads\/2025\/02\/en-numeros-los-planes-de-ualabee-en-2025-y-el-foco-en-la-region-4.jpg 1536w, http:\/\/nuevacordoba.net\/wp-content\/uploads\/2025\/02\/en-numeros-los-planes-de-ualabee-en-2025-y-el-foco-en-la-region-5.jpg 2048w, http:\/\/nuevacordoba.net\/wp-content\/uploads\/2025\/02\/en-numeros-los-planes-de-ualabee-en-2025-y-el-foco-en-la-region-6.jpg 750w, http:\/\/nuevacordoba.net\/wp-content\/uploads\/2025\/02\/en-numeros-los-planes-de-ualabee-en-2025-y-el-foco-en-la-region-7.jpg 1140w\" sizes=\"auto, (max-width: 2560px) 100vw, 2560px\">\n<\/p>\n<p>Estamos convencidos de que nuestras soluciones podr\u00edan convertirse en el motor que impulse ciudades m\u00e1s sostenibles, menos congestionadas y con un menor impacto ambiental.\n<\/p>\n<p><strong>2025 podr\u00eda ser un a\u00f1o transformador para Ualabee<\/strong>: con el respaldo de aliados estrat\u00e9gicos y nuestra experiencia en tecnolog\u00eda de movilidad, seguiremos consolid\u00e1ndonos como referentes en soluciones urbanas, liderando la transformaci\u00f3n hacia un transporte m\u00e1s eficiente y sostenible para las ciudades del futuro\u201d, remarc\u00f3 Di Mario.\n<\/p>\n<p>&nbsp;\n<\/p>\n<div class=\"g g-38\">\n<div class=\"g-dyn a-12 c-1\"><a class=\"gofollow\" data-track=\"MTIsMzgsMSw2MA==\" href=\"https:\/\/hospitalprivado.com.ar\/blog\/institucional\/somos-la-primera-institucion-del-interior-del-pais-en-acreditar-joint-commission-international.html\" target=\"_blank\" rel=\"noopener\"><img src=\"http:\/\/nuevacordoba.net\/wp-content\/uploads\/2025\/02\/en-numeros-los-planes-de-ualabee-en-2025-y-el-foco-en-la-region.gif\" loading=\"lazy\"><\/a><\/div>\n<\/div>\n","protected":false},"excerpt":{"rendered":"<p>&nbsp; &nbsp; Joaqu\u00edn Di Mario, CEO &amp; Cofundador de Ualabee adelant\u00f3 en un reciente posteo cu\u00e1les ser\u00e1n los planes, objetivos y prioridades de la startup cordobesa que se consolid\u00f3 como una de las principales referencias para brindar soluciones de movilidad en la regi\u00f3n. Aqu\u00ed, algunos de esos planes y los n\u00fameros detr\u00e1s de las proyecciones [&hellip;]<\/p>\n","protected":false},"author":1,"featured_media":54220,"comment_status":"open","ping_status":"closed","sticky":false,"template":"","format":"standard","meta":[],"categories":[14],"tags":[],"_links":{"self":[{"href":"http:\/\/nuevacordoba.net\/index.php\/wp-json\/wp\/v2\/posts\/54219"}],"collection":[{"href":"http:\/\/nuevacordoba.net\/index.php\/wp-json\/wp\/v2\/posts"}],"about":[{"href":"http:\/\/nuevacordoba.net\/index.php\/wp-json\/wp\/v2\/types\/post"}],"author":[{"embeddable":true,"href":"http:\/\/nuevacordoba.net\/index.php\/wp-json\/wp\/v2\/users\/1"}],"replies":[{"embeddable":true,"href":"http:\/\/nuevacordoba.net\/index.php\/wp-json\/wp\/v2\/comments?post=54219"}],"version-history":[{"count":0,"href":"http:\/\/nuevacordoba.net\/index.php\/wp-json\/wp\/v2\/posts\/54219\/revisions"}],"wp:featuredmedia":[{"embeddable":true,"href":"http:\/\/nuevacordoba.net\/index.php\/wp-json\/wp\/v2\/media\/54220"}],"wp:attachment":[{"href":"http:\/\/nuevacordoba.net\/index.php\/wp-json\/wp\/v2\/media?parent=54219"}],"wp:term":[{"taxonomy":"category","embeddable":true,"href":"http:\/\/nuevacordoba.net\/index.php\/wp-json\/wp\/v2\/categories?post=54219"},{"taxonomy":"post_tag","embeddable":true,"href":"http:\/\/nuevacordoba.net\/index.php\/wp-json\/wp\/v2\/tags?post=54219"}],"curies":[{"name":"wp","href":"https:\/\/api.w.org\/{rel}","templated":true}]}}