{"id":54474,"date":"2025-03-03T03:03:27","date_gmt":"2025-03-03T03:03:27","guid":{"rendered":"https:\/\/puntoapunto.com.ar\/?p=370615"},"modified":"2025-03-03T03:03:27","modified_gmt":"2025-03-03T03:03:27","slug":"la-kirchnerizacion-de-milei-preocupa-y-asusta-al-empresariado-y-al-circulo-rojo","status":"publish","type":"post","link":"http:\/\/nuevacordoba.net\/index.php\/2025\/03\/03\/la-kirchnerizacion-de-milei-preocupa-y-asusta-al-empresariado-y-al-circulo-rojo\/","title":{"rendered":"La \u00abkirchnerizaci\u00f3n\u00bb de Milei preocupa y asusta al empresariado y al c\u00edrculo rojo"},"content":{"rendered":"<p>&nbsp;<!-- \u00a1O bien no hay banners, estan desactivados o no estan programados para esta ubicaci\u00f3n! -->\n<\/p>\n<p>&nbsp;\n<\/p>\n<p>Los c\u00edrculos empresarios comenzaron a tomar nota esta semana de la sucesi\u00f3n de se\u00f1ales que desde el comienzo de febrero dio el gobierno nacional en un sentido, al menos, que genera atenci\u00f3n.\n<\/p>\n<p>Para algunos ejecutivos, la fuerte impronta pro Trump y contra sectores y movimientos progresistas -en sus palabras el wokismo enfermizo- comenzaron a evidenciar cierta radicalizaci\u00f3n en la narrativa del presidente Javier Milei. El esc\u00e1ndalo en torno a la difusi\u00f3n del token $Libra es una mancha dif\u00edcil de ocultar, a\u00fan no del todo clara y sumamente complicada de justificar para seguidores y votantes. Pero la insistencia en la designaci\u00f3n de los jueces Ariel Lijo y Manuel Garc\u00eda Mansilla como miembros de la Corte Suprema de Justicia apelando a la herramienta del decreto termin\u00f3 por encender todas las alarmas.\n<\/p>\n<p>Las primeras voces en ese sentido llegaron de espacios muy reconocidos para el establishment y el c\u00edrculo rojo como son la C\u00e1mara de Comercio de Estados Unidos en Argentina (Amcham) e Idea. La entidad que representa los intereses de las compa\u00f1\u00edas norteamericanas en el pa\u00eds remarc\u00f3 en un comunicado a mitad de semana que \u201cla designaci\u00f3n de los magistrados bajo el argumento que el Senado no aprob\u00f3 los pliegos y que se encuentra en receso, no parece el camino m\u00e1s adecuado\u201d y que \u201cla seguridad jur\u00eddica es un pilar fundamental para la competitividad y crecimiento sostenido, y su debilitamiento solo contribuye a demorar la recuperaci\u00f3n econ\u00f3mica y social que requiere la Rep\u00fablica Argentina (\u2026) se necesita previsibilidad y seguridad jur\u00eddica para construir un futuro de desarrollo\u201d.<!-- \u00a1O bien no hay banners, estan desactivados o no estan programados para esta ubicaci\u00f3n! -->\n<\/p>\n<p><img decoding=\"async\" class=\"aligncenter wp-image-370617 size-large\" src=\"http:\/\/nuevacordoba.net\/wp-content\/uploads\/2025\/03\/la-kirchnerizacion-de-milei-preocupa-y-asusta-al-empresariado-y-al-circulo-rojo.jpg\" alt width=\"1024\" height=\"576\" srcset=\"http:\/\/nuevacordoba.net\/wp-content\/uploads\/2025\/03\/la-kirchnerizacion-de-milei-preocupa-y-asusta-al-empresariado-y-al-circulo-rojo.jpg 1024w, http:\/\/nuevacordoba.net\/wp-content\/uploads\/2025\/03\/la-kirchnerizacion-de-milei-preocupa-y-asusta-al-empresariado-y-al-circulo-rojo-1.jpg 300w, http:\/\/nuevacordoba.net\/wp-content\/uploads\/2025\/03\/la-kirchnerizacion-de-milei-preocupa-y-asusta-al-empresariado-y-al-circulo-rojo-2.jpg 768w, http:\/\/nuevacordoba.net\/wp-content\/uploads\/2025\/03\/la-kirchnerizacion-de-milei-preocupa-y-asusta-al-empresariado-y-al-circulo-rojo-3.jpg 750w, http:\/\/nuevacordoba.net\/wp-content\/uploads\/2025\/03\/la-kirchnerizacion-de-milei-preocupa-y-asusta-al-empresariado-y-al-circulo-rojo-4.jpg 1140w, http:\/\/nuevacordoba.net\/wp-content\/uploads\/2025\/03\/la-kirchnerizacion-de-milei-preocupa-y-asusta-al-empresariado-y-al-circulo-rojo-5.jpg 1480w\" sizes=\"(max-width: 1024px) 100vw, 1024px\" loading=\"lazy\"><\/p>\n<p>Desde la oficina C\u00f3rdoba de Amcham, su director, Gustavo Campos explic\u00f3: \u201cCon el comunicado no se busca cuestionar la calidad de los candidatos, sino en todo caso alertar un poco desde Amcham que la forma de designaci\u00f3n de dos jueces de la Corte Suprema requiere un tratamiento institucional distinto, sobre todo por los riesgos que eso genera, desde nuestra perspectiva ante potenciales inversores y el mundo externo que est\u00e1 viendo esta situaci\u00f3n. Y en alg\u00fan momento reflexionar qu\u00e9 pasar\u00eda si hay un fallo con la firma de estos jueces y despu\u00e9s estos jueces son destituidos. Puede haber una serie de cuestionamientos para que esos fallos no tengan efecto. Todo eso genera ante inversores externos un indicador de vulnerabilidad del pa\u00eds y de seguridad jur\u00eddica importante\u201d.\n<\/p>\n<p>La preocupaci\u00f3n que intent\u00f3 transmitir Amcham, es, seg\u00fan su parecer muy concreta. Est\u00e1n advirtiendo que jueces que est\u00e1n en un campo de muy probable cuestionamiento pueden ser objeto de controversias e incluso de destituci\u00f3n con la complejidad que eso implica para los procesos judiciales que est\u00e9n bajo su \u00f3rbita. Hay, en ese sentido, una genuina preocupaci\u00f3n por los ejecutivos de empresas extranjeras y por inversores potenciales.\n<\/p>\n<h2><strong>Por la ventana<\/strong><\/h2>\n<p>Los virajes y volantazos alejados de la institucionalidad ya comenzaron a ser materia de an\u00e1lisis y di\u00e1logo en las c\u00e1maras empresariales de C\u00f3rdoba, aunque a\u00fan hay cautela a la hora de fijar fuerte posici\u00f3n.\n<\/p>\n<p>\u201cEsto da una pauta de baja calidad institucional que para el mundo de las inversiones es muy, muy malo. Esta gente tiene algunos criterios que dejan mucho que desear, m\u00e1s all\u00e1 de la reforma econ\u00f3mica que est\u00e1n haciendo. Las grandes inversiones buscan seguridad jur\u00eddica. Esto no es seguridad jur\u00eddica, esto es falta de calidad institucional. \u00bfvos invertir\u00edas en un pa\u00eds donde no se respetan las instituciones o incluso se hacen cosas mucho m\u00e1s profundas? Ac\u00e1 hacen faltan grand\u00edsimas inversiones y si esta gente pone dos jueces por la ventana qu\u00e9 van a hacer con otras cosas\u201d, plante\u00f3 un empresario industrial con planta productiva en el interior de C\u00f3rdoba.\n<\/p>\n<p>En la misma l\u00ednea de an\u00e1lisis sum\u00f3 su opini\u00f3n un ejecutivo de una importante multinacional con presencia en la ciudad: \u201cEstamos viendo cimbronazos. Creo que nadie puede haber tomado una decisi\u00f3n de no invertir por lo de Libra. Eso afecta m\u00e1s a los votantes. Ahora, nombrar dos jueces de la Corte por decreto cuando el Poder Legislativo est\u00e1 cuestionando la constitucionalidad del mismo, nos pone en una situaci\u00f3n endeble y el inversor invierte a largo plazo. Es una decisi\u00f3n que puede traer alguna consecuencia negativa ante posibles inversiones. Esto ya es otra cosa, esto trasciende. Antes vimos cosas m\u00e1s o menos tolerables, ahora cuando hay un impacto institucional como puede pasar con esto el inversor lo mira de otra forma. Es delicado\u201d, se\u00f1ala.\n<\/p>\n<p>Y apunta que, a diferencia de otras acciones del gobierno, cuando se defini\u00f3, por caso cortar la obra p\u00fablica, en el caso de la designaci\u00f3n de jueces por decreto hablar de una oposici\u00f3n a la medida impulsada por la casta o sectores concentrados no parece ser lo m\u00e1s certero: \u201cAc\u00e1 no s\u00f3lo reacciona la pol\u00edtica y los senadores de la oposici\u00f3n. Est\u00e1n reaccionando otros sectores y c\u00e1maras empresarias que no tienen intereses creados, pero s\u00ed est\u00e1n viendo que esto genera una mala imagen que puede costar caro al pa\u00eds\u201d.\n<\/p>\n<h2><strong>Estilo K<\/strong><\/h2>\n<p>Desde la city, un ejecutivo con presencia frecuenta en la Bolsa de Comercio de C\u00f3rdoba -una instituci\u00f3n muy af\u00edn al rumbo de la gesti\u00f3n nacional- traza el paralelismo de este momento de la administraci\u00f3n de Milei con los gobiernos kirchneristas: \u201cdesde el punto de vista pol\u00edtico Milei es un tipo complicado. Era la n\u00e9mesis de Cristina, pero al final del d\u00eda tiene tanto respeto por las instituciones como el kirchnerismo. A los periodistas los vapulea, echan a gente sin ton ni son, hay un triunvirato extremadamente complejo, no hay ning\u00fan apego por las instituciones. El problema es que del otro lado tenes unos nenes\u2026ergo creo que Milei necesita aplicar ciertas t\u00e9cnicas importantes para transitar este momento, pero la sociedad, incluidas las c\u00e1maras, tiene que ponerle cierto freno, como se le puso al kirchnerismo. Esta buen\u00edsimo que baje la inflaci\u00f3n y hagan reformas, pero hasta ac\u00e1. El trabajo econ\u00f3mico del gobierno es mucho mejor de lo que uno podr\u00eda haber esperado, pero desde lo pol\u00edtico tiene m\u00e9todos complejos a mediano plazo y est\u00e1 bueno que la sociedad le marque la cancha\u201d.\n<\/p>\n<h2><strong>Temor e impacto<\/strong><\/h2>\n<p>Para el consultor de empresas Daniel Scandizzo la designaci\u00f3n de jueces por decreto es una se\u00f1al muy importante que alarma sobre la imposibilidad del gobierno de crear consensos, pero tambi\u00e9n de su manifiesta negativa a tender puentes de di\u00e1logo con cualquiera que no sea de su propia tropa. Intolerancia, autoritarismo e impericia en la misma oferta pol\u00edtica.\n<\/p>\n<p>\u201cDavos, Libra, designaci\u00f3n de jueces creo que son tres hitos que, como bien dice Mario Riorda, pueden dejar estigmas, no simples secuelas que se van. Se est\u00e1 evidenciando una ca\u00edda en la imagen, en un contexto mundial muy complejo, \u00bfno conviene hoy la prudencia? \u00bfqu\u00e9 quiso hacer en Davos? \u00bfcongraciarse con Trump? Hay que tener cuidado porque Argentina ha logrado consensos importantes que no puede perder, como el consenso democr\u00e1tico, el Nunca M\u00e1s, \u00bfahora preferimos un gobierno poco democr\u00e1tico si eso trae progreso econ\u00f3mico? Estoy preocupado porque hay un avance cada vez m\u00e1s manifiesto sobre las instituciones democr\u00e1ticas \u00bfHasta qu\u00e9 punto vamos a tolerar eso en pos del progreso econ\u00f3mico?\u201d, dice.\n<\/p>\n<p><strong>-\u00bfPor qu\u00e9 no puede el gobierno construir esos consensos?<\/strong><br \/>-Porque no hay intenci\u00f3n de construir esas mayor\u00edas. El gobierno no est\u00e1 interesado en eso. Y del otro lado, de la ciudadan\u00eda hay un tibio temor. Hay voces que votaron a Milei que comenzaron a cuestionarlo, pero por lo bajo. Conozco de c\u00e1maras que est\u00e1n confundidas y no salen a pronunciarse porque noles gusta Milei, pero necesitan confiar. Ese temor ya lo vimos con el kirchnerismo. Entonces Milei comienza a tener comportamiento de casta como esto de nombrar jueces por decreto. Y en los inversores y en los mercados, m\u00e1s temprano que tarde en la econom\u00eda repercute.\n<\/p>\n<div class=\"g g-38\">\n<div class=\"g-dyn a-12 c-1\"><a class=\"gofollow\" data-track=\"MTIsMzgsMSw2MA==\" href=\"https:\/\/hospitalprivado.com.ar\/blog\/institucional\/somos-la-primera-institucion-del-interior-del-pais-en-acreditar-joint-commission-international.html\" target=\"_blank\" rel=\"noopener\"><img src=\"http:\/\/nuevacordoba.net\/wp-content\/uploads\/2025\/03\/la-kirchnerizacion-de-milei-preocupa-y-asusta-al-empresariado-y-al-circulo-rojo.gif\" loading=\"lazy\"><\/a><\/div>\n<\/div>\n","protected":false},"excerpt":{"rendered":"<p>&nbsp; &nbsp; Los c\u00edrculos empresarios comenzaron a tomar nota esta semana de la sucesi\u00f3n de se\u00f1ales que desde el comienzo de febrero dio el gobierno nacional en un sentido, al menos, que genera atenci\u00f3n. Para algunos ejecutivos, la fuerte impronta pro Trump y contra sectores y movimientos progresistas -en sus palabras el wokismo enfermizo- comenzaron [&hellip;]<\/p>\n","protected":false},"author":1,"featured_media":54475,"comment_status":"open","ping_status":"closed","sticky":false,"template":"","format":"standard","meta":[],"categories":[12,14],"tags":[],"_links":{"self":[{"href":"http:\/\/nuevacordoba.net\/index.php\/wp-json\/wp\/v2\/posts\/54474"}],"collection":[{"href":"http:\/\/nuevacordoba.net\/index.php\/wp-json\/wp\/v2\/posts"}],"about":[{"href":"http:\/\/nuevacordoba.net\/index.php\/wp-json\/wp\/v2\/types\/post"}],"author":[{"embeddable":true,"href":"http:\/\/nuevacordoba.net\/index.php\/wp-json\/wp\/v2\/users\/1"}],"replies":[{"embeddable":true,"href":"http:\/\/nuevacordoba.net\/index.php\/wp-json\/wp\/v2\/comments?post=54474"}],"version-history":[{"count":0,"href":"http:\/\/nuevacordoba.net\/index.php\/wp-json\/wp\/v2\/posts\/54474\/revisions"}],"wp:featuredmedia":[{"embeddable":true,"href":"http:\/\/nuevacordoba.net\/index.php\/wp-json\/wp\/v2\/media\/54475"}],"wp:attachment":[{"href":"http:\/\/nuevacordoba.net\/index.php\/wp-json\/wp\/v2\/media?parent=54474"}],"wp:term":[{"taxonomy":"category","embeddable":true,"href":"http:\/\/nuevacordoba.net\/index.php\/wp-json\/wp\/v2\/categories?post=54474"},{"taxonomy":"post_tag","embeddable":true,"href":"http:\/\/nuevacordoba.net\/index.php\/wp-json\/wp\/v2\/tags?post=54474"}],"curies":[{"name":"wp","href":"https:\/\/api.w.org\/{rel}","templated":true}]}}