{"id":54960,"date":"2025-03-14T15:36:46","date_gmt":"2025-03-14T15:36:46","guid":{"rendered":"https:\/\/puntoapunto.com.ar\/?p=370981"},"modified":"2025-03-14T15:36:46","modified_gmt":"2025-03-14T15:36:46","slug":"milei-en-expoagro-no-sirve-bajar-las-retenciones-para-sacar-redito-politico-y-que-despues-el-pais-reviente","status":"publish","type":"post","link":"http:\/\/nuevacordoba.net\/index.php\/2025\/03\/14\/milei-en-expoagro-no-sirve-bajar-las-retenciones-para-sacar-redito-politico-y-que-despues-el-pais-reviente\/","title":{"rendered":"Milei en Expoagro: \u201cNo sirve bajar las retenciones para sacar r\u00e9dito pol\u00edtico y que despu\u00e9s el pa\u00eds reviente\u00bb"},"content":{"rendered":"<p data-start=\"82\" data-end=\"518\">En el cierre de Expoagro 2025, el presidente <strong>Javier Milei<\/strong> brind\u00f3 un discurso en el que se dirigi\u00f3 directamente a los <strong>productores agropecuarios, reafirm\u00f3 su compromiso con el sector y present\u00f3 los logros de su gobierno durante su primer a\u00f1o de gesti\u00f3n.<\/strong> La disertaci\u00f3n, cargada de ret\u00f3rica cr\u00edtica y promesas de transformaci\u00f3n, abarc\u00f3 varios aspectos clave del modelo econ\u00f3mico actual y su visi\u00f3n para el futuro de Argentina.<!-- \u00a1O bien no hay banners, estan desactivados o no estan programados para esta ubicaci\u00f3n! -->\n<\/p>\n<p data-start=\"563\" data-end=\"1085\">Milei comenz\u00f3 su discurso destacando el papel fundamental de los productores agropecuarios.<strong> \u201cUstedes, los que diariamente sirven a la patria cultivando el suelo argentino, son los verdaderos protagonistas de la prosperidad nacional\u201d,<\/strong> expres\u00f3 el presidente, haciendo un reconocimiento expl\u00edcito al sector como el motor de la riqueza hist\u00f3rica del pa\u00eds. Record\u00f3 la \u00e9poca en que Argentina fue conocida como \u201cel granero del mundo\u201d y destac\u00f3 la fertilidad de sus suelos y el ingenio de su gente como pilares de esa prosperidad.\n<\/p>\n<p data-start=\"563\" data-end=\"1085\">El presidente asegur\u00f3 que buscar\u00e1<strong> \u00abeliminar el cepo y las retenciones para siempre\u00bb y <\/strong>que su gobierno le va&nbsp;<strong>\u00aba sacar el pie de la cabeza al Campo\u00bb.<\/strong>\n<\/p>\n<p><img decoding=\"async\" class=\"aligncenter size-full wp-image-370987\" src=\"http:\/\/nuevacordoba.net\/wp-content\/uploads\/2025\/03\/milei-en-expoagro-no-sirve-bajar-las-retenciones-para-sacar-redito-politico-y-que-despues-el-pais-reviente-1.jpg\" alt width=\"1319\" height=\"992\" srcset=\"http:\/\/nuevacordoba.net\/wp-content\/uploads\/2025\/03\/milei-en-expoagro-no-sirve-bajar-las-retenciones-para-sacar-redito-politico-y-que-despues-el-pais-reviente-1.jpg 1319w, http:\/\/nuevacordoba.net\/wp-content\/uploads\/2025\/03\/milei-en-expoagro-no-sirve-bajar-las-retenciones-para-sacar-redito-politico-y-que-despues-el-pais-reviente-3.jpg 300w, http:\/\/nuevacordoba.net\/wp-content\/uploads\/2025\/03\/milei-en-expoagro-no-sirve-bajar-las-retenciones-para-sacar-redito-politico-y-que-despues-el-pais-reviente-4.jpg 1024w, http:\/\/nuevacordoba.net\/wp-content\/uploads\/2025\/03\/milei-en-expoagro-no-sirve-bajar-las-retenciones-para-sacar-redito-politico-y-que-despues-el-pais-reviente-5.jpg 768w, http:\/\/nuevacordoba.net\/wp-content\/uploads\/2025\/03\/milei-en-expoagro-no-sirve-bajar-las-retenciones-para-sacar-redito-politico-y-que-despues-el-pais-reviente-6.jpg 750w, http:\/\/nuevacordoba.net\/wp-content\/uploads\/2025\/03\/milei-en-expoagro-no-sirve-bajar-las-retenciones-para-sacar-redito-politico-y-que-despues-el-pais-reviente-7.jpg 1140w\" sizes=\"(max-width: 1319px) 100vw, 1319px\" loading=\"lazy\">\n<\/p>\n<article class=\"article-body article-body--second-paragraph content-protected-false\"><strong>\u00abEntendemos la necesidad imperante de bajar las <a href=\"https:\/\/puntoapunto.com.ar\/melconian-en-expoagro-el-escenario-esta-a-punto-caramelo-para-discutir-la-quita-de-retenciones\/\">retenciones<\/a><\/strong>, pero no le sirve a nadie que lo hagamos ahora por el a\u00f1o electoral y despu\u00e9s el pa\u00eds reviente para siempre\u00bb, asegur\u00f3 ante productores en San Nicol\u00e1s. \u00abLas continuaremos bajando hasta que lleguen a cero&nbsp;<strong>y se queden ah\u00ed de una vez y para siempre\u00bb<\/strong>, plante\u00f3 Milei durante su visita a <a href=\"https:\/\/www.expoagro.com.ar\/\">Expoagro<\/a>.<\/article>\n<p data-start=\"1087\" data-end=\"1127\"><strong>Cr\u00edtica al modelo econ\u00f3mico anterior<\/strong><!-- \u00a1O bien no hay banners, estan desactivados o no estan programados para esta ubicaci\u00f3n! -->\n<\/p>\n<p data-start=\"1129\" data-end=\"1702\">El presidente no tard\u00f3 en arremeter contra lo que defini\u00f3 como e<strong>l \u201cmodelo nefasto de la justicia social\u201d,<\/strong> al que culp\u00f3 por el estancamiento econ\u00f3mico que sufri\u00f3 Argentina durante las \u00faltimas d\u00e9cadas. Asegur\u00f3 que hubo un <strong>\u201cplan sistem\u00e1tico de saqueo al campo<\/strong>\u201d por parte de la pol\u00edtica, acusando a la \u201ccasta pol\u00edtica\u201d de ver al sector agropecuario como una \u201cmina de oro infinita\u201d para financiar sus proyectos de expansi\u00f3n estatal. \u201cNuestra industria es el \u00fanico Infante de 90 a\u00f1os del mundo\u201d, dijo Milei, criticando la idea de fomentar una industria nacional a costa del agro.\n<\/p>\n<p data-start=\"1704\" data-end=\"1939\">Para el presidente, la industria y el campo no son sectores opuestos, sino complementarios. Enfatiz\u00f3 que el agro, lejos de ser un sector que resta valor, genera un empleo formal significativo y es clave en el desarrollo de la econom\u00eda.\n<\/p>\n<p data-start=\"1941\" data-end=\"1978\"><strong>Primer a\u00f1o de gobierno<\/strong>\n<\/p>\n<p data-start=\"1980\" data-end=\"2452\">Milei present\u00f3 varios logros alcanzados en su primer a\u00f1o, destacando la reducci\u00f3n de la inflaci\u00f3n y de la brecha cambiaria. Afirm\u00f3 que la inflaci\u00f3n mayorista, que hab\u00eda alcanzado niveles alarmantes al inicio de su mandato, se encuentra ahora por debajo del 2% mensual. Adem\u00e1s, subray\u00f3 el crecimiento econ\u00f3mico logrado, con un Producto Bruto Interno (PBI) superior al de 2023, desafiando las predicciones pesimistas de aquellos que auguraban una crisis econ\u00f3mica a\u00fan mayor.\n<\/p>\n<p data-start=\"2454\" data-end=\"2848\">Otro de los puntos destacados fue la reducci\u00f3n de la pobreza, que seg\u00fan Milei, cay\u00f3 del 57% al 33%, lo que implica que m\u00e1s de 10 millones de argentinos han salido de la pobreza bajo su administraci\u00f3n. En cuanto al sector agropecuario, celebr\u00f3 un incremento en el volumen de exportaciones agroindustriales del 56%, as\u00ed como un aumento del 20% en la superficie sembrada para la campa\u00f1a 2024\/2025.\n<\/p>\n<p data-start=\"2454\" data-end=\"2848\"><img loading=\"lazy\" decoding=\"async\" class=\"aligncenter size-full wp-image-370982\" src=\"http:\/\/nuevacordoba.net\/wp-content\/uploads\/2025\/03\/milei-en-expoagro-no-sirve-bajar-las-retenciones-para-sacar-redito-politico-y-que-despues-el-pais-reviente-2.jpg\" alt width=\"696\" height=\"399\" srcset=\"http:\/\/nuevacordoba.net\/wp-content\/uploads\/2025\/03\/milei-en-expoagro-no-sirve-bajar-las-retenciones-para-sacar-redito-politico-y-que-despues-el-pais-reviente-2.jpg 696w, http:\/\/nuevacordoba.net\/wp-content\/uploads\/2025\/03\/milei-en-expoagro-no-sirve-bajar-las-retenciones-para-sacar-redito-politico-y-que-despues-el-pais-reviente-8.jpg 300w\" sizes=\"auto, (max-width: 696px) 100vw, 696px\">\n<\/p>\n<p data-start=\"2890\" data-end=\"3318\">El presidente reiter\u00f3 su creencia de que<strong> \u201cun estado chico equivale a una sociedad grande\u201d<\/strong> y asegur\u00f3 que la prosperidad depende directamente de la libertad. En este sentido, destac\u00f3 la importancia de liberar al sector agropecuario de las restricciones y cargas impositivas. <strong>\u201cNuestro gobierno es el primero en mucho tiempo que rechaza la idea del estado como un mecanismo de apropiaci\u00f3n compulsiva de la riqueza ajena\u201d<\/strong>, sentenci\u00f3.\n<\/p>\n<p data-start=\"3320\" data-end=\"3652\">Adem\u00e1s, afirm\u00f3 que el objetivo de su gobierno es un pa\u00eds donde \u201cla vida sea m\u00e1s f\u00e1cil para el que hace las cosas bien y mucho m\u00e1s dif\u00edcil para aquel que hace las cosas mal\u201d. En ese marco, present\u00f3 la idea de una Argentina donde el sector privado, especialmente el agropecuario, sea libre de operar sin el entorpecimiento del Estado.\n<\/p>\n<p data-start=\"3654\" data-end=\"3688\"><strong>Directivas y Objetivos Futuros<\/strong>\n<\/p>\n<p data-start=\"3690\" data-end=\"4117\">Milei finaliz\u00f3 su intervenci\u00f3n en Expoagro destacando sus ambiciosos objetivos para el futuro de Argentina. Reiter\u00f3 su intenci\u00f3n de eliminar las retenciones hasta llevarlas a cero y mantenerlas en ese nivel \u201cde una vez por todas\u201d. Adem\u00e1s, expres\u00f3 su visi\u00f3n de una Argentina pr\u00f3spera en 40 a\u00f1os, donde el pa\u00eds podr\u00eda convertirse en una de las cinco potencias mundiales si se mantienen las pol\u00edticas de libertad implementadas en su gobierno.\n<\/p>\n<p data-start=\"4119\" data-end=\"4337\">Tambi\u00e9n critic\u00f3 a los gobernadores que exigen la baja de impuestos a nivel nacional pero no implementan pol\u00edticas similares en sus provincias, pidiendo una <strong>\u201ccompetencia fiscal\u201d que beneficie a los sectores productivos.<\/strong>\n<\/p>\n<p data-start=\"4370\" data-end=\"4838\">El discurso de Milei estuvo marcado por un tono confrontativo y de defensa de las \u201cideas de la libertad\u201d, con <strong>reiteradas menciones a la \u00abmotosierra\u00bb<\/strong>, s\u00edmbolo de su pol\u00edtica fiscal. En su ret\u00f3rica, tambi\u00e9n destac\u00f3 el alineamiento internacional de Argentina con pa\u00edses como Estados Unidos e Israel.\n<\/p>\n<p>Milei respald\u00f3 p\u00fablicamente a la ministra de Seguridad, Patricia Bullrich, y dijo<strong>: \u00abLos buenos son los de azul y los hijos de puta que rompen autos son los malos\u201d,<\/strong> se\u00f1al\u00f3 de manera contundente. Luego agreg\u00f3: \u201cA los que andan con trapos en la cara y queman autos los vamos a meter presos\u201d.\n<\/p>\n<p data-start=\"4856\" data-end=\"5400\" data-is-last-node data-is-only-node>El discurso de Javier Milei en Expoagro 2025 fue un fuerte mensaje de apoyo al campo y a los principios de libertad econ\u00f3mica. El presidente se present\u00f3 como un l\u00edder dispuesto a desafiar el statu quo econ\u00f3mico, prometiendo continuar en su camino de desregulaci\u00f3n, eliminaci\u00f3n de impuestos y fortalecimiento del sector privado. A trav\u00e9s de sus logros y sus propuestas futuras, Milei intent\u00f3 consolidar su imagen como el arquitecto de una nueva Argentina, donde la libertad y la prosperidad son los pilares fundamentales para el futuro del pa\u00eds<\/p>\n","protected":false},"excerpt":{"rendered":"<p>En el cierre de Expoagro 2025, el presidente Javier Milei brind\u00f3 un discurso en el que se dirigi\u00f3 directamente a los productores agropecuarios, reafirm\u00f3 su compromiso con el sector y present\u00f3 los logros de su gobierno durante su primer a\u00f1o de gesti\u00f3n. La disertaci\u00f3n, cargada de ret\u00f3rica cr\u00edtica y promesas de transformaci\u00f3n, abarc\u00f3 varios aspectos [&hellip;]<\/p>\n","protected":false},"author":1,"featured_media":54961,"comment_status":"open","ping_status":"closed","sticky":false,"template":"","format":"standard","meta":[],"categories":[12,14],"tags":[],"_links":{"self":[{"href":"http:\/\/nuevacordoba.net\/index.php\/wp-json\/wp\/v2\/posts\/54960"}],"collection":[{"href":"http:\/\/nuevacordoba.net\/index.php\/wp-json\/wp\/v2\/posts"}],"about":[{"href":"http:\/\/nuevacordoba.net\/index.php\/wp-json\/wp\/v2\/types\/post"}],"author":[{"embeddable":true,"href":"http:\/\/nuevacordoba.net\/index.php\/wp-json\/wp\/v2\/users\/1"}],"replies":[{"embeddable":true,"href":"http:\/\/nuevacordoba.net\/index.php\/wp-json\/wp\/v2\/comments?post=54960"}],"version-history":[{"count":0,"href":"http:\/\/nuevacordoba.net\/index.php\/wp-json\/wp\/v2\/posts\/54960\/revisions"}],"wp:featuredmedia":[{"embeddable":true,"href":"http:\/\/nuevacordoba.net\/index.php\/wp-json\/wp\/v2\/media\/54961"}],"wp:attachment":[{"href":"http:\/\/nuevacordoba.net\/index.php\/wp-json\/wp\/v2\/media?parent=54960"}],"wp:term":[{"taxonomy":"category","embeddable":true,"href":"http:\/\/nuevacordoba.net\/index.php\/wp-json\/wp\/v2\/categories?post=54960"},{"taxonomy":"post_tag","embeddable":true,"href":"http:\/\/nuevacordoba.net\/index.php\/wp-json\/wp\/v2\/tags?post=54960"}],"curies":[{"name":"wp","href":"https:\/\/api.w.org\/{rel}","templated":true}]}}