{"id":54998,"date":"2025-03-17T16:05:52","date_gmt":"2025-03-17T16:05:52","guid":{"rendered":"https:\/\/cordobaoutdoor.com.ar\/?p=2621"},"modified":"2025-03-17T16:05:52","modified_gmt":"2025-03-17T16:05:52","slug":"atencion-extendida-los-cpc-vuelven-a-abrir-por-la-tarde-y-los-sabados","status":"publish","type":"post","link":"http:\/\/nuevacordoba.net\/index.php\/2025\/03\/17\/atencion-extendida-los-cpc-vuelven-a-abrir-por-la-tarde-y-los-sabados\/","title":{"rendered":"Atenci\u00f3n extendida: Los CPC vuelven a abrir por la tarde y los S\u00e1bados"},"content":{"rendered":"<article class=\"group\/turn w-full text-token-text-primary focus-visible:outline-2 focus-visible:outline-offset-[-4px]\" dir=\"auto\" data-testid=\"conversation-turn-8\" data-scroll-anchor=\"false\">\n<div class=\"text-base my-auto mx-auto py-[18px] px-6\">\n<div class=\"mx-auto flex flex-1 text-base gap-4 md:gap-5 lg:gap-6 md:max-w-3xl\">\n<div class=\"group\/conversation-turn relative flex w-full min-w-0 flex-col @xs\/thread:px-0 @sm\/thread:px-1.5 @md\/thread:px-4\">\n<div class=\"flex-col gap-1 md:gap-3\">\n<div class=\"flex max-w-full flex-col flex-grow\">\n<div class=\"min-h-8 text-message relative flex w-full flex-col items-end gap-2 whitespace-normal break-words text-start [.text-message+&amp;]:mt-5\" dir=\"auto\" data-message-author-role=\"user\" data-message-id=\"f52c0b70-3810-4af4-ad8d-3c5a0b9d4f0a\">\n<div class=\"w-full\">\n<div class=\"flex w-full flex-col gap-1 empty:hidden items-end rtl:items-start\">\n<div class=\"relative max-w-[var(--user-chat-width,70%)] rounded-3xl bg-token-message-surface px-5 py-2.5\">\n<div class=\"whitespace-pre-wrap\"><span>Los CPC vuelven a abrir en horario vespertino y los s\u00e1bados, brindando as\u00ed m\u00e1s opciones de acceso a los servicios para los vecinos. Este cambio busca facilitar la atenci\u00f3n a aquellos que no pueden acudir durante el horario habitual.<\/span><\/div>\n<\/div>\n<\/div>\n<\/div>\n<\/div>\n<\/div>\n<\/div>\n<\/div>\n<\/div>\n<\/div>\n<\/article>\n<article class=\"group\/turn w-full text-token-text-primary focus-visible:outline-2 focus-visible:outline-offset-[-4px]\" dir=\"auto\" data-testid=\"conversation-turn-9\" data-scroll-anchor=\"true\">\n<div class=\"text-base my-auto mx-auto py-[18px] px-6\">\n<div class=\"mx-auto flex flex-1 text-base gap-4 md:gap-5 lg:gap-6 md:max-w-3xl\">\n<div class=\"group\/conversation-turn relative flex w-full min-w-0 flex-col agent-turn @xs\/thread:px-0 @sm\/thread:px-1.5 @md\/thread:px-4\">\n<div class=\"flex-col gap-1 md:gap-3\">\n<div class=\"flex max-w-full flex-col flex-grow\">\n<div class=\"min-h-8 text-message relative flex w-full flex-col items-end gap-2 whitespace-normal break-words text-start [.text-message+&amp;]:mt-5\" dir=\"auto\" data-message-author-role=\"assistant\" data-message-id=\"0b7bd740-922b-4938-8acb-f9a7d4677a65\" data-message-model-slug=\"gpt-4o-mini\">\n<div class=\"flex w-full flex-col gap-1 empty:hidden first:pt-[3px]\">\n<div class=\"markdown prose w-full break-words dark:prose-invert light\">\n<p data-start=\"235\" data-end=\"509\"><span>Durante esta semana, del lunes 17 de marzo al s\u00e1bado 22 de marzo, ser\u00e1 el turno de los barrios Arg\u00fcello, Jard\u00edn, Empalme y Rancagua, donde los equipos estar\u00e1n trabajando para ofrecer diversos servicios y asistir a la comunidad. Los horarios de atenci\u00f3n ser\u00e1n los siguientes:<\/span><\/p>\n<ul data-start=\"511\" data-end=\"613\">\n<li data-start=\"511\" data-end=\"552\"><span>De lunes a viernes, de 8:00 a 18:00 hs.<\/span><\/li>\n<li data-start=\"553\" data-end=\"613\"><span>El s\u00e1bado, el horario de atenci\u00f3n ser\u00e1 de 8:00 a 14:00 hs.<br \/><\/span><span><br \/><\/span><img loading=\"lazy\" decoding=\"async\" class=\"aligncenter size-full wp-image-2633\" src=\"http:\/\/nuevacordoba.net\/wp-content\/uploads\/2025\/03\/atencion-extendida-los-cpc-vuelven-a-abrir-por-la-tarde-y-los-sabados.jpg\" alt width=\"2000\" height=\"1121\" srcset=\"http:\/\/nuevacordoba.net\/wp-content\/uploads\/2025\/03\/atencion-extendida-los-cpc-vuelven-a-abrir-por-la-tarde-y-los-sabados.jpg 2000w, http:\/\/nuevacordoba.net\/wp-content\/uploads\/2025\/03\/atencion-extendida-los-cpc-vuelven-a-abrir-por-la-tarde-y-los-sabados-2.jpg 300w, http:\/\/nuevacordoba.net\/wp-content\/uploads\/2025\/03\/atencion-extendida-los-cpc-vuelven-a-abrir-por-la-tarde-y-los-sabados-3.jpg 1024w, http:\/\/nuevacordoba.net\/wp-content\/uploads\/2025\/03\/atencion-extendida-los-cpc-vuelven-a-abrir-por-la-tarde-y-los-sabados-4.jpg 768w, http:\/\/nuevacordoba.net\/wp-content\/uploads\/2025\/03\/atencion-extendida-los-cpc-vuelven-a-abrir-por-la-tarde-y-los-sabados-5.jpg 1536w, http:\/\/nuevacordoba.net\/wp-content\/uploads\/2025\/03\/atencion-extendida-los-cpc-vuelven-a-abrir-por-la-tarde-y-los-sabados-6.jpg 421w\" sizes=\"(max-width: 2000px) 100vw, 2000px\"><\/li>\n<\/ul>\n<p data-start=\"615\" data-end=\"1018\"><span>La ampliaci\u00f3n de los horarios de atenci\u00f3n tiene como objetivo cubrir las necesidades de los vecinos en estos barrios, brindando m\u00e1s oportunidades para realizar tr\u00e1mites, consultas y otros servicios importantes. <\/span><\/p>\n<p data-start=\"615\" data-end=\"1018\"><span>Adem\u00e1s, con la reapertura de los CPC en horario vespertino, los residentes podr\u00e1n acceder a la atenci\u00f3n de 08:00 a 18:00 hs de lunes a viernes, y tambi\u00e9n el s\u00e1bado de 8:00 a 14:00 hs.<\/span><\/p>\n<p data-start=\"615\" data-end=\"1018\"><img loading=\"lazy\" decoding=\"async\" class=\"aligncenter size-full wp-image-2623\" src=\"http:\/\/nuevacordoba.net\/wp-content\/uploads\/2025\/03\/atencion-extendida-los-cpc-vuelven-a-abrir-por-la-tarde-y-los-sabados-1.jpg\" alt width=\"2048\" height=\"2560\" srcset=\"http:\/\/nuevacordoba.net\/wp-content\/uploads\/2025\/03\/atencion-extendida-los-cpc-vuelven-a-abrir-por-la-tarde-y-los-sabados-1.jpg 2048w, http:\/\/nuevacordoba.net\/wp-content\/uploads\/2025\/03\/atencion-extendida-los-cpc-vuelven-a-abrir-por-la-tarde-y-los-sabados-7.jpg 240w, http:\/\/nuevacordoba.net\/wp-content\/uploads\/2025\/03\/atencion-extendida-los-cpc-vuelven-a-abrir-por-la-tarde-y-los-sabados-8.jpg 819w, http:\/\/nuevacordoba.net\/wp-content\/uploads\/2025\/03\/atencion-extendida-los-cpc-vuelven-a-abrir-por-la-tarde-y-los-sabados-9.jpg 768w, http:\/\/nuevacordoba.net\/wp-content\/uploads\/2025\/03\/atencion-extendida-los-cpc-vuelven-a-abrir-por-la-tarde-y-los-sabados-10.jpg 1229w, http:\/\/nuevacordoba.net\/wp-content\/uploads\/2025\/03\/atencion-extendida-los-cpc-vuelven-a-abrir-por-la-tarde-y-los-sabados-11.jpg 1639w\" sizes=\"auto, (max-width: 2048px) 100vw, 2048px\"><\/p>\n<\/div>\n<\/div>\n<\/div>\n<\/div>\n<\/div>\n<\/div>\n<\/div>\n<\/div>\n<\/article>\n","protected":false},"excerpt":{"rendered":"<p>Los CPC vuelven a abrir en horario vespertino y los s\u00e1bados, brindando as\u00ed m\u00e1s opciones de acceso a los servicios para los vecinos. Este cambio busca facilitar la atenci\u00f3n a aquellos que no pueden acudir durante el horario habitual. Durante esta semana, del lunes 17 de marzo al s\u00e1bado 22 de marzo, ser\u00e1 el turno [&hellip;]<\/p>\n","protected":false},"author":1,"featured_media":54999,"comment_status":"closed","ping_status":"closed","sticky":false,"template":"","format":"standard","meta":[],"categories":[11],"tags":[],"_links":{"self":[{"href":"http:\/\/nuevacordoba.net\/index.php\/wp-json\/wp\/v2\/posts\/54998"}],"collection":[{"href":"http:\/\/nuevacordoba.net\/index.php\/wp-json\/wp\/v2\/posts"}],"about":[{"href":"http:\/\/nuevacordoba.net\/index.php\/wp-json\/wp\/v2\/types\/post"}],"author":[{"embeddable":true,"href":"http:\/\/nuevacordoba.net\/index.php\/wp-json\/wp\/v2\/users\/1"}],"replies":[{"embeddable":true,"href":"http:\/\/nuevacordoba.net\/index.php\/wp-json\/wp\/v2\/comments?post=54998"}],"version-history":[{"count":0,"href":"http:\/\/nuevacordoba.net\/index.php\/wp-json\/wp\/v2\/posts\/54998\/revisions"}],"wp:featuredmedia":[{"embeddable":true,"href":"http:\/\/nuevacordoba.net\/index.php\/wp-json\/wp\/v2\/media\/54999"}],"wp:attachment":[{"href":"http:\/\/nuevacordoba.net\/index.php\/wp-json\/wp\/v2\/media?parent=54998"}],"wp:term":[{"taxonomy":"category","embeddable":true,"href":"http:\/\/nuevacordoba.net\/index.php\/wp-json\/wp\/v2\/categories?post=54998"},{"taxonomy":"post_tag","embeddable":true,"href":"http:\/\/nuevacordoba.net\/index.php\/wp-json\/wp\/v2\/tags?post=54998"}],"curies":[{"name":"wp","href":"https:\/\/api.w.org\/{rel}","templated":true}]}}