{"id":55004,"date":"2025-03-17T20:32:59","date_gmt":"2025-03-17T20:32:59","guid":{"rendered":"https:\/\/www.ole.com.ar\/futbol-ascenso\/ascenso-primera-nacional-talleres-remedios-escalada-cristian-tula_0_JykivHDAQo.html"},"modified":"2025-03-17T20:32:59","modified_gmt":"2025-03-17T20:32:59","slug":"fin-de-ciclo-tula-dejo-de-ser-el-dt-de-talleres-de-escalada","status":"publish","type":"post","link":"http:\/\/nuevacordoba.net\/index.php\/2025\/03\/17\/fin-de-ciclo-tula-dejo-de-ser-el-dt-de-talleres-de-escalada\/","title":{"rendered":"Fin de ciclo: Tula dej\u00f3 de ser el DT de Talleres de Escalada"},"content":{"rendered":"<p><time class=\"createDate\" datetime=\"2025-03-17T17:32:59-03:00\">17\/03\/2025 17:32hs.<\/time><\/p>\n<div id=\"storyBody\">\n<div class=\"custom-text \" readability=\"31.78364116095\">\n<p>Hace tres meses, <strong>cuando <a href=\"https:\/\/www.ole.com.ar\/tema\/cristian-tula.html\" title=\"Cristian Tula\" alt=\"Cristian Tula\" class=\"slug\">Cristian Tula<\/a> fue presentado como el reemplazante de Mario G\u00f3mez en <a href=\"https:\/\/www.ole.com.ar\/tema\/talleres-re.html\" title=\"Talleres (RE)\" alt=\"Talleres (RE)\" class=\"slug\">Talleres de Remedios de Escalada<\/a>, las expectativas eran altas<\/strong>. S\u00ed, es que al det\u00e9 le hab\u00eda ido bien en Dock Sud y Deportivo Armenio y le llegaba la oportunidad de dar el salto a la <a href=\"https:\/\/www.ole.com.ar\/tema\/primera-nacional.html\" title=\"Primera Nacional\" alt=\"Primera Nacional\" class=\"slug\">Primera Nacional.<\/a> <strong>Pero la realidad indica que su paso por el Rojo fue todo lo contrario a lo esperado. <\/strong><\/p>\n<\/div>\n<div class=\"custom-text \" readability=\"38.068965517241\">\n<p>Claro, porque dur\u00f3 poco y el presente del equipo no es para nada alentador (se ubica \u00faltimo en la Zona B, con un solo partido ganado). Y la derrota del s\u00e1bado por 2-0 frente a<a href=\"https:\/\/www.ole.com.ar\/tema\/chacarita.html\" title=\"Chacarita\" alt=\"Chacarita\" class=\"slug\"> Chacarita<\/a> en el Pablo Comelli fue la gota que rebals\u00f3 el vaso: los jugadores se fueron silbados, <strong>el entrenador qued\u00f3 en el centro de las cr\u00edticas, lo insultaron y hasta se cruz\u00f3 con los hinchas.<\/strong><\/p>\n<\/div>\n<div class=\"sc-e7b891c4-0 ifHnQL image-embed\"><img alt=\"Tras la derrota con Chaca, Tula se fue del Albirrojo. (Foto: Prensa Talleres RE)\" loading=\"lazy\" width=\"720\" height=\"100\" decoding=\"async\" data-nimg=\"1\" src=\"http:\/\/nuevacordoba.net\/wp-content\/uploads\/2025\/03\/fin-de-ciclo-tula-dejo-de-ser-el-dt-de-talleres-de-escalada.jpg\"><span class=\"epigraphe\">Tras la derrota con Chaca, Tula se fue del Albirrojo. (Foto: Prensa Talleres RE)<\/span><\/div>\n<div class=\"custom-text \" readability=\"38\">\n<p>Una vez finalizado el encuentro,<strong> Cristian Tula se reuni\u00f3 con la Comisi\u00f3n Directiva, que decidi\u00f3 que no siguiera y, acto seguido, se resolvi\u00f3 su salida.<\/strong> La misma se oficializ\u00f3 mediante las redes sociales apenas un rato despu\u00e9s de consumada la ca\u00edda ante el Funebrero.<\/p>\n<\/div>\n<div class=\"custom-text \" readability=\"37\">\n<p><strong>Este lunes por la ma\u00f1ana, el oriundo de Rawson pas\u00f3 a despedirse del plantel, que ya entren\u00f3 bajo las \u00f3rdenes de Roberto Besasso y Dami\u00e1n Ya\u00f1ez<\/strong>, habituales de la Reserva que asumieron de forma interina y tienen chances de dirigir el domingo ante Defensores de Belgrano en el Juan Pasquale.<\/p>\n<\/div>\n<p><h2><strong>El mal presente de Talleres de Remedios de Escalada<\/strong><\/h2>\n<\/p>\n<div class=\"custom-text \" readability=\"40\">\n<p>Los resultados no acompa\u00f1aron a Cristian Tula en su ciclo. Y cuando es as\u00ed, todo se hace cuesta arriba.<strong> S\u00ed, es que Talleres de Remedios de Escalada gan\u00f3 solamente un encuentro<\/strong> (2-0 vs. Agropecuario de Carlos Casares en la cuarta fecha)<strong> y perdi\u00f3 los cinco restantes<\/strong> (Central Norte de Salta, Gimnasia de Mendoza, Gimnasia de Jujuy, San Telmo y el mencionado vs. Chacarita). <\/p>\n<\/div>\n<div class=\"custom-text \" readability=\"37\">\n<p>Como si fuera poco, logr\u00f3 anotar tan solo dos tantos en seis compromisos disputados y recibi\u00f3 el triple. De esta manera, <strong>el Albirrojo toc\u00f3 fondo y est\u00e1 18\u00b0 en su grupo.<\/strong> No quiere repetir lo del a\u00f1o pasado, donde lleg\u00f3 hasta el desempate por la permanencia en la categoria. <\/p>\n<\/div>\n<div class=\"sc-e7b891c4-0 ifHnQL image-embed\"><img alt=\"Talleres (RE) est\u00e1 \u00faltimo en la Zona B (Foto: Prensa Talleres)\" loading=\"lazy\" width=\"720\" height=\"100\" decoding=\"async\" data-nimg=\"1\" src=\"http:\/\/nuevacordoba.net\/wp-content\/uploads\/2025\/03\/fin-de-ciclo-tula-dejo-de-ser-el-dt-de-talleres-de-escalada-1.jpg\"><span class=\"epigraphe\">Talleres (RE) est\u00e1 \u00faltimo en la Zona B (Foto: Prensa Talleres)<\/span><\/div>\n<p><h2><strong>La b\u00fasqueda de un nuevo entrenador<\/strong><\/h2>\n<\/p>\n<div class=\"custom-text \" readability=\"39\">\n<p>Tal como sucede luego de la salida de un t\u00e9cnico, todos los focos est\u00e1n apuntando a qui\u00e9n lo reemplazar\u00e1. En esta ocasi\u00f3n, a\u00fan no hay certezas y todo parecer\u00eda indicar que la dupla Bessaso &#8211; Ya\u00f1ez puede tener una semana de trabajo pensando en el duelo del fin de semana con el Drag\u00f3n en Belgrano. Mientras tanto, <strong>la CD trabaja en b\u00fasqueda de un entrenador moderno,<\/strong> seg\u00fan le confirmaron a <strong>Ol\u00e9<\/strong>. <\/p>\n<\/div>\n<div class=\"custom-text \" readability=\"36\">\n<p><strong>Uno de los entrenadores que merode\u00f3 por Escalada y llam\u00f3 la atenci\u00f3n fue Pablo Vic\u00f3, quien se hizo presente en los \u00faltimos dos encuentros de Talleres en condici\u00f3n de local.<\/strong> De todas formas, no es prioridad debido al estilo que se tiene en la mira.<\/p>\n<\/div>\n<div class=\"sc-a7166897-0 eoLsBE\" readability=\"6.5\">\n<section readability=\"3\"><picture><img alt=\"En medio de la fecha FIFA, qu\u00e9 partidos de Copa Argentina se juegan esta semana\" loading=\"lazy\" width=\"290\" height=\"290\" decoding=\"async\" data-nimg=\"1\" src=\"http:\/\/nuevacordoba.net\/wp-content\/uploads\/2025\/03\/fin-de-ciclo-tula-dejo-de-ser-el-dt-de-talleres-de-escalada-2.jpg\"><\/picture>\n<p><span>Mir\u00e1 tambi\u00e9n<\/span><\/p>\n<hr>\n<h3>En medio de la fecha FIFA, qu\u00e9 partidos de Copa Argentina se juegan esta semana<\/h3>\n<\/p>\n<\/section>\n<\/div>\n<div class=\"sc-a7166897-0 eoLsBE\" readability=\"6\">\n<section readability=\"2\"><picture><img alt=\"Mart\u00edn Rol\u00f3n se fue de Arsenal: hay dos candidatos en la mira\" loading=\"lazy\" width=\"290\" height=\"290\" decoding=\"async\" data-nimg=\"1\" src=\"http:\/\/nuevacordoba.net\/wp-content\/uploads\/2025\/03\/fin-de-ciclo-tula-dejo-de-ser-el-dt-de-talleres-de-escalada-3.jpg\"><\/picture>\n<p><span>Mir\u00e1 tambi\u00e9n<\/span><\/p>\n<hr>\n<h3>Mart\u00edn Rol\u00f3n se fue de Arsenal: hay dos candidatos en la mira<\/h3>\n<\/p>\n<\/section>\n<\/div>\n<\/div>\n","protected":false},"excerpt":{"rendered":"<p>17\/03\/2025 17:32hs. Hace tres meses, cuando Cristian Tula fue presentado como el reemplazante de Mario G\u00f3mez en Talleres de Remedios de Escalada, las expectativas eran altas. S\u00ed, es que al det\u00e9 le hab\u00eda ido bien en Dock Sud y Deportivo Armenio y le llegaba la oportunidad de dar el salto a la Primera Nacional. Pero [&hellip;]<\/p>\n","protected":false},"author":1,"featured_media":55005,"comment_status":"closed","ping_status":"closed","sticky":false,"template":"","format":"standard","meta":[],"categories":[10],"tags":[],"_links":{"self":[{"href":"http:\/\/nuevacordoba.net\/index.php\/wp-json\/wp\/v2\/posts\/55004"}],"collection":[{"href":"http:\/\/nuevacordoba.net\/index.php\/wp-json\/wp\/v2\/posts"}],"about":[{"href":"http:\/\/nuevacordoba.net\/index.php\/wp-json\/wp\/v2\/types\/post"}],"author":[{"embeddable":true,"href":"http:\/\/nuevacordoba.net\/index.php\/wp-json\/wp\/v2\/users\/1"}],"replies":[{"embeddable":true,"href":"http:\/\/nuevacordoba.net\/index.php\/wp-json\/wp\/v2\/comments?post=55004"}],"version-history":[{"count":0,"href":"http:\/\/nuevacordoba.net\/index.php\/wp-json\/wp\/v2\/posts\/55004\/revisions"}],"wp:featuredmedia":[{"embeddable":true,"href":"http:\/\/nuevacordoba.net\/index.php\/wp-json\/wp\/v2\/media\/55005"}],"wp:attachment":[{"href":"http:\/\/nuevacordoba.net\/index.php\/wp-json\/wp\/v2\/media?parent=55004"}],"wp:term":[{"taxonomy":"category","embeddable":true,"href":"http:\/\/nuevacordoba.net\/index.php\/wp-json\/wp\/v2\/categories?post=55004"},{"taxonomy":"post_tag","embeddable":true,"href":"http:\/\/nuevacordoba.net\/index.php\/wp-json\/wp\/v2\/tags?post=55004"}],"curies":[{"name":"wp","href":"https:\/\/api.w.org\/{rel}","templated":true}]}}