{"id":55008,"date":"2025-03-17T22:32:15","date_gmt":"2025-03-17T22:32:15","guid":{"rendered":"https:\/\/cordoba.gob.ar\/?p=75710"},"modified":"2025-03-17T22:32:15","modified_gmt":"2025-03-17T22:32:15","slug":"la-municipalidad-y-la-universidad-internacional-de-la-rioja-firmaron-un-convenio-para-fortalecer-la-formacion-academica-de-los-docentes","status":"publish","type":"post","link":"http:\/\/nuevacordoba.net\/index.php\/2025\/03\/17\/la-municipalidad-y-la-universidad-internacional-de-la-rioja-firmaron-un-convenio-para-fortalecer-la-formacion-academica-de-los-docentes\/","title":{"rendered":"La Municipalidad y la Universidad Internacional de La Rioja firmaron un convenio para fortalecer la formaci\u00f3n acad\u00e9mica de los docentes"},"content":{"rendered":"<div><img src=\"http:\/\/nuevacordoba.net\/wp-content\/uploads\/2025\/03\/la-municipalidad-y-la-universidad-internacional-de-la-rioja-firmaron-un-convenio-para-fortalecer-la-formacion-academica-de-los-docentes.jpg\" class=\"ff-og-image-inserted\"><\/div>\n<ul>\n<li data-prosemirror-content-type=\"node\" data-prosemirror-node-name=\"paragraph\" data-prosemirror-node-block=\"true\"><strong>Tendr\u00e1n acceso a 300 becas completas para cursos de formaci\u00f3n en \u00e1reas estrat\u00e9gicas.<\/strong><\/li>\n<li data-prosemirror-content-type=\"node\" data-prosemirror-node-name=\"paragraph\" data-prosemirror-node-block=\"true\"><strong><strong>Tambi\u00e9n habr\u00e1 beneficios econ\u00f3micos para cursar maestr\u00edas con titulaci\u00f3n oficial espa\u00f1ola, ofrecidas por UNIR.<\/strong><\/strong><br \/>\n<hr>\n<\/li>\n<\/ul>\n<p data-prosemirror-content-type=\"node\" data-prosemirror-node-name=\"paragraph\" data-prosemirror-node-block=\"true\">La Municipalidad de C\u00f3rdoba, a trav\u00e9s de su Secretar\u00eda de Educaci\u00f3n, y la Universidad Internacional de La Rioja (UNIR) firmaron un convenio con el prop\u00f3sito de consolidar una alianza estrat\u00e9gica en el \u00e1mbito de la educaci\u00f3n superior.<\/p>\n<p data-prosemirror-content-type=\"node\" data-prosemirror-node-name=\"paragraph\" data-prosemirror-node-block=\"true\">El convenio establece un esquema de beneficios econ\u00f3micos que permitir\u00e1 a los docentes acceder a la oferta de maestr\u00edas con titulaci\u00f3n oficial espa\u00f1ola que ofrece UNIR.<\/p>\n<p data-prosemirror-content-type=\"node\" data-prosemirror-node-name=\"paragraph\" data-prosemirror-node-block=\"true\">La instituci\u00f3n educativa otorgar\u00e1 descuentos de entre el 35% y el 45% sobre el costo total de los programas de posgrado, dependiendo de la forma de pago elegida por los beneficiarios.<\/p>\n<p data-prosemirror-content-type=\"node\" data-prosemirror-node-name=\"paragraph\" data-prosemirror-node-block=\"true\">Adem\u00e1s, en el marco de la convocatoria de primavera 2025, se asignar\u00e1n 40 becas del 60%, destinadas a docentes seleccionados por la Secretar\u00eda de Educaci\u00f3n; as\u00ed como 300 becas completas para cursos de formaci\u00f3n en \u00e1reas estrat\u00e9gicas, tales como competencias docentes, inteligencia artificial aplicada a la educaci\u00f3n, liderazgo y gesti\u00f3n de equipos, y gesti\u00f3n de instituciones de educaci\u00f3n superior.<\/p>\n<p data-prosemirror-content-type=\"node\" data-prosemirror-node-name=\"paragraph\" data-prosemirror-node-block=\"true\">Este acuerdo tiene como principal objetivo facilitar el acceso de los docentes municipales a programas de formaci\u00f3n de posgrado, promoviendo su desarrollo profesional mediante condiciones preferenciales y becas destinadas a potenciar su especializaci\u00f3n y actualizaci\u00f3n acad\u00e9mica.<\/p>\n<p data-prosemirror-content-type=\"node\" data-prosemirror-node-name=\"paragraph\" data-prosemirror-node-block=\"true\">Este convenio reafirma el compromiso de ambas instituciones con el fortalecimiento de la educaci\u00f3n y la formaci\u00f3n docente, promoviendo oportunidades de desarrollo acad\u00e9mico y profesional que impactar\u00e1n de manera positiva en la calidad del sistema educativo municipal.<\/p>\n","protected":false},"excerpt":{"rendered":"<p>Tendr\u00e1n acceso a 300 becas completas para cursos de formaci\u00f3n en \u00e1reas estrat\u00e9gicas. Tambi\u00e9n habr\u00e1 beneficios econ\u00f3micos para cursar maestr\u00edas con titulaci\u00f3n oficial espa\u00f1ola, ofrecidas por UNIR. La Municipalidad de C\u00f3rdoba, a trav\u00e9s de su Secretar\u00eda de Educaci\u00f3n, y la Universidad Internacional de La Rioja (UNIR) firmaron un convenio con el prop\u00f3sito de consolidar una [&hellip;]<\/p>\n","protected":false},"author":1,"featured_media":55009,"comment_status":"closed","ping_status":"closed","sticky":false,"template":"","format":"standard","meta":[],"categories":[14],"tags":[],"_links":{"self":[{"href":"http:\/\/nuevacordoba.net\/index.php\/wp-json\/wp\/v2\/posts\/55008"}],"collection":[{"href":"http:\/\/nuevacordoba.net\/index.php\/wp-json\/wp\/v2\/posts"}],"about":[{"href":"http:\/\/nuevacordoba.net\/index.php\/wp-json\/wp\/v2\/types\/post"}],"author":[{"embeddable":true,"href":"http:\/\/nuevacordoba.net\/index.php\/wp-json\/wp\/v2\/users\/1"}],"replies":[{"embeddable":true,"href":"http:\/\/nuevacordoba.net\/index.php\/wp-json\/wp\/v2\/comments?post=55008"}],"version-history":[{"count":0,"href":"http:\/\/nuevacordoba.net\/index.php\/wp-json\/wp\/v2\/posts\/55008\/revisions"}],"wp:featuredmedia":[{"embeddable":true,"href":"http:\/\/nuevacordoba.net\/index.php\/wp-json\/wp\/v2\/media\/55009"}],"wp:attachment":[{"href":"http:\/\/nuevacordoba.net\/index.php\/wp-json\/wp\/v2\/media?parent=55008"}],"wp:term":[{"taxonomy":"category","embeddable":true,"href":"http:\/\/nuevacordoba.net\/index.php\/wp-json\/wp\/v2\/categories?post=55008"},{"taxonomy":"post_tag","embeddable":true,"href":"http:\/\/nuevacordoba.net\/index.php\/wp-json\/wp\/v2\/tags?post=55008"}],"curies":[{"name":"wp","href":"https:\/\/api.w.org\/{rel}","templated":true}]}}