{"id":55034,"date":"2025-03-18T16:33:06","date_gmt":"2025-03-18T16:33:06","guid":{"rendered":"http:\/\/cordobanewsnet.wordpress.com\/?p=12600"},"modified":"2025-03-18T16:33:06","modified_gmt":"2025-03-18T16:33:06","slug":"nestor-soto-declaro-en-el-juicio-por-catalina-soy-un-homicida-pero-quiero-defenderme-no-soy-un-femicida","status":"publish","type":"post","link":"http:\/\/nuevacordoba.net\/index.php\/2025\/03\/18\/nestor-soto-declaro-en-el-juicio-por-catalina-soy-un-homicida-pero-quiero-defenderme-no-soy-un-femicida\/","title":{"rendered":"N\u00e9stor Soto declar\u00f3 en el juicio por Catalina: \u201cSoy un homicida pero quiero defenderme: no soy un femicida\u201d"},"content":{"rendered":"<p>Finalmente<strong>&nbsp;N\u00e9stor Aguilar Soto<\/strong>&nbsp;dio su testimonio este martes, en el juicio por el asesinato de Catalina Guti\u00e9rrez de 21 a\u00f1os.<\/p>\n<p>Ante la mirada de la familia de la v\u00edctima, el imputado declar\u00f3 que no hay d\u00eda que no se arrepienta de lo que hizo.<\/p>\n<p><em>\u201cLo primero que quiero pedir es perd\u00f3n de todo coraz\u00f3n. A la familia de Catalina y a Catalina antes que todo. Soy el responsable de que ella no est\u00e9 ac\u00e1. No hay d\u00eda en el que no piense en ella\u201d<\/em>, destac\u00f3.<\/p>\n<p>Y agreg\u00f3:&nbsp;<em>\u201cNo hay forma de que pueda ponerme en los pies de las tres personas (Marcelo, Eleonora y Luc\u00eda), no puedo pedirles nada. No hay forma de que pueda pedirles perd\u00f3n pero el arrepentimiento est\u00e1 desde el momento cero\u201d<\/em><\/p>\n<p><em>Ella (Eleonora) me dio un abrazo como consol\u00e1ndome a mi, me daba asco, porque yo era el culpable\u00bb<\/em>, resalt\u00f3.<\/p>\n<p>Por otro lado, neg\u00f3 los hechos que se dicen en los medios sobre \u00e9l y asegur\u00f3 que \u201csu vida antes era \u201cnormal y perfecta\u201d.&nbsp;<em>\u201cExtra\u00f1o estar con mis amigos, mi familia, estar bien\u201d<\/em>, dijo.<\/p>\n<p>A su vez, admiti\u00f3 ser el autor del crimen pero insisti\u00f3 que no es un femicida:&nbsp;<em>\u201cSoy un homicida pero quiero defenderme: no soy un femicida, lo dije desde el momento cero\u201d.<\/em><\/p>\n<p><em>\u00abCuando yo admit\u00ed a los polic\u00edas que hab\u00eda sido el autor del crimen, le ped\u00ed a un polic\u00eda que busque a Marcelo (padre de la v\u00edctima) para que me mate, para que me mate por lo que hab\u00eda hecho\u00bb<\/em>, finaliz\u00f3 el acusado<\/p>\n<figure class=\"wp-block-image size-large\"><img loading=\"lazy\" data-attachment-id=\"12601\" data-permalink=\"https:\/\/cordobanewsnet.wordpress.com\/2025\/03\/18\/nestor-soto-declaro-en-el-juicio-por-catalina-soy-un-homicida-pero-quiero-defenderme-no-soy-un-femicida\/image-649\/\" data-orig-file=\"http:\/\/nuevacordoba.net\/wp-content\/uploads\/2025\/03\/nestor-soto-declaro-en-el-juicio-por-catalina-soy-un-homicida-pero-quiero-defenderme-no-soy-un-femicida.png\" data-orig-size=\"929,523\" data-comments-opened=\"1\" data-image-meta=\"{&quot;aperture&quot;:&quot;0&quot;,&quot;credit&quot;:&quot;&quot;,&quot;camera&quot;:&quot;&quot;,&quot;caption&quot;:&quot;&quot;,&quot;created_timestamp&quot;:&quot;0&quot;,&quot;copyright&quot;:&quot;&quot;,&quot;focal_length&quot;:&quot;0&quot;,&quot;iso&quot;:&quot;0&quot;,&quot;shutter_speed&quot;:&quot;0&quot;,&quot;title&quot;:&quot;&quot;,&quot;orientation&quot;:&quot;0&quot;}\" data-image-title=\"image\" data-image-description data-image-caption data-medium-file=\"http:\/\/nuevacordoba.net\/wp-content\/uploads\/2025\/03\/nestor-soto-declaro-en-el-juicio-por-catalina-soy-un-homicida-pero-quiero-defenderme-no-soy-un-femicida.png?w=300\" data-large-file=\"http:\/\/nuevacordoba.net\/wp-content\/uploads\/2025\/03\/nestor-soto-declaro-en-el-juicio-por-catalina-soy-un-homicida-pero-quiero-defenderme-no-soy-un-femicida.png?w=736\" width=\"929\" height=\"523\" src=\"http:\/\/nuevacordoba.net\/wp-content\/uploads\/2025\/03\/nestor-soto-declaro-en-el-juicio-por-catalina-soy-un-homicida-pero-quiero-defenderme-no-soy-un-femicida.png\" alt class=\"wp-image-12601\" srcset=\"http:\/\/nuevacordoba.net\/wp-content\/uploads\/2025\/03\/nestor-soto-declaro-en-el-juicio-por-catalina-soy-un-homicida-pero-quiero-defenderme-no-soy-un-femicida.png 929w, http:\/\/nuevacordoba.net\/wp-content\/uploads\/2025\/03\/nestor-soto-declaro-en-el-juicio-por-catalina-soy-un-homicida-pero-quiero-defenderme-no-soy-un-femicida.png?w=150 150w, http:\/\/nuevacordoba.net\/wp-content\/uploads\/2025\/03\/nestor-soto-declaro-en-el-juicio-por-catalina-soy-un-homicida-pero-quiero-defenderme-no-soy-un-femicida.png?w=300 300w, http:\/\/nuevacordoba.net\/wp-content\/uploads\/2025\/03\/nestor-soto-declaro-en-el-juicio-por-catalina-soy-un-homicida-pero-quiero-defenderme-no-soy-un-femicida.png?w=768 768w\" sizes=\"(max-width: 929px) 100vw, 929px\"><\/figure>\n<p>Fuente : Telefe C\u00f3rdoba Argentina<\/p>\n<p><span id=\"wordads-inline-marker\"><\/span> <\/p>\n<div id=\"jp-post-flair\" class=\"sharedaddy sd-like-enabled sd-sharing-enabled\">\n<div class=\"sharedaddy sd-sharing-enabled\">\n<div class=\"robots-nocontent sd-block sd-social sd-social-icon-text sd-sharing\">\n<h3 class=\"sd-title\">Comparte esto:<\/h3>\n<\/div>\n<\/div>\n<div class=\"sharedaddy sd-block sd-like jetpack-likes-widget-wrapper jetpack-likes-widget-unloaded\" id=\"like-post-wrapper-143108178-12600-67d9bab1a0069\" data-src=\"\/\/widgets.wp.com\/likes\/index.html?ver=20250318#blog_id=143108178&amp;post_id=12600&amp;origin=cordobanewsnet.wordpress.com&amp;obj_id=143108178-12600-67d9bab1a0069\" data-name=\"like-post-frame-143108178-12600-67d9bab1a0069\" data-title=\"Me gusta o Compartir\">\n<p><span class=\"button\"><span>Me gusta<\/span><\/span> <span class=\"loading\">Cargando&#8230;<\/span><\/p>\n<p><span class=\"sd-text-color\"><\/span><\/div>\n<p><h3 class=\"jp-relatedposts-headline\"><em>Relacionado<\/em><\/h3>\n<\/p>\n<\/div>\n","protected":false},"excerpt":{"rendered":"<p>Finalmente&nbsp;N\u00e9stor Aguilar Soto&nbsp;dio su testimonio este martes, en el juicio por el asesinato de Catalina Guti\u00e9rrez de 21 a\u00f1os. Ante la mirada de la familia de la v\u00edctima, el imputado declar\u00f3 que no hay d\u00eda que no se arrepienta de lo que hizo. \u201cLo primero que quiero pedir es perd\u00f3n de todo coraz\u00f3n. A la [&hellip;]<\/p>\n","protected":false},"author":1,"featured_media":55035,"comment_status":"closed","ping_status":"closed","sticky":false,"template":"","format":"standard","meta":[],"categories":[14],"tags":[],"_links":{"self":[{"href":"http:\/\/nuevacordoba.net\/index.php\/wp-json\/wp\/v2\/posts\/55034"}],"collection":[{"href":"http:\/\/nuevacordoba.net\/index.php\/wp-json\/wp\/v2\/posts"}],"about":[{"href":"http:\/\/nuevacordoba.net\/index.php\/wp-json\/wp\/v2\/types\/post"}],"author":[{"embeddable":true,"href":"http:\/\/nuevacordoba.net\/index.php\/wp-json\/wp\/v2\/users\/1"}],"replies":[{"embeddable":true,"href":"http:\/\/nuevacordoba.net\/index.php\/wp-json\/wp\/v2\/comments?post=55034"}],"version-history":[{"count":0,"href":"http:\/\/nuevacordoba.net\/index.php\/wp-json\/wp\/v2\/posts\/55034\/revisions"}],"wp:featuredmedia":[{"embeddable":true,"href":"http:\/\/nuevacordoba.net\/index.php\/wp-json\/wp\/v2\/media\/55035"}],"wp:attachment":[{"href":"http:\/\/nuevacordoba.net\/index.php\/wp-json\/wp\/v2\/media?parent=55034"}],"wp:term":[{"taxonomy":"category","embeddable":true,"href":"http:\/\/nuevacordoba.net\/index.php\/wp-json\/wp\/v2\/categories?post=55034"},{"taxonomy":"post_tag","embeddable":true,"href":"http:\/\/nuevacordoba.net\/index.php\/wp-json\/wp\/v2\/tags?post=55034"}],"curies":[{"name":"wp","href":"https:\/\/api.w.org\/{rel}","templated":true}]}}