{"id":55056,"date":"2025-03-18T19:07:20","date_gmt":"2025-03-18T19:07:20","guid":{"rendered":"https:\/\/puntoapunto.com.ar\/?p=371098"},"modified":"2025-03-18T19:07:20","modified_gmt":"2025-03-18T19:07:20","slug":"llaryora-concreta-centro-a-milei-vamos-a-acompanar-el-acuerdo-con-el-fondo","status":"publish","type":"post","link":"http:\/\/nuevacordoba.net\/index.php\/2025\/03\/18\/llaryora-concreta-centro-a-milei-vamos-a-acompanar-el-acuerdo-con-el-fondo\/","title":{"rendered":"Llaryora concreta centro a Milei: \u201cvamos a acompa\u00f1ar el acuerdo con el Fondo\u201d"},"content":{"rendered":"<p>&nbsp;<!-- \u00a1O bien no hay banners, estan desactivados o no estan programados para esta ubicaci\u00f3n! -->\n<\/p>\n<p>&nbsp;\n<\/p>\n<p>El gobernador de C\u00f3rdoba, Mart\u00edn Llaryora, enfatiz\u00f3 la importancia de acompa\u00f1ar el acuerdo con el Fondo Monetario Internacional (FMI) como una herramienta para estabilizar la econom\u00eda y generar condiciones propicias para la inversi\u00f3n y el desarrollo productivo. Se refiri\u00f3 a ese tema al exponer en el panel sobre agroindustria del IEFA Latam Forum 2025, que se desarrolla en el Four Seasons de Buenos Aires.\n<\/p>\n<p>La modernizaci\u00f3n de los sistemas alimentarios, equilibrando la seguridad alimentaria y la sostenibilidad ambiental en un contexto de cambio clim\u00e1tico constante, son factores claves para un eficiente desarrollo del sector agr\u00edcola, un rubro donde Am\u00e9rica Latina es una potencia mundial.\n<\/p>\n<p>As\u00ed lo se\u00f1alaron especialistas que participaron del plenario \u201cCultivando el Futuro\u201d que se desarroll\u00f3 en el marco del 3\u00b0 Latam Forum que se realiza en el Hotel Four Season de la ciudad de Buenos Aires.<!-- \u00a1O bien no hay banners, estan desactivados o no estan programados para esta ubicaci\u00f3n! -->\n<\/p>\n<p>El panel estuvo integrado por Alejandro L\u00f3pez, director de Sostenibilidad de Adecoagro, Mariana Gallo Sacerdote, gerenta general para Argentina y Uruguay de PepsiCo, Mart\u00edn Llaryola, gobernador de C\u00f3rdoba y Manuela Tob\u00edas, redactora de la agencia de noticias Bloomberg.<\/p>\n<p>El gobernador cordob\u00e9s, Mart\u00edn Llaryora, se\u00f1al\u00f3 que \u201ces claro que estamos sufriendo por no cuidar el Medio Ambiente\u201d y aclar\u00f3 que \u201cC\u00f3rdoba es l\u00edder en materia de Econom\u00eda circular porque detectamos y comprendemos como ese fen\u00f3meno afecta la eficiencia en la producci\u00f3n de alimentos\u201d.\n<\/p>\n<p>Llaryora sostuvo que \u201ces necesario que haya trazabilidad en las huellas de carbono y en el resto de los procesos para entender que pol\u00edticas son necesarias para mitigar el cambio clim\u00e1tico, que ya no se discute\u201d.\n<\/p>\n<p>\u201cTenemos que trabajar con los productores y el sector privado en la construcci\u00f3n de canales y otras obras de infraestructura que nos peritan enfrentar tanto las inundaciones como las sequ\u00edas\u201d, remarc\u00f3 el gobernador cordob\u00e9s.\n<\/p>\n<p>El mandatario provincial puntualiz\u00f3 que \u201cel campo tiene que empezar a reconocer que sus desarrollos van a cambiar y que por ejemplo los desarrollos van a comenzar a ser circulares y no cuadrados porque el riego es por pivot\u201d.\n<\/p>\n<p>\u201cSi no accedemos a estos cambios vamos a perder mercado, porque ya se nota la necesidad de que los productos tengan una clara trazabilidad en lo que hace al cuidado del Medio Ambiente\u201d, indic\u00f3.\n<\/p>\n<p>&nbsp;\n<\/p>\n<div class=\"g g-38\">\n<div class=\"g-dyn a-12 c-1\"><a class=\"gofollow\" data-track=\"MTIsMzgsMSw2MA==\" href=\"https:\/\/hospitalprivado.com.ar\/blog\/institucional\/somos-la-primera-institucion-del-interior-del-pais-en-acreditar-joint-commission-international.html\" target=\"_blank\" rel=\"noopener\"><img src=\"http:\/\/nuevacordoba.net\/wp-content\/uploads\/2025\/03\/llaryora-concreta-centro-a-milei-vamos-a-acompanar-el-acuerdo-con-el-fondo.gif\" loading=\"lazy\"><\/a><\/div>\n<\/div>\n","protected":false},"excerpt":{"rendered":"<p>&nbsp; &nbsp; El gobernador de C\u00f3rdoba, Mart\u00edn Llaryora, enfatiz\u00f3 la importancia de acompa\u00f1ar el acuerdo con el Fondo Monetario Internacional (FMI) como una herramienta para estabilizar la econom\u00eda y generar condiciones propicias para la inversi\u00f3n y el desarrollo productivo. Se refiri\u00f3 a ese tema al exponer en el panel sobre agroindustria del IEFA Latam Forum [&hellip;]<\/p>\n","protected":false},"author":1,"featured_media":55057,"comment_status":"open","ping_status":"closed","sticky":false,"template":"","format":"standard","meta":[],"categories":[14],"tags":[],"_links":{"self":[{"href":"http:\/\/nuevacordoba.net\/index.php\/wp-json\/wp\/v2\/posts\/55056"}],"collection":[{"href":"http:\/\/nuevacordoba.net\/index.php\/wp-json\/wp\/v2\/posts"}],"about":[{"href":"http:\/\/nuevacordoba.net\/index.php\/wp-json\/wp\/v2\/types\/post"}],"author":[{"embeddable":true,"href":"http:\/\/nuevacordoba.net\/index.php\/wp-json\/wp\/v2\/users\/1"}],"replies":[{"embeddable":true,"href":"http:\/\/nuevacordoba.net\/index.php\/wp-json\/wp\/v2\/comments?post=55056"}],"version-history":[{"count":0,"href":"http:\/\/nuevacordoba.net\/index.php\/wp-json\/wp\/v2\/posts\/55056\/revisions"}],"wp:featuredmedia":[{"embeddable":true,"href":"http:\/\/nuevacordoba.net\/index.php\/wp-json\/wp\/v2\/media\/55057"}],"wp:attachment":[{"href":"http:\/\/nuevacordoba.net\/index.php\/wp-json\/wp\/v2\/media?parent=55056"}],"wp:term":[{"taxonomy":"category","embeddable":true,"href":"http:\/\/nuevacordoba.net\/index.php\/wp-json\/wp\/v2\/categories?post=55056"},{"taxonomy":"post_tag","embeddable":true,"href":"http:\/\/nuevacordoba.net\/index.php\/wp-json\/wp\/v2\/tags?post=55056"}],"curies":[{"name":"wp","href":"https:\/\/api.w.org\/{rel}","templated":true}]}}