{"id":55068,"date":"2025-03-18T23:15:28","date_gmt":"2025-03-18T23:15:28","guid":{"rendered":"https:\/\/www.ole.com.ar\/futbol-ascenso\/ascenso-tecnicos-primera-nacional_0_rOEMPkxv3f.html"},"modified":"2025-03-18T23:15:28","modified_gmt":"2025-03-18T23:15:28","slug":"la-picadora-del-nacional-todos-los-entrenadores-que-dejaron-su-cargo-en-lo-que-va-de-2025","status":"publish","type":"post","link":"http:\/\/nuevacordoba.net\/index.php\/2025\/03\/18\/la-picadora-del-nacional-todos-los-entrenadores-que-dejaron-su-cargo-en-lo-que-va-de-2025\/","title":{"rendered":"La picadora del Nacional: todos los entrenadores que dejaron su cargo en lo que va de 2025"},"content":{"rendered":"<p><time class=\"createDate\" datetime=\"2025-03-18T20:15:28-03:00\">18\/03\/2025 20:15hs.<\/time><\/p>\n<div id=\"storyBody\">\n<div class=\"custom-text \" readability=\"35.187096774194\">\n<p><strong>En el f\u00fatbol argentino resulta cada vez m\u00e1s dif\u00edcil pensar en proyectos a largo plazo. O a mediano. Los tiempos apremian cuando los resultados no acompa\u00f1an y la cuerda se corta f\u00e1cil. <\/strong>Sobre todo en el <a href=\"https:\/\/www.ole.com.ar\/tema\/ascenso.html\" title=\"Ascenso\" alt=\"Ascenso\" class=\"slug\">Ascenso<\/a>, donde las necesidades suelen ser a\u00fan mayores y cuesta encontrar clubes que sostengan procesos. <\/p>\n<\/div>\n<div class=\"custom-text \" readability=\"34.285714285714\">\n<p><strong>El fiel reflejo de esto es la cantidad de entrenadores que pasan por las divisionales m\u00e1s bajas del \u00e1mbito local por temporada. Los cambios son constantes.<\/strong> Sin ir m\u00e1s lejos, Defensores de Belgrano es el \u00fanico equipo de la <a href=\"https:\/\/www.ole.com.ar\/tema\/primera-nacional.html\" title=\"Primera Nacional\" alt=\"Primera Nacional\" class=\"slug\">Primera Nacional<\/a> que sostuvo a su director t\u00e9cnico (Carlos Mayor) desde el inicio del 2024 al presente curso.<\/p>\n<\/div>\n<div class=\"custom-text \" readability=\"38\">\n<p>Y este 2025 parecer\u00eda ir por el mismo camino que los a\u00f1os anteriores: en apenas seis fechas que lleva la Segunda Divisi\u00f3n,<strong> hay cuatro t\u00e9cnicos que no siguen al mando del conjunto con el que comenzaron el a\u00f1o: ellos son <\/strong>Rodrigo Bra\u00f1a (Nueva Chicago), Alexis Matteo (Alvarado de Mar del Plata), Cristian Tula (Talleres de Remedios de Escalada) y Mart\u00edn Rol\u00f3n (Arsenal de Sarand\u00ed).<\/p>\n<\/div>\n<p><h2><strong>Uno por uno, todos los t\u00e9cnicos que se fueron en el Nacional<\/strong><\/h2>\n<\/p>\n<div class=\"custom-text \" readability=\"32.779487179487\">\n<p><strong>Rodrigo Bra\u00f1a fue el primero en dejar su puesto en la Primera Nacional 2025. <\/strong>Tras un muy mal comienzo con <a href=\"https:\/\/www.ole.com.ar\/tema\/nueva-chicago.html\" title=\"Nueva Chicago\" alt=\"Nueva Chicago\" class=\"slug\">Chicago<\/a> (perdi\u00f3 tres y empat\u00f3 uno), present\u00f3 la renuncia al cabo de la tercera fecha.<\/p>\n<\/div>\n<div class=\"sc-e7b891c4-0 ifHnQL image-embed\"><img alt=\"Bra\u00f1a fue el primero en irse: se alej\u00f3 del Torito. Foto: Prensa Chicago.\" loading=\"lazy\" width=\"720\" height=\"100\" decoding=\"async\" data-nimg=\"1\" src=\"http:\/\/nuevacordoba.net\/wp-content\/uploads\/2025\/03\/la-picadora-del-nacional-todos-los-entrenadores-que-dejaron-su-cargo-en-lo-que-va-de-2025.jpg\"><span class=\"epigraphe\">Bra\u00f1a fue el primero en irse: se alej\u00f3 del Torito. Foto: Prensa Chicago.<\/span><\/div>\n<div class=\"custom-text \" readability=\"31.56862745098\">\n<p><strong>A tan solo cinco fechas de comenzado el certamen, Alexis Matteo fue despedido en <a href=\"https:\/\/www.ole.com.ar\/tema\/club-alvarado.html\" title=\"Club Alvarado\" alt=\"Club Alvarado\" class=\"slug\">Alvarado de Mar del Plata<\/a><\/strong>. Los n\u00fameros no lo acompa\u00f1aron en su ciclo: tres puntos sobre 15 posibles y un solo gol anotado (en la derrota por 2-1 contra Racing de C\u00f3rdoba).<\/p>\n<\/div>\n<div class=\"sc-e7b891c4-0 ifHnQL image-embed\"><img alt=\"Alexis Matteo se desvincul\u00f3 de Alvarado. Foto: Prensa Alvarado.\" loading=\"lazy\" width=\"720\" height=\"100\" decoding=\"async\" data-nimg=\"1\" src=\"http:\/\/nuevacordoba.net\/wp-content\/uploads\/2025\/03\/la-picadora-del-nacional-todos-los-entrenadores-que-dejaron-su-cargo-en-lo-que-va-de-2025-1.jpg\"><span class=\"epigraphe\">Alexis Matteo se desvincul\u00f3 de Alvarado. Foto: Prensa Alvarado.<\/span><\/div>\n<div class=\"custom-text \" readability=\"31.771276595745\">\n<p>Los \u00faltimos dos se fueron el pasado fin de semana:<strong> Mart\u00edn Rol\u00f3n present\u00f3 la renuncia en <a href=\"https:\/\/www.ole.com.ar\/tema\/arsenal-de-sarandi.html\" title=\"Arsenal de Sarand\u00ed\" alt=\"Arsenal de Sarand\u00ed\" class=\"slug\">Arsenal<\/a> tras perder en El Viaducto contra Quilmes<\/strong> (igual\u00f3 cuatro y cay\u00f3 en dos oportunidades). <\/p>\n<\/div>\n<div class=\"sc-e7b891c4-0 ifHnQL image-embed\"><img alt=\"Mart\u00edn Rol\u00f3n dej\u00f3 Arsenal tras perder con Quilmes. \" loading=\"lazy\" width=\"720\" height=\"100\" decoding=\"async\" data-nimg=\"1\" src=\"http:\/\/nuevacordoba.net\/wp-content\/uploads\/2025\/03\/la-picadora-del-nacional-todos-los-entrenadores-que-dejaron-su-cargo-en-lo-que-va-de-2025-2.jpg\"><span class=\"epigraphe\">Mart\u00edn Rol\u00f3n dej\u00f3 Arsenal tras perder con Quilmes. <\/span><\/div>\n<div class=\"custom-text \" readability=\"31.032258064516\">\n<p>Por otro lado, <strong>Cristian Tula se reuni\u00f3 con la Comisi\u00f3n Directiva y corri\u00f3 con la misma suerte en <a href=\"https:\/\/www.ole.com.ar\/tema\/talleres-re.html\" title=\"Talleres (RE)\" alt=\"Talleres (RE)\" class=\"slug\">Talleres de Remedios de Escalada,&nbsp;<\/a>luego de caer por 0-2 ante Chacarita. <\/strong>As\u00ed, acumul\u00f3 su quinta derrota en el a\u00f1o.<\/p>\n<\/div>\n<div class=\"sc-e7b891c4-0 ifHnQL image-embed\"><img alt=\"Cristian Tula fue despedido de Talleres de Escalada. Foto: Prensa Talleres RE.\" loading=\"lazy\" width=\"720\" height=\"100\" decoding=\"async\" data-nimg=\"1\" src=\"http:\/\/nuevacordoba.net\/wp-content\/uploads\/2025\/03\/la-picadora-del-nacional-todos-los-entrenadores-que-dejaron-su-cargo-en-lo-que-va-de-2025-3.jpg\"><span class=\"epigraphe\">Cristian Tula fue despedido de Talleres de Escalada. Foto: Prensa Talleres RE.<\/span><\/div>\n<div class=\"custom-text \">\n<h2><strong>Los entrenadores que llegaron <\/strong> <\/h2>\n<\/div>\n<div class=\"custom-text \" readability=\"39\">\n<p><strong>En Chicago eligieron a Walter Perazzo<\/strong>, viejo conocido de la casa, como el reemplazante del Chapu Bra\u00f1a; <strong>Alvarado decidi\u00f3 cerrar la llegada de Pablo Quatrocchi<\/strong> para suplir la salida de Alexis Matteo; y al igual que Chicago,<strong> Talleres de Remedios de Escalada tambi\u00e9n se inclin+o por el retorno de alguien de la casa como Mart\u00edn Rol\u00f3n<\/strong>, quien ya pas\u00f3 por el club. Suplantar\u00e1 a Cristian Tula.<\/p>\n<\/div>\n<div class=\"sc-a7166897-0 eoLsBE\" readability=\"6.5\">\n<section readability=\"3\"><picture><img alt=\"Josema Gim\u00e9nez antes de jugar contra Argentina: la ausencia de Messi y la &quot;broma&quot; con Juli\u00e1n Alvarez\" loading=\"lazy\" width=\"290\" height=\"290\" decoding=\"async\" data-nimg=\"1\" src=\"http:\/\/nuevacordoba.net\/wp-content\/uploads\/2025\/03\/la-picadora-del-nacional-todos-los-entrenadores-que-dejaron-su-cargo-en-lo-que-va-de-2025-4.jpg\"><\/picture>\n<p><span>Mir\u00e1 tambi\u00e9n<\/span><\/p>\n<hr>\n<h3>Josema Gim\u00e9nez antes de jugar contra Argentina: la ausencia de Messi y la \u00abbroma\u00bb con Juli\u00e1n Alvarez<\/h3>\n<\/p>\n<\/section>\n<\/div>\n<div class=\"sc-a7166897-0 eoLsBE\" readability=\"6.5\">\n<section readability=\"3\"><picture><img alt=\"La Selecci\u00f3n har\u00e1 un amistoso contra la Sub 20 a beneficio de Bah\u00eda Blanca: los detalles\" loading=\"lazy\" width=\"290\" height=\"290\" decoding=\"async\" data-nimg=\"1\" src=\"http:\/\/nuevacordoba.net\/wp-content\/uploads\/2025\/03\/la-picadora-del-nacional-todos-los-entrenadores-que-dejaron-su-cargo-en-lo-que-va-de-2025-5.jpg\"><\/picture>\n<p><span>Mir\u00e1 tambi\u00e9n<\/span><\/p>\n<hr>\n<h3>La Selecci\u00f3n har\u00e1 un amistoso contra la Sub 20 a beneficio de Bah\u00eda Blanca: los detalles<\/h3>\n<\/p>\n<\/section>\n<\/div>\n<\/div>\n","protected":false},"excerpt":{"rendered":"<p>18\/03\/2025 20:15hs. En el f\u00fatbol argentino resulta cada vez m\u00e1s dif\u00edcil pensar en proyectos a largo plazo. O a mediano. Los tiempos apremian cuando los resultados no acompa\u00f1an y la cuerda se corta f\u00e1cil. Sobre todo en el Ascenso, donde las necesidades suelen ser a\u00fan mayores y cuesta encontrar clubes que sostengan procesos. El fiel [&hellip;]<\/p>\n","protected":false},"author":1,"featured_media":55069,"comment_status":"closed","ping_status":"closed","sticky":false,"template":"","format":"standard","meta":[],"categories":[10],"tags":[],"_links":{"self":[{"href":"http:\/\/nuevacordoba.net\/index.php\/wp-json\/wp\/v2\/posts\/55068"}],"collection":[{"href":"http:\/\/nuevacordoba.net\/index.php\/wp-json\/wp\/v2\/posts"}],"about":[{"href":"http:\/\/nuevacordoba.net\/index.php\/wp-json\/wp\/v2\/types\/post"}],"author":[{"embeddable":true,"href":"http:\/\/nuevacordoba.net\/index.php\/wp-json\/wp\/v2\/users\/1"}],"replies":[{"embeddable":true,"href":"http:\/\/nuevacordoba.net\/index.php\/wp-json\/wp\/v2\/comments?post=55068"}],"version-history":[{"count":0,"href":"http:\/\/nuevacordoba.net\/index.php\/wp-json\/wp\/v2\/posts\/55068\/revisions"}],"wp:featuredmedia":[{"embeddable":true,"href":"http:\/\/nuevacordoba.net\/index.php\/wp-json\/wp\/v2\/media\/55069"}],"wp:attachment":[{"href":"http:\/\/nuevacordoba.net\/index.php\/wp-json\/wp\/v2\/media?parent=55068"}],"wp:term":[{"taxonomy":"category","embeddable":true,"href":"http:\/\/nuevacordoba.net\/index.php\/wp-json\/wp\/v2\/categories?post=55068"},{"taxonomy":"post_tag","embeddable":true,"href":"http:\/\/nuevacordoba.net\/index.php\/wp-json\/wp\/v2\/tags?post=55068"}],"curies":[{"name":"wp","href":"https:\/\/api.w.org\/{rel}","templated":true}]}}