{"id":55089,"date":"2025-03-20T10:54:57","date_gmt":"2025-03-20T10:54:57","guid":{"rendered":"https:\/\/cordobaoutdoor.com.ar\/?p=2637"},"modified":"2025-03-20T10:54:57","modified_gmt":"2025-03-20T10:54:57","slug":"la-agencia-cordoba-turismo-da-luz-al-camino-de-brochero-con-la-inauguracion-de-nuevos-faros","status":"publish","type":"post","link":"http:\/\/nuevacordoba.net\/index.php\/2025\/03\/20\/la-agencia-cordoba-turismo-da-luz-al-camino-de-brochero-con-la-inauguracion-de-nuevos-faros\/","title":{"rendered":"La Agencia C\u00f3rdoba Turismo da luz al Camino de Brochero con la inauguraci\u00f3n de nuevos faros"},"content":{"rendered":"<p data-start=\"0\" data-end=\"466\"><span>Este domingo 16 de marzo, con motivo del aniversario del nacimiento de San Jos\u00e9 Gabriel del Rosario Brochero, la Agencia C\u00f3rdoba Turismo llev\u00f3 a cabo la inauguraci\u00f3n simult\u00e1nea de 45 faros a lo largo del Camino de Brochero. Esta propuesta tiene como objetivo resaltar y valorar los lugares que conservan el legado del Santo Cura Gaucho, consolidando al circuito como uno de los destinos m\u00e1s relevantes en t\u00e9rminos tur\u00edsticos, culturales y religiosos de la provincia.<\/span><\/p>\n<p data-start=\"468\" data-end=\"764\"><span>La ceremonia principal se desarroll\u00f3 en Villa Santa Rosa, la localidad natal de Brochero, donde autoridades provinciales, representantes del sector tur\u00edstico y fieles fueron parte del acto de encendido de los faros, los cuales ahora iluminan y se\u00f1alan los puntos m\u00e1s significativos del recorrido.<\/span><\/p>\n<p data-start=\"468\" data-end=\"764\"><img loading=\"lazy\" decoding=\"async\" class=\"aligncenter size-full wp-image-2639\" src=\"http:\/\/nuevacordoba.net\/wp-content\/uploads\/2025\/03\/la-agencia-cordoba-turismo-da-luz-al-camino-de-brochero-con-la-inauguracion-de-nuevos-faros.jpg\" alt width=\"1536\" height=\"1026\" srcset=\"http:\/\/nuevacordoba.net\/wp-content\/uploads\/2025\/03\/la-agencia-cordoba-turismo-da-luz-al-camino-de-brochero-con-la-inauguracion-de-nuevos-faros.jpg 1536w, http:\/\/nuevacordoba.net\/wp-content\/uploads\/2025\/03\/la-agencia-cordoba-turismo-da-luz-al-camino-de-brochero-con-la-inauguracion-de-nuevos-faros-1.jpg 300w, http:\/\/nuevacordoba.net\/wp-content\/uploads\/2025\/03\/la-agencia-cordoba-turismo-da-luz-al-camino-de-brochero-con-la-inauguracion-de-nuevos-faros-2.jpg 1024w, http:\/\/nuevacordoba.net\/wp-content\/uploads\/2025\/03\/la-agencia-cordoba-turismo-da-luz-al-camino-de-brochero-con-la-inauguracion-de-nuevos-faros-3.jpg 768w, http:\/\/nuevacordoba.net\/wp-content\/uploads\/2025\/03\/la-agencia-cordoba-turismo-da-luz-al-camino-de-brochero-con-la-inauguracion-de-nuevos-faros-4.jpg 421w, http:\/\/nuevacordoba.net\/wp-content\/uploads\/2025\/03\/la-agencia-cordoba-turismo-da-luz-al-camino-de-brochero-con-la-inauguracion-de-nuevos-faros-5.jpg 272w\" sizes=\"(max-width: 1536px) 100vw, 1536px\"><\/p>\n<p data-start=\"766\" data-end=\"1320\"><span>Dar\u00edo Capitani, presidente de la Agencia C\u00f3rdoba Turismo, subray\u00f3 la relevancia de esta acci\u00f3n para el fortalecimiento del turismo religioso en la provincia: \u201cEl Camino de Brochero no solo nos permite conocer la historia y el legado del Santo Cura Gaucho, sino que tambi\u00e9n se ha transformado en uno de los destinos tur\u00edsticos m\u00e1s destacados de C\u00f3rdoba y de Argentina. Con la instalaci\u00f3n de estos faros, reafirmamos nuestro compromiso de seguir impulsando y promoviendo este circuito, que cada a\u00f1o recibe a miles de peregrinos y turistas de todo el pa\u00eds.\u201d<\/span><\/p>\n<p data-start=\"1322\" data-end=\"1529\" data-is-last-node data-is-only-node><span>La inauguraci\u00f3n de los faros da un nuevo impulso al turismo de fe en C\u00f3rdoba, consolidando al Camino de Brochero como un punto de encuentro espiritual, hist\u00f3rico y cultural, que va m\u00e1s all\u00e1 de las fronteras.<\/span><\/p>\n","protected":false},"excerpt":{"rendered":"<p>Este domingo 16 de marzo, con motivo del aniversario del nacimiento de San Jos\u00e9 Gabriel del Rosario Brochero, la Agencia C\u00f3rdoba Turismo llev\u00f3 a cabo la inauguraci\u00f3n simult\u00e1nea de 45 faros a lo largo del Camino de Brochero. Esta propuesta tiene como objetivo resaltar y valorar los lugares que conservan el legado del Santo Cura [&hellip;]<\/p>\n","protected":false},"author":1,"featured_media":55090,"comment_status":"closed","ping_status":"closed","sticky":false,"template":"","format":"standard","meta":[],"categories":[11],"tags":[],"_links":{"self":[{"href":"http:\/\/nuevacordoba.net\/index.php\/wp-json\/wp\/v2\/posts\/55089"}],"collection":[{"href":"http:\/\/nuevacordoba.net\/index.php\/wp-json\/wp\/v2\/posts"}],"about":[{"href":"http:\/\/nuevacordoba.net\/index.php\/wp-json\/wp\/v2\/types\/post"}],"author":[{"embeddable":true,"href":"http:\/\/nuevacordoba.net\/index.php\/wp-json\/wp\/v2\/users\/1"}],"replies":[{"embeddable":true,"href":"http:\/\/nuevacordoba.net\/index.php\/wp-json\/wp\/v2\/comments?post=55089"}],"version-history":[{"count":0,"href":"http:\/\/nuevacordoba.net\/index.php\/wp-json\/wp\/v2\/posts\/55089\/revisions"}],"wp:featuredmedia":[{"embeddable":true,"href":"http:\/\/nuevacordoba.net\/index.php\/wp-json\/wp\/v2\/media\/55090"}],"wp:attachment":[{"href":"http:\/\/nuevacordoba.net\/index.php\/wp-json\/wp\/v2\/media?parent=55089"}],"wp:term":[{"taxonomy":"category","embeddable":true,"href":"http:\/\/nuevacordoba.net\/index.php\/wp-json\/wp\/v2\/categories?post=55089"},{"taxonomy":"post_tag","embeddable":true,"href":"http:\/\/nuevacordoba.net\/index.php\/wp-json\/wp\/v2\/tags?post=55089"}],"curies":[{"name":"wp","href":"https:\/\/api.w.org\/{rel}","templated":true}]}}