{"id":55093,"date":"2025-03-20T14:48:39","date_gmt":"2025-03-20T14:48:39","guid":{"rendered":"http:\/\/cordobanewsnet.wordpress.com\/?p=12605"},"modified":"2025-03-20T14:48:39","modified_gmt":"2025-03-20T14:48:39","slug":"la-interseccion-de-colon-y-avellaneda-tendra-un-rediseno-para-reducir-siniestros-viales","status":"publish","type":"post","link":"http:\/\/nuevacordoba.net\/index.php\/2025\/03\/20\/la-interseccion-de-colon-y-avellaneda-tendra-un-rediseno-para-reducir-siniestros-viales\/","title":{"rendered":"La intersecci\u00f3n de Col\u00f3n y Avellaneda tendr\u00e1 un redise\u00f1o para reducir siniestros viales"},"content":{"rendered":"<p>La Municipalidad de C\u00f3rdoba implementa una intervenci\u00f3n de urbanismo t\u00e1ctico en la intersecci\u00f3n de Avenida Col\u00f3n y Nicol\u00e1s Avellaneda para mejorar la seguridad vial.<\/p>\n<p>Con el objetivo de&nbsp;<strong>disminuir los siniestros viales<\/strong>&nbsp;y brindar mayor seguridad a peatones y a quienes circulen en medios alternativos de transporte, se ejecuta una&nbsp;<strong>intervenci\u00f3n de urbanismo t\u00e1ctico en la intersecci\u00f3n de Avenida Col\u00f3n y la calle Nicol\u00e1s Avellaneda.<\/strong><\/p>\n<p>La acci\u00f3n es llevada a cabo por la M.C trav\u00e9s de la Subsecretar\u00eda de Movilidad y Tr\u00e1nsito, en conjunto con la Iniciativa Bloomberg para la Seguridad Vial Global (BIGRS) y la Iniciativa Global de Dise\u00f1o de Ciudades (GDCI).<\/p>\n<p>Seg\u00fan la informaci\u00f3n del Anuario de Siniestralidad Vial 2022, la zona pertenece a uno de los cuatro corredores con mayor cantidad de siniestros viales graves y fatales en la ciudad. En el per\u00edodo de 2019 \u2013 2022, el 34% de los decesos por siniestros viales de la ciudad se registraron en corredores como Av. Col\u00f3n.<\/p>\n<p>El redise\u00f1o de las calles incluye la&nbsp;<strong>ampliaci\u00f3n de veredas, la colocaci\u00f3n de bolardos y se destinar\u00e1 un espacio espec\u00edfico para el ascenso y descenso de pasajeros del transporte p\u00fablico<\/strong>, como as\u00ed tambi\u00e9n para la carga y descarga y estacionamiento de motos para comerciantes. Adem\u00e1s, en calle Nicol\u00e1s Avellaneda, entre Av. Col\u00f3n y 9 de Julio, se readecuar\u00e1 el estacionamiento y los conductores deber\u00e1n ubicar sus veh\u00edculos en paralelo al cord\u00f3n (y no a 45 grados como se hac\u00eda hasta el momento).<\/p>\n<p>Con esta intervenci\u00f3n&nbsp;<strong>se reducir\u00e1n las velocidades de giro de los veh\u00edculos<\/strong>, acortar\u00e1n las distancias de cruces para peatones y la zona se convertir\u00e1 en un entorno m\u00e1s seguro para todos los usuarios, particularmente para quienes circulan a pie y en bicicleta.<\/p>\n<p>Cabe destacar que la ejecuci\u00f3n del proyecto se realizar\u00e1 a partir de este mi\u00e9rcoles a la noche, sin interrupciones del tr\u00e1nsito.<\/p>\n<p>Previamente a la iniciativa, se llev\u00f3 a cabo un an\u00e1lisis, el cual sugiri\u00f3 que la detenci\u00f3n de colectivos y el descenso de pasajeros, las distancias de cruce en las esquinas, junto a las velocidades de circulaci\u00f3n inadecuadas, presentan un riesgo para el gran volumen de usuarios vulnerables que transitan esa zona diariamente.<\/p>\n<p>La&nbsp;<strong>prueba piloto<\/strong>&nbsp;realizada mostr\u00f3 resultados positivos: el 75% de los veh\u00edculos redujo su velocidad de giro a una velocidad segura, y un 72% de los peatones cruzaron correctamente por la senda peatonal.<\/p>\n<p>Con las intervenciones de urbanismo y de seguridad vial se busca ordenar el tr\u00e1nsito y generar condiciones de transitabilidad del espacio p\u00fablico m\u00e1s agradables, lo que contribuye a la reducci\u00f3n de lesiones y muertes por siniestros de tr\u00e1nsito.<\/p>\n<blockquote class=\"wp-block-quote is-layout-flow wp-block-quote-is-layout-flow\" readability=\"8\">\n<p>Si esta noticia te interes\u00f3, pod\u00e9s registrarte a nuestro newsletter gratuito y recibir en tu correo los temas que m\u00e1s te importan. Es f\u00e1cil y r\u00e1pido, hacelo aqu\u00ed:&nbsp;<\/p>\n<\/blockquote>\n<figure class=\"wp-block-image size-large\"><img loading=\"lazy\" data-attachment-id=\"12606\" data-permalink=\"https:\/\/cordobanewsnet.wordpress.com\/2025\/03\/20\/la-interseccion-de-colon-y-avellaneda-tendra-un-rediseno-para-reducir-siniestros-viales\/image-650\/\" data-orig-file=\"http:\/\/nuevacordoba.net\/wp-content\/uploads\/2025\/03\/la-interseccion-de-colon-y-avellaneda-tendra-un-rediseno-para-reducir-siniestros-viales.png\" data-orig-size=\"800,400\" data-comments-opened=\"1\" data-image-meta=\"{&quot;aperture&quot;:&quot;0&quot;,&quot;credit&quot;:&quot;&quot;,&quot;camera&quot;:&quot;&quot;,&quot;caption&quot;:&quot;&quot;,&quot;created_timestamp&quot;:&quot;0&quot;,&quot;copyright&quot;:&quot;&quot;,&quot;focal_length&quot;:&quot;0&quot;,&quot;iso&quot;:&quot;0&quot;,&quot;shutter_speed&quot;:&quot;0&quot;,&quot;title&quot;:&quot;&quot;,&quot;orientation&quot;:&quot;0&quot;}\" data-image-title=\"image\" data-image-description data-image-caption data-medium-file=\"http:\/\/nuevacordoba.net\/wp-content\/uploads\/2025\/03\/la-interseccion-de-colon-y-avellaneda-tendra-un-rediseno-para-reducir-siniestros-viales.png?w=300\" data-large-file=\"http:\/\/nuevacordoba.net\/wp-content\/uploads\/2025\/03\/la-interseccion-de-colon-y-avellaneda-tendra-un-rediseno-para-reducir-siniestros-viales.png?w=736\" width=\"800\" height=\"400\" src=\"http:\/\/nuevacordoba.net\/wp-content\/uploads\/2025\/03\/la-interseccion-de-colon-y-avellaneda-tendra-un-rediseno-para-reducir-siniestros-viales.png\" alt class=\"wp-image-12606\" srcset=\"http:\/\/nuevacordoba.net\/wp-content\/uploads\/2025\/03\/la-interseccion-de-colon-y-avellaneda-tendra-un-rediseno-para-reducir-siniestros-viales.png 800w, http:\/\/nuevacordoba.net\/wp-content\/uploads\/2025\/03\/la-interseccion-de-colon-y-avellaneda-tendra-un-rediseno-para-reducir-siniestros-viales.png?w=150 150w, http:\/\/nuevacordoba.net\/wp-content\/uploads\/2025\/03\/la-interseccion-de-colon-y-avellaneda-tendra-un-rediseno-para-reducir-siniestros-viales.png?w=300 300w, http:\/\/nuevacordoba.net\/wp-content\/uploads\/2025\/03\/la-interseccion-de-colon-y-avellaneda-tendra-un-rediseno-para-reducir-siniestros-viales.png?w=768 768w\" sizes=\"(max-width: 800px) 100vw, 800px\"><\/figure>\n<p>Fuente : Hoy D\u00eda C\u00f3rdoba Argentina<\/p>\n<p><span id=\"wordads-inline-marker\"><\/span> <\/p>\n<div id=\"jp-post-flair\" class=\"sharedaddy sd-like-enabled sd-sharing-enabled\">\n<div class=\"sharedaddy sd-sharing-enabled\">\n<div class=\"robots-nocontent sd-block sd-social sd-social-icon-text sd-sharing\">\n<h3 class=\"sd-title\">Comparte esto:<\/h3>\n<\/div>\n<\/div>\n<div class=\"sharedaddy sd-block sd-like jetpack-likes-widget-wrapper jetpack-likes-widget-unloaded\" id=\"like-post-wrapper-143108178-12605-67dc72bf6b01a\" data-src=\"\/\/widgets.wp.com\/likes\/index.html?ver=20250320#blog_id=143108178&amp;post_id=12605&amp;origin=cordobanewsnet.wordpress.com&amp;obj_id=143108178-12605-67dc72bf6b01a\" data-name=\"like-post-frame-143108178-12605-67dc72bf6b01a\" data-title=\"Me gusta o Compartir\">\n<p><span class=\"button\"><span>Me gusta<\/span><\/span> <span class=\"loading\">Cargando&#8230;<\/span><\/p>\n<p><span class=\"sd-text-color\"><\/span><\/div>\n<p><h3 class=\"jp-relatedposts-headline\"><em>Relacionado<\/em><\/h3>\n<\/p>\n<\/div>\n","protected":false},"excerpt":{"rendered":"<p>La Municipalidad de C\u00f3rdoba implementa una intervenci\u00f3n de urbanismo t\u00e1ctico en la intersecci\u00f3n de Avenida Col\u00f3n y Nicol\u00e1s Avellaneda para mejorar la seguridad vial. Con el objetivo de&nbsp;disminuir los siniestros viales&nbsp;y brindar mayor seguridad a peatones y a quienes circulen en medios alternativos de transporte, se ejecuta una&nbsp;intervenci\u00f3n de urbanismo t\u00e1ctico en la intersecci\u00f3n de [&hellip;]<\/p>\n","protected":false},"author":1,"featured_media":55094,"comment_status":"closed","ping_status":"closed","sticky":false,"template":"","format":"standard","meta":[],"categories":[14],"tags":[],"_links":{"self":[{"href":"http:\/\/nuevacordoba.net\/index.php\/wp-json\/wp\/v2\/posts\/55093"}],"collection":[{"href":"http:\/\/nuevacordoba.net\/index.php\/wp-json\/wp\/v2\/posts"}],"about":[{"href":"http:\/\/nuevacordoba.net\/index.php\/wp-json\/wp\/v2\/types\/post"}],"author":[{"embeddable":true,"href":"http:\/\/nuevacordoba.net\/index.php\/wp-json\/wp\/v2\/users\/1"}],"replies":[{"embeddable":true,"href":"http:\/\/nuevacordoba.net\/index.php\/wp-json\/wp\/v2\/comments?post=55093"}],"version-history":[{"count":0,"href":"http:\/\/nuevacordoba.net\/index.php\/wp-json\/wp\/v2\/posts\/55093\/revisions"}],"wp:featuredmedia":[{"embeddable":true,"href":"http:\/\/nuevacordoba.net\/index.php\/wp-json\/wp\/v2\/media\/55094"}],"wp:attachment":[{"href":"http:\/\/nuevacordoba.net\/index.php\/wp-json\/wp\/v2\/media?parent=55093"}],"wp:term":[{"taxonomy":"category","embeddable":true,"href":"http:\/\/nuevacordoba.net\/index.php\/wp-json\/wp\/v2\/categories?post=55093"},{"taxonomy":"post_tag","embeddable":true,"href":"http:\/\/nuevacordoba.net\/index.php\/wp-json\/wp\/v2\/tags?post=55093"}],"curies":[{"name":"wp","href":"https:\/\/api.w.org\/{rel}","templated":true}]}}