{"id":55122,"date":"2025-03-19T22:13:48","date_gmt":"2025-03-19T22:13:48","guid":{"rendered":"https:\/\/www.ole.com.ar\/futbol-ascenso\/ascenso-primera-nacional-colon-tomas-gimenez-gimnasia-mendoza_0_wqIytFGF77.html"},"modified":"2025-03-19T22:13:48","modified_gmt":"2025-03-19T22:13:48","slug":"la-cifra-millonaria-que-debera-pagar-colon-para-contar-con-un-jugador-ante-gimnasia-m","status":"publish","type":"post","link":"http:\/\/nuevacordoba.net\/index.php\/2025\/03\/19\/la-cifra-millonaria-que-debera-pagar-colon-para-contar-con-un-jugador-ante-gimnasia-m\/","title":{"rendered":"La cifra millonaria que deber\u00e1 pagar Col\u00f3n para contar con un jugador ante Gimnasia (M)"},"content":{"rendered":"<p><time class=\"createDate\" datetime=\"2025-03-19T19:13:48-03:00\">19\/03\/2025 19:13hs.<\/time><\/p>\n<div id=\"storyBody\">\n<div class=\"custom-text \" readability=\"36.642857142857\">\n<p>El triunfo del fin de semana pasado ante Central Norte de Salta en condici\u00f3n de local trajo tranquilidad y calm\u00f3 las aguas en Santa Fe.<strong> <\/strong>Claro, es que <strong><a href=\"https:\/\/www.ole.com.ar\/tema\/colon.html\" title=\"Col\u00f3n\" alt=\"Col\u00f3n\" class=\"slug\">Col\u00f3n<\/a> jug\u00f3 bien, volvi\u00f3 al triunfo, dej\u00f3 atr\u00e1s el duro golpe sufrido en Casanova contra Almirante Brown, alcanz\u00f3 las 13 unidades y qued\u00f3 a un solo punto de los l\u00edderes <\/strong>de la Zona B de la <a href=\"https:\/\/www.ole.com.ar\/tema\/primera-nacional.html\" title=\"Primera Nacional\" alt=\"Primera Nacional\" class=\"slug\">Primera Nacional<\/a>. <\/p>\n<\/div>\n<div class=\"custom-text \" readability=\"35.544217687075\">\n<p>Sin embargo, <strong>en el Sabalero son conscientes de que hay que cambiar el chip y pensar en el duelo del pr\u00f3ximo domingo contra<a href=\"https:\/\/www.ole.com.ar\/tema\/gimnasia-de-mendoza.html\" title=\"Gimnasia de Mendoza\" alt=\"Gimnasia de Mendoza\" class=\"slug\"> Gimnasia de Mendoza<\/a>,<\/strong> puntero con 14 conquistas, como visitante en el V\u00edctor Antonio Legrotaglie. S\u00ed, porque est\u00e1 en juego la cima del grupo y ser\u00e1 un encuentro clave. <\/p>\n<\/div>\n<div class=\"custom-text \" readability=\"36\">\n<p>Y justamente de cara a este match es que el Pata Pereyra recibi\u00f3 novedades poco amistosas: <strong>Tom\u00e1s Gim\u00e9nez, arquero que reemplaz\u00f3 al lesionado Marcos D\u00edaz en el triunfo frente al Cuervo, no podr\u00e1 estar frente al Lobo por una cuesti\u00f3n contractual. <\/strong><\/p>\n<\/div>\n<p><h2><strong>El motivo por el qu\u00e9 Tom\u00e1s Gim\u00e9nez es baja en Col\u00f3n<\/strong><\/h2>\n<\/p>\n<div class=\"custom-text \" readability=\"35\">\n<p>El portero de 25 a\u00f1os est\u00e1 cedido en el conjunto rojinegro y su pase pertenece a los mendocinos. Cuando se renov\u00f3 el pr\u00e9stamo, la instituci\u00f3n due\u00f1a de su ficha<strong> estableci\u00f3 que Col\u00f3n deber\u00eda pagar una importante cantidad de dinero (30.000 d\u00f3lares) para que Gim\u00e9nez pueda enfrentar al Lobo. <\/strong><\/p>\n<\/div>\n<div class=\"custom-text \" readability=\"36\">\n<p>Justamente sobre este tema V\u00edctor Godano, el mandam\u00e1s del equipo santafesino, se expres\u00f3 de forma contundente en di\u00e1logo con Sol Play: <strong>\u00abCol\u00f3n no est\u00e1 en condiciones de pagar la cl\u00e1usula para que Tom\u00e1s Gim\u00e9nez juegue el domingo\u00bb.<\/strong><\/p>\n<\/div>\n<div class=\"sc-e7b891c4-0 ifHnQL image-embed\"><img alt=\"Col\u00f3n no pagar\u00e1 la cl\u00e1usula y Gim\u00e9nez es baja (Prensa Col\u00f3n)\" loading=\"lazy\" width=\"720\" height=\"100\" decoding=\"async\" data-nimg=\"1\" src=\"http:\/\/nuevacordoba.net\/wp-content\/uploads\/2025\/03\/la-cifra-millonaria-que-debera-pagar-colon-para-contar-con-un-jugador-ante-gimnasia-m.jpg\"><span class=\"epigraphe\">Col\u00f3n no pagar\u00e1 la cl\u00e1usula y Gim\u00e9nez es baja (Prensa Col\u00f3n)<\/span><\/div>\n<p><h2><strong>\u00bfQui\u00e9n ataja contra Gimnasia de Mendoza?<\/strong><\/h2>\n<\/p>\n<div class=\"custom-text \" readability=\"36.729805013928\">\n<p>Ante la ausencia de Tom\u00e1s Gim\u00e9nez, <strong>la gran inc\u00f3gnita pasa por qui\u00e9n se pondr\u00e1 el buzo del Sabalero en Mendoza.<\/strong> Claro, es que tampoco est\u00e1 confirmada la presencia de <a href=\"https:\/\/www.ole.com.ar\/tema\/marcos-diaz.html\" title=\"Marcos D\u00edaz\" alt=\"Marcos D\u00edaz\" class=\"slug\">Marcos D\u00edaz<\/a>, quien continua con la recuperaci\u00f3n de la lesi\u00f3n intercostal (traumatismo) sufrida hace un poco m\u00e1s de una semana y lo margin\u00f3 del choque correspondiente a la sexta fecha.<\/p>\n<\/div>\n<div class=\"custom-text \" readability=\"36\">\n<p>En definitiva, las alternativas que maneja el Cuerpo T\u00e9cnico aparecen <strong>el propio Marcos D\u00edaz (respondi\u00f3 favorablemente a las exigencias pero a\u00fan est\u00e1 en duda) y Tom\u00e1s Paredes<\/strong>, quien viene de ocupar un lugar en el banco de suplentes. <\/p>\n<\/div>\n<div class=\"sc-e7b891c4-0 ifHnQL image-embed\"><img alt=\"Pereyra evalua el regreso de Marcos D\u00edaz a la titularidad (Prensa Col\u00f3n)\" loading=\"lazy\" width=\"720\" height=\"100\" decoding=\"async\" data-nimg=\"1\" src=\"http:\/\/nuevacordoba.net\/wp-content\/uploads\/2025\/03\/la-cifra-millonaria-que-debera-pagar-colon-para-contar-con-un-jugador-ante-gimnasia-m-1.jpg\"><span class=\"epigraphe\">Pereyra evalua el regreso de Marcos D\u00edaz a la titularidad (Prensa Col\u00f3n)<\/span><\/div>\n<div class=\"custom-text \" readability=\"36\">\n<p>Respecto a su situaci\u00f3n, el ex arquero de Boca y Hurac\u00e1n dijo: \u00abLa lesi\u00f3n fue por una mala ca\u00edda. Ya estuve haciendo algunos movimientos. Ahora estoy bien y mejorando, solo siento una peque\u00f1a molestia y eso es bueno<strong>. Yo quiero estar pero la decisi\u00f3n final es del entrenador y se respeta\u00bb.<\/strong><\/p>\n<\/div>\n<div class=\"sc-a7166897-0 eoLsBE\" readability=\"6\">\n<section readability=\"2\"><picture><img alt=\"Hist\u00f3rico: Deportivo Armenio elimin\u00f3 a Talleres de la Copa Argentina por penales\" loading=\"lazy\" width=\"290\" height=\"290\" decoding=\"async\" data-nimg=\"1\" src=\"http:\/\/nuevacordoba.net\/wp-content\/uploads\/2025\/03\/la-cifra-millonaria-que-debera-pagar-colon-para-contar-con-un-jugador-ante-gimnasia-m-2.jpg\"><\/picture>\n<p><span>Mir\u00e1 tambi\u00e9n<\/span><\/p>\n<hr>\n<h3>Hist\u00f3rico: Deportivo Armenio elimin\u00f3 a Talleres de la Copa Argentina por penales<\/h3>\n<\/p>\n<\/section>\n<\/div>\n<div class=\"sc-a7166897-0 eoLsBE\" readability=\"6\">\n<section readability=\"2\"><picture><img alt=\"Acassuso perdi\u00f3 con Brown de Adrogu\u00e9 y sigue sin poder festejar en La Quema\" loading=\"lazy\" width=\"290\" height=\"290\" decoding=\"async\" data-nimg=\"1\" src=\"http:\/\/nuevacordoba.net\/wp-content\/uploads\/2025\/03\/la-cifra-millonaria-que-debera-pagar-colon-para-contar-con-un-jugador-ante-gimnasia-m-3.jpg\"><\/picture>\n<p><span>Mir\u00e1 tambi\u00e9n<\/span><\/p>\n<hr>\n<h3>Acassuso perdi\u00f3 con Brown de Adrogu\u00e9 y sigue sin poder festejar en La Quema<\/h3>\n<\/p>\n<\/section>\n<\/div>\n<\/div>\n","protected":false},"excerpt":{"rendered":"<p>19\/03\/2025 19:13hs. El triunfo del fin de semana pasado ante Central Norte de Salta en condici\u00f3n de local trajo tranquilidad y calm\u00f3 las aguas en Santa Fe. Claro, es que Col\u00f3n jug\u00f3 bien, volvi\u00f3 al triunfo, dej\u00f3 atr\u00e1s el duro golpe sufrido en Casanova contra Almirante Brown, alcanz\u00f3 las 13 unidades y qued\u00f3 a un [&hellip;]<\/p>\n","protected":false},"author":1,"featured_media":55123,"comment_status":"closed","ping_status":"closed","sticky":false,"template":"","format":"standard","meta":[],"categories":[10],"tags":[],"_links":{"self":[{"href":"http:\/\/nuevacordoba.net\/index.php\/wp-json\/wp\/v2\/posts\/55122"}],"collection":[{"href":"http:\/\/nuevacordoba.net\/index.php\/wp-json\/wp\/v2\/posts"}],"about":[{"href":"http:\/\/nuevacordoba.net\/index.php\/wp-json\/wp\/v2\/types\/post"}],"author":[{"embeddable":true,"href":"http:\/\/nuevacordoba.net\/index.php\/wp-json\/wp\/v2\/users\/1"}],"replies":[{"embeddable":true,"href":"http:\/\/nuevacordoba.net\/index.php\/wp-json\/wp\/v2\/comments?post=55122"}],"version-history":[{"count":0,"href":"http:\/\/nuevacordoba.net\/index.php\/wp-json\/wp\/v2\/posts\/55122\/revisions"}],"wp:featuredmedia":[{"embeddable":true,"href":"http:\/\/nuevacordoba.net\/index.php\/wp-json\/wp\/v2\/media\/55123"}],"wp:attachment":[{"href":"http:\/\/nuevacordoba.net\/index.php\/wp-json\/wp\/v2\/media?parent=55122"}],"wp:term":[{"taxonomy":"category","embeddable":true,"href":"http:\/\/nuevacordoba.net\/index.php\/wp-json\/wp\/v2\/categories?post=55122"},{"taxonomy":"post_tag","embeddable":true,"href":"http:\/\/nuevacordoba.net\/index.php\/wp-json\/wp\/v2\/tags?post=55122"}],"curies":[{"name":"wp","href":"https:\/\/api.w.org\/{rel}","templated":true}]}}