{"id":55156,"date":"2025-03-21T13:36:22","date_gmt":"2025-03-21T13:36:22","guid":{"rendered":"http:\/\/cordobanewsnet.wordpress.com\/?p=12615"},"modified":"2025-03-21T13:36:22","modified_gmt":"2025-03-21T13:36:22","slug":"granizo-y-lluvias-en-fotos-y-videos-la-tormenta-en-cordoba-las-imagenes-del-temporal","status":"publish","type":"post","link":"http:\/\/nuevacordoba.net\/index.php\/2025\/03\/21\/granizo-y-lluvias-en-fotos-y-videos-la-tormenta-en-cordoba-las-imagenes-del-temporal\/","title":{"rendered":"Granizo y lluvias.\u00a0En fotos y videos, la tormenta en C\u00f3rdoba: las im\u00e1genes del temporal"},"content":{"rendered":"<p>El paso de la celda por el sur y centro de la provincia dej\u00f3, como es costumbre, distintas postales. Mir\u00e1 la secuencia.<\/p>\n<p>Lo advirti\u00f3 el Servicio Meteorol\u00f3gico Nacional (SMN). La Polic\u00eda Caminera advirti\u00f3 sobre lluvias persistentes en rutas de C\u00f3rdoba y pide circular con precauci\u00f3n.<\/p>\n<p>En&nbsp;, el oto\u00f1o comenz\u00f3 con lluvias este viernes. El Servicio Meteorol\u00f3gico Nacional (SMN) anunci\u00f3 una probabilidad de precipitaciones para s\u00e1bado, domingo, lunes y martes.<\/p>\n<p>La&nbsp;&nbsp;advirti\u00f3 sobre lluvias persistentes en rutas de la provincia y pide circular con precauci\u00f3n.<\/p>\n<p>El mal tiempo se extiende al cierre de la semana, con condiciones adversas en distintas zonas del pa\u00eds.<\/p>\n<p>El SMN renov\u00f3 un alerta por tormentas fuertes, con posible granizo y r\u00e1fagas de m\u00e1s de 70 km\/h.&nbsp;El alerta amarilla afecta a Buenos Aires, La Pampa, Santa Fe, Chaco, Formosa, Santiago del Estero, Tucum\u00e1n, Salta y Jujuy.<\/p>\n<p>Seg\u00fan el SMN, habr\u00e1 tormentas aisladas, algunas intensas, con r\u00e1fagas, granizo, actividad el\u00e9ctrica y abundante agua en cortos per\u00edodos.<\/p>\n<p>Se esperan entre 20 y 50 mm de precipitaci\u00f3n acumulada, pudiendo superarse en algunos puntos.&nbsp;<\/p>\n<figure class=\"wp-block-image size-large\"><img loading=\"lazy\" data-attachment-id=\"12616\" data-permalink=\"https:\/\/cordobanewsnet.wordpress.com\/2025\/03\/21\/granizo-y-lluvias-en-fotos-y-videos-la-tormenta-en-cordoba-las-imagenes-del-temporal\/image-652\/\" data-orig-file=\"http:\/\/nuevacordoba.net\/wp-content\/uploads\/2025\/03\/granizo-y-lluvias-en-fotos-y-videos-la-tormenta-en-cordoba-las-imagenes-del-temporal.png\" data-orig-size=\"980,551\" data-comments-opened=\"1\" data-image-meta=\"{&quot;aperture&quot;:&quot;0&quot;,&quot;credit&quot;:&quot;&quot;,&quot;camera&quot;:&quot;&quot;,&quot;caption&quot;:&quot;&quot;,&quot;created_timestamp&quot;:&quot;0&quot;,&quot;copyright&quot;:&quot;&quot;,&quot;focal_length&quot;:&quot;0&quot;,&quot;iso&quot;:&quot;0&quot;,&quot;shutter_speed&quot;:&quot;0&quot;,&quot;title&quot;:&quot;&quot;,&quot;orientation&quot;:&quot;0&quot;}\" data-image-title=\"image\" data-image-description data-image-caption data-medium-file=\"http:\/\/nuevacordoba.net\/wp-content\/uploads\/2025\/03\/granizo-y-lluvias-en-fotos-y-videos-la-tormenta-en-cordoba-las-imagenes-del-temporal.png?w=300\" data-large-file=\"http:\/\/nuevacordoba.net\/wp-content\/uploads\/2025\/03\/granizo-y-lluvias-en-fotos-y-videos-la-tormenta-en-cordoba-las-imagenes-del-temporal.png?w=736\" width=\"980\" height=\"551\" src=\"http:\/\/nuevacordoba.net\/wp-content\/uploads\/2025\/03\/granizo-y-lluvias-en-fotos-y-videos-la-tormenta-en-cordoba-las-imagenes-del-temporal.png\" alt class=\"wp-image-12616\" srcset=\"http:\/\/nuevacordoba.net\/wp-content\/uploads\/2025\/03\/granizo-y-lluvias-en-fotos-y-videos-la-tormenta-en-cordoba-las-imagenes-del-temporal.png 980w, http:\/\/nuevacordoba.net\/wp-content\/uploads\/2025\/03\/granizo-y-lluvias-en-fotos-y-videos-la-tormenta-en-cordoba-las-imagenes-del-temporal.png?w=150 150w, http:\/\/nuevacordoba.net\/wp-content\/uploads\/2025\/03\/granizo-y-lluvias-en-fotos-y-videos-la-tormenta-en-cordoba-las-imagenes-del-temporal.png?w=300 300w, http:\/\/nuevacordoba.net\/wp-content\/uploads\/2025\/03\/granizo-y-lluvias-en-fotos-y-videos-la-tormenta-en-cordoba-las-imagenes-del-temporal.png?w=768 768w\" sizes=\"(max-width: 980px) 100vw, 980px\"><\/figure>\n<p>Fuente : Cadena 3 C\u00f3rdoba Argentina <\/p>\n<p><span id=\"wordads-inline-marker\"><\/span><\/p>\n<div id=\"jp-post-flair\" class=\"sharedaddy sd-like-enabled sd-sharing-enabled\">\n<div class=\"sharedaddy sd-sharing-enabled\">\n<div class=\"robots-nocontent sd-block sd-social sd-social-icon-text sd-sharing\">\n<h3 class=\"sd-title\">Comparte esto:<\/h3>\n<\/div>\n<\/div>\n<div class=\"sharedaddy sd-block sd-like jetpack-likes-widget-wrapper jetpack-likes-widget-unloaded\" id=\"like-post-wrapper-143108178-12615-67de408371b4f\" data-src=\"\/\/widgets.wp.com\/likes\/index.html?ver=20250322#blog_id=143108178&amp;post_id=12615&amp;origin=cordobanewsnet.wordpress.com&amp;obj_id=143108178-12615-67de408371b4f\" data-name=\"like-post-frame-143108178-12615-67de408371b4f\" data-title=\"Me gusta o Compartir\">\n<p><span class=\"button\"><span>Me gusta<\/span><\/span> <span class=\"loading\">Cargando&#8230;<\/span><\/p>\n<p><span class=\"sd-text-color\"><\/span><\/div>\n<p><h3 class=\"jp-relatedposts-headline\"><em>Relacionado<\/em><\/h3>\n<\/p>\n<\/div>\n","protected":false},"excerpt":{"rendered":"<p>El paso de la celda por el sur y centro de la provincia dej\u00f3, como es costumbre, distintas postales. Mir\u00e1 la secuencia. Lo advirti\u00f3 el Servicio Meteorol\u00f3gico Nacional (SMN). La Polic\u00eda Caminera advirti\u00f3 sobre lluvias persistentes en rutas de C\u00f3rdoba y pide circular con precauci\u00f3n. En&nbsp;, el oto\u00f1o comenz\u00f3 con lluvias este viernes. El Servicio [&hellip;]<\/p>\n","protected":false},"author":1,"featured_media":55157,"comment_status":"closed","ping_status":"closed","sticky":false,"template":"","format":"standard","meta":[],"categories":[14],"tags":[],"_links":{"self":[{"href":"http:\/\/nuevacordoba.net\/index.php\/wp-json\/wp\/v2\/posts\/55156"}],"collection":[{"href":"http:\/\/nuevacordoba.net\/index.php\/wp-json\/wp\/v2\/posts"}],"about":[{"href":"http:\/\/nuevacordoba.net\/index.php\/wp-json\/wp\/v2\/types\/post"}],"author":[{"embeddable":true,"href":"http:\/\/nuevacordoba.net\/index.php\/wp-json\/wp\/v2\/users\/1"}],"replies":[{"embeddable":true,"href":"http:\/\/nuevacordoba.net\/index.php\/wp-json\/wp\/v2\/comments?post=55156"}],"version-history":[{"count":0,"href":"http:\/\/nuevacordoba.net\/index.php\/wp-json\/wp\/v2\/posts\/55156\/revisions"}],"wp:featuredmedia":[{"embeddable":true,"href":"http:\/\/nuevacordoba.net\/index.php\/wp-json\/wp\/v2\/media\/55157"}],"wp:attachment":[{"href":"http:\/\/nuevacordoba.net\/index.php\/wp-json\/wp\/v2\/media?parent=55156"}],"wp:term":[{"taxonomy":"category","embeddable":true,"href":"http:\/\/nuevacordoba.net\/index.php\/wp-json\/wp\/v2\/categories?post=55156"},{"taxonomy":"post_tag","embeddable":true,"href":"http:\/\/nuevacordoba.net\/index.php\/wp-json\/wp\/v2\/tags?post=55156"}],"curies":[{"name":"wp","href":"https:\/\/api.w.org\/{rel}","templated":true}]}}