{"id":56021,"date":"2025-04-14T11:45:14","date_gmt":"2025-04-14T11:45:14","guid":{"rendered":"https:\/\/cordobaoutdoor.com.ar\/?p=2679"},"modified":"2025-04-14T11:45:14","modified_gmt":"2025-04-14T11:45:14","slug":"doble-click-reflexiones-y-dasafios-del-e-commerce-en-cordoba","status":"publish","type":"post","link":"http:\/\/nuevacordoba.net\/index.php\/2025\/04\/14\/doble-click-reflexiones-y-dasafios-del-e-commerce-en-cordoba\/","title":{"rendered":"Doble Click: Reflexiones y dasaf\u00edos del e-Commerce en C\u00f3rdoba"},"content":{"rendered":"<p><span><b>Doble Click<\/b><span> documenta c\u00f3mo nuestra provincia se convirti\u00f3 en un referente del comercio electr\u00f3nico en Argentina entre 2019 y 2023. La obra detalla estrategias de digitalizaci\u00f3n para pymes locales impulsadas por programas estatales como <\/span><b>Ofert\u00f3n<\/b><span> y <\/span><b>Hecho en C\u00f3rdoba<\/b><span>, destacando la colaboraci\u00f3n entre el sector p\u00fablico y privado.&nbsp;<\/span><\/span><\/p>\n<p><span><span>Con un an\u00e1lisis profundo del impacto de la pandemia y un marco te\u00f3rico basado en autores como Mariana Mazzucato \u2013<\/span><span>Directora fundadora del Instituto de Innovaci\u00f3n y Prop\u00f3sito P\u00fablico de la University College de Londres-<\/span><span>, el libro propone al comercio electr\u00f3nico como un motor de inclusi\u00f3n econ\u00f3mica y competitividad.&nbsp;<\/span><\/span><\/p>\n<p><span><span>Con una visi\u00f3n innovadora, el libro de <\/span><b>Florencia Margar\u00eda<\/b> <span>combina su experiencia en la gesti\u00f3n p\u00fablica y privada con una clara vocaci\u00f3n por impulsar la digitalizaci\u00f3n, el crecimiento econ\u00f3mico y la equidad en el desarrollo de las pymes; a partir de su desempe\u00f1o como Directora de E-Commerce en el <\/span><b>Ministerio de Industria, Comercio y Miner\u00eda de C\u00f3rdoba<\/b><span>, y de ser parte de la segunda generaci\u00f3n que lidera la empresa familiar <\/span><b>C\u00f3rdoba Resistencias El\u00e9ctricas<\/b><span>.&nbsp;<\/span><\/span><\/p>\n<p><span><span>Su mirada sobre la importancia de una visi\u00f3n de g\u00e9nero en el fomento del comercio electr\u00f3nico tambi\u00e9n la ha llevado a liderar <\/span><b>Mujeres Creando Futuro<\/b><span>, un espacio independiente con m\u00e1s de 400 emprendedoras <\/span><span>que promueve <\/span><span>herramientas estrat\u00e9gicas para impulsar la autonom\u00eda econ\u00f3mica de las mujeres y reducir las brechas estructurales de g\u00e9nero en el mundo emprendedor.&nbsp;<\/span><\/span><\/p>\n<p><span><span>Tal como se demuestra en <\/span><b>Doble Click<\/b><span> y en experiencias como <\/span><b>Mujeres Creando Futuro<\/b><span>, <\/span><i><span>\u201ccuando existen pol\u00edticas p\u00fablicas y programas con enfoque de g\u00e9nero que acompa\u00f1an con formaci\u00f3n, visibilidad, financiamiento y acceso a plataformas, los negocios liderados por mujeres logran expandirse, profesionalizarse y construir redes de comercializaci\u00f3n m\u00e1s estables\u201d.&nbsp;<\/span><\/i><\/span><\/p>\n<p><span><i><span>\u201cA futuro, los gobiernos&nbsp; deben continuar invirtiendo en infraestructuras digitales, fomentando la alfabetizaci\u00f3n digital y creando incentivos fiscales para las pymes que adopten el comercio electr\u00f3nico como parte central de su estrategia comercial. La creaci\u00f3n de marcos regulatorios que favorezcan la innovaci\u00f3n tambi\u00e9n ser\u00e1 clave para garantizar que las empresas puedan seguir&nbsp; creciendo y adapt\u00e1ndose\u201d<\/span><\/i><span>, reflexiona la autora.<\/span><\/span><\/p>\n<p><img loading=\"lazy\" decoding=\"async\" class=\"aligncenter size-full wp-image-2680\" src=\"http:\/\/nuevacordoba.net\/wp-content\/uploads\/2025\/04\/doble-click-reflexiones-y-dasafios-del-e-commerce-en-cordoba.jpg\" alt width=\"1064\" height=\"1600\" srcset=\"http:\/\/nuevacordoba.net\/wp-content\/uploads\/2025\/04\/doble-click-reflexiones-y-dasafios-del-e-commerce-en-cordoba.jpg 1064w, http:\/\/nuevacordoba.net\/wp-content\/uploads\/2025\/04\/doble-click-reflexiones-y-dasafios-del-e-commerce-en-cordoba-2.jpg 200w, http:\/\/nuevacordoba.net\/wp-content\/uploads\/2025\/04\/doble-click-reflexiones-y-dasafios-del-e-commerce-en-cordoba-3.jpg 681w, http:\/\/nuevacordoba.net\/wp-content\/uploads\/2025\/04\/doble-click-reflexiones-y-dasafios-del-e-commerce-en-cordoba-4.jpg 768w, http:\/\/nuevacordoba.net\/wp-content\/uploads\/2025\/04\/doble-click-reflexiones-y-dasafios-del-e-commerce-en-cordoba-5.jpg 1021w\" sizes=\"(max-width: 1064px) 100vw, 1064px\"><\/p>\n<p><span>El lanzamiento es el lunes 7 de abril a las 10 hs, en el Multiespacio Cultural del Banco de C\u00f3rdoba (Entre R\u00edos 119). La presentaci\u00f3n estar\u00e1 a cargo de Mili Felizzia \u2013periodista y conductora-, quien llevar\u00e1 adelante un ping-pong de preguntas y respuestas para intercambiar ideas y reflexiones.<\/span><\/p>\n<p><span><b>Para participar, es necesario inscribirse en el siguiente enlace:&nbsp;<\/b><a href=\"https:\/\/forms.gle\/CNVst7hChgQ6s2aX8\"><b>https:\/\/forms.gle\/CNVst7hChgQ6s2aX8<\/b><\/a><\/span><\/p>\n<p><span><b>Los interesados en adquirir el libro pueden hacerlo en <\/b><a href=\"https:\/\/dobleclicklibro.mitiendanube.com\/\"><b>https:\/\/dobleclicklibro.mitiendanube.com\/<\/b><\/a><\/span><\/p>\n<p><span><b>OPORTUNIDAD EN LA CRISIS<\/b><\/span><\/p>\n<p><span>Cuando comenz\u00f3 la pandemia de COVID-19, el mundo entero cambi\u00f3 de la noche a la ma\u00f1ana. El comercio f\u00edsico se&nbsp; detuvo y las empresas de todo el mundo, incluidas las pymes cordobesas, se vieron enfrentadas a la incertidumbre.&nbsp;<\/span><\/p>\n<p><span><i><span>\u201cFue entonces cuando comprend\u00ed que el comercio electr\u00f3nico no era solo una alternativa temporal, sino una herramienta poderosa para la transformaci\u00f3n estructural de nuestra econom\u00eda. La gesti\u00f3n del comercio electr\u00f3nico se convirti\u00f3 en mi misi\u00f3n personal, no solo como empresaria, sino como alguien que pod\u00eda influir en la pol\u00edtica p\u00fablica para que m\u00e1s personas tuvieran acceso a este nuevo mundo digital\u201d.<\/span><\/i><span>&nbsp;<\/span><\/span><\/p>\n<p><span><span>As\u00ed surgieron iniciativas como <\/span><b>Ofert\u00f3n<\/b><span> y <\/span><b>Hecho en C\u00f3rdoba<\/b><span>, que buscaban no solo levantar el consumo en momentos cr\u00edticos, sino tambi\u00e9n crear un mercado digital local donde las pymes pudieran florecer: <\/span><i><span>\u201cEstas iniciativas fueron mucho m\u00e1s que simples respuestas a una crisis, representaron el compromiso de ver el comercio digital como un camino hacia la inclusi\u00f3n y la equidad\u201d.<\/span><\/i><\/span><\/p>\n<p><span><span>En 2020 el gobierno de la provincia lanz\u00f3 la iniciativa <\/span><b>Ofert\u00f3n<\/b><span> con el objetivo de fortalecer el comercio local mediante un evento digital que ofreciera descuentos significativos y que permitiera a las pymes aprender y experimentar con el comercio electr\u00f3nico en un entorno controlado.<\/span><\/span><\/p>\n<p><span><span>Una de las iniciativas m\u00e1s destacadas del programa fue la creaci\u00f3n de la Tienda Oficial <\/span><b>Hecho en C\u00f3rdoba<\/b><span> en Mercado Libre, que permiti\u00f3 que cientos de pymes cordobesas el acceso a una plataforma digital profesional con altos niveles de tr\u00e1fico y un p\u00fablico objetivo ya consolidado.<\/span><\/span><\/p>\n<p><span><i><span>\u201cEl \u00e9xito de Ofert\u00f3n radic\u00f3 en su capacidad para conectar a actores p\u00fablicos y privado, articular la oferta y la demanda a trav\u00e9s de una plataforma digital, que no solo promovi\u00f3 la inclusi\u00f3n digital y la modernizaci\u00f3n empresarial, sino que tambi\u00e9n cre\u00f3 un mercado capaz de dinamizar sectores estrat\u00e9gicos\u201d.<\/span><\/i><\/span><\/p>\n<p><img loading=\"lazy\" decoding=\"async\" class=\"aligncenter size-full wp-image-2681\" src=\"http:\/\/nuevacordoba.net\/wp-content\/uploads\/2025\/04\/doble-click-reflexiones-y-dasafios-del-e-commerce-en-cordoba-1.jpg\" alt width=\"991\" height=\"1489\" srcset=\"http:\/\/nuevacordoba.net\/wp-content\/uploads\/2025\/04\/doble-click-reflexiones-y-dasafios-del-e-commerce-en-cordoba-1.jpg 991w, http:\/\/nuevacordoba.net\/wp-content\/uploads\/2025\/04\/doble-click-reflexiones-y-dasafios-del-e-commerce-en-cordoba-6.jpg 200w, http:\/\/nuevacordoba.net\/wp-content\/uploads\/2025\/04\/doble-click-reflexiones-y-dasafios-del-e-commerce-en-cordoba-7.jpg 682w, http:\/\/nuevacordoba.net\/wp-content\/uploads\/2025\/04\/doble-click-reflexiones-y-dasafios-del-e-commerce-en-cordoba-8.jpg 768w\" sizes=\"auto, (max-width: 991px) 100vw, 991px\"><\/p>\n<p><span><b>EL FUTURO A CONSTRUIR<\/b><\/span><\/p>\n<p><span>Uno de los principales desaf\u00edos que C\u00f3rdoba debe abordar con urgencia es el desarrollo de un sistema log\u00edstico pensado espec\u00edficamente para el e-Commerce de peque\u00f1a y mediana escala.&nbsp;<\/span><\/p>\n<p><span><i><span>\u201cEl Estado provincial tiene la oportunidad \u2014y la responsabilidad\u2014 de impulsar un estudio en profundidad que permita relevar las necesidades reales de las PyMEs, comercios y emprendimientos digitales, para as\u00ed generar herramientas y pol\u00edticas que favorezcan una log\u00edstica m\u00e1s eficiente, asequible y adaptada a las nuevas din\u00e1micas del consumo digital\u201d.<\/span><\/i><\/span><\/p>\n<p><span>En t\u00e9rminos de escalabilidad industrial, el comercio electr\u00f3nico debe comenzar a pensarse como un eje estructural del modelo productivo provincial.&nbsp;<\/span><\/p>\n<p><span><i><span>\u201cC\u00f3rdoba cuenta con industrias tradicionales con alt\u00edsima capacidad de adaptaci\u00f3n que, acompa\u00f1adas por pol\u00edticas p\u00fablicas espec\u00edficas \u2014como capacitaciones, incentivos a la inversi\u00f3n tecnol\u00f3gica y acceso a plataformas de comercializaci\u00f3n\u2014, pueden incorporar el e-Commerce como un motor de diversificaci\u00f3n y expansi\u00f3n\u201d.<\/span><\/i><span>&nbsp;<\/span><\/span><\/p>\n<p><span>El marco impositivo vigente es otro de los grandes obst\u00e1culos para el crecimiento del comercio electr\u00f3nico en C\u00f3rdoba y en el pa\u00eds. Las asimetr\u00edas entre jurisdicciones, la superposici\u00f3n de tributos y la falta de criterios claros para la fiscalizaci\u00f3n generan incertidumbre y desincentivan la formalizaci\u00f3n de muchos emprendimientos y PyMEs.&nbsp;<\/span><\/p>\n<p><span><i><span>\u201cLa articulaci\u00f3n con organismos nacionales, AFIP y Rentas provinciales, as\u00ed como con plataformas y c\u00e1maras del sector, ser\u00e1 clave para dise\u00f1ar un esquema tributario que promueva el desarrollo sin perder eficiencia fiscal\u201d.<\/span><\/i><\/span><\/p>\n<p><span>El comercio electr\u00f3nico representa una herramienta clave para potenciar emprendimientos en formaci\u00f3n y democratizar el acceso al mercado.<\/span><\/p>\n<p><span><i><span>\u201cEl e-Commerce puede ser un gran igualador, pero solo si hay una visi\u00f3n pol\u00edtica que acompa\u00f1e su desarrollo desde la inclusi\u00f3n y la sostenibilidad\u201d.<\/span><\/i><\/span><\/p>\n","protected":false},"excerpt":{"rendered":"<p>Doble Click documenta c\u00f3mo nuestra provincia se convirti\u00f3 en un referente del comercio electr\u00f3nico en Argentina entre 2019 y 2023. La obra detalla estrategias de digitalizaci\u00f3n para pymes locales impulsadas por programas estatales como Ofert\u00f3n y Hecho en C\u00f3rdoba, destacando la colaboraci\u00f3n entre el sector p\u00fablico y privado.&nbsp; Con un an\u00e1lisis profundo del impacto de [&hellip;]<\/p>\n","protected":false},"author":1,"featured_media":56022,"comment_status":"closed","ping_status":"closed","sticky":false,"template":"","format":"standard","meta":[],"categories":[11],"tags":[],"_links":{"self":[{"href":"http:\/\/nuevacordoba.net\/index.php\/wp-json\/wp\/v2\/posts\/56021"}],"collection":[{"href":"http:\/\/nuevacordoba.net\/index.php\/wp-json\/wp\/v2\/posts"}],"about":[{"href":"http:\/\/nuevacordoba.net\/index.php\/wp-json\/wp\/v2\/types\/post"}],"author":[{"embeddable":true,"href":"http:\/\/nuevacordoba.net\/index.php\/wp-json\/wp\/v2\/users\/1"}],"replies":[{"embeddable":true,"href":"http:\/\/nuevacordoba.net\/index.php\/wp-json\/wp\/v2\/comments?post=56021"}],"version-history":[{"count":0,"href":"http:\/\/nuevacordoba.net\/index.php\/wp-json\/wp\/v2\/posts\/56021\/revisions"}],"wp:featuredmedia":[{"embeddable":true,"href":"http:\/\/nuevacordoba.net\/index.php\/wp-json\/wp\/v2\/media\/56022"}],"wp:attachment":[{"href":"http:\/\/nuevacordoba.net\/index.php\/wp-json\/wp\/v2\/media?parent=56021"}],"wp:term":[{"taxonomy":"category","embeddable":true,"href":"http:\/\/nuevacordoba.net\/index.php\/wp-json\/wp\/v2\/categories?post=56021"},{"taxonomy":"post_tag","embeddable":true,"href":"http:\/\/nuevacordoba.net\/index.php\/wp-json\/wp\/v2\/tags?post=56021"}],"curies":[{"name":"wp","href":"https:\/\/api.w.org\/{rel}","templated":true}]}}